{"id":87,"date":"2014-01-27T18:03:00","date_gmt":"2014-01-27T18:03:00","guid":{"rendered":"http:\/\/www.sedalinne.com\/blog\/?p=87"},"modified":"2018-10-11T07:45:44","modified_gmt":"2018-10-11T07:45:44","slug":"la-almohada-perfecta-para-un-descanso-ideal","status":"publish","type":"post","link":"https:\/\/www.sedalinne.com\/blog\/la-almohada-perfecta-para-un-descanso-ideal\/","title":{"rendered":"La ALMOHADA perfecta para un DESCANSO ideal."},"content":{"rendered":"\n\n<div class=\"kk-star-ratings kksr-auto kksr-align-left kksr-valign-top\"\n    data-payload='{&quot;align&quot;:&quot;left&quot;,&quot;id&quot;:&quot;87&quot;,&quot;slug&quot;:&quot;default&quot;,&quot;valign&quot;:&quot;top&quot;,&quot;ignore&quot;:&quot;&quot;,&quot;reference&quot;:&quot;auto&quot;,&quot;class&quot;:&quot;&quot;,&quot;count&quot;:&quot;0&quot;,&quot;legendonly&quot;:&quot;&quot;,&quot;readonly&quot;:&quot;&quot;,&quot;score&quot;:&quot;0&quot;,&quot;starsonly&quot;:&quot;&quot;,&quot;best&quot;:&quot;5&quot;,&quot;gap&quot;:&quot;5&quot;,&quot;greet&quot;:&quot;Rate this post&quot;,&quot;legend&quot;:&quot;0\\\/5 - (0 votos)&quot;,&quot;size&quot;:&quot;24&quot;,&quot;width&quot;:&quot;0&quot;,&quot;_legend&quot;:&quot;{score}\\\/{best} - ({count} {votes})&quot;,&quot;font_factor&quot;:&quot;1.25&quot;}'>\n            \n<div class=\"kksr-stars\">\n    \n<div class=\"kksr-stars-inactive\">\n            <div class=\"kksr-star\" data-star=\"1\" style=\"padding-right: 5px\">\n            \n\n<div class=\"kksr-icon\" style=\"width: 24px; height: 24px;\"><\/div>\n        <\/div>\n            <div class=\"kksr-star\" data-star=\"2\" style=\"padding-right: 5px\">\n            \n\n<div class=\"kksr-icon\" style=\"width: 24px; height: 24px;\"><\/div>\n        <\/div>\n            <div class=\"kksr-star\" data-star=\"3\" style=\"padding-right: 5px\">\n            \n\n<div class=\"kksr-icon\" style=\"width: 24px; height: 24px;\"><\/div>\n        <\/div>\n            <div class=\"kksr-star\" data-star=\"4\" style=\"padding-right: 5px\">\n            \n\n<div class=\"kksr-icon\" style=\"width: 24px; height: 24px;\"><\/div>\n        <\/div>\n            <div class=\"kksr-star\" data-star=\"5\" style=\"padding-right: 5px\">\n            \n\n<div class=\"kksr-icon\" style=\"width: 24px; height: 24px;\"><\/div>\n        <\/div>\n    <\/div>\n    \n<div class=\"kksr-stars-active\" style=\"width: 0px;\">\n            <div class=\"kksr-star\" style=\"padding-right: 5px\">\n            \n\n<div class=\"kksr-icon\" style=\"width: 24px; height: 24px;\"><\/div>\n        <\/div>\n            <div class=\"kksr-star\" style=\"padding-right: 5px\">\n            \n\n<div class=\"kksr-icon\" style=\"width: 24px; height: 24px;\"><\/div>\n        <\/div>\n            <div class=\"kksr-star\" style=\"padding-right: 5px\">\n            \n\n<div class=\"kksr-icon\" style=\"width: 24px; height: 24px;\"><\/div>\n        <\/div>\n            <div class=\"kksr-star\" style=\"padding-right: 5px\">\n            \n\n<div class=\"kksr-icon\" style=\"width: 24px; height: 24px;\"><\/div>\n        <\/div>\n            <div class=\"kksr-star\" style=\"padding-right: 5px\">\n            \n\n<div class=\"kksr-icon\" style=\"width: 24px; height: 24px;\"><\/div>\n        <\/div>\n    <\/div>\n<\/div>\n                \n\n<div class=\"kksr-legend\" style=\"font-size: 19.2px;\">\n            <span class=\"kksr-muted\">Rate this post<\/span>\n    <\/div>\n    <\/div>\n<div style=\"text-align: justify\"><span style=\"font-size: large\">El campo de las <a href=\"http:\/\/www.sedalinne.com\/?a=es\/ropa-de-cama\/almohadas\/ALMOH\">almohadas <\/a>es tan extenso como tipos de personas y formas de dormin hayan. Elegir una <i>almohada<\/i> correcta es fundamental para nuestras cervicales al igual que el colch\u00f3n lo es para la columna.<\/span><\/div>\n<div style=\"text-align: justify\"><span style=\"font-size: large\"><br \/><\/span><\/div>\n<div style=\"text-align: justify\"><span style=\"font-size: large\">Principalmente, agrupamos las <\/span><i style=\"font-size: x-large\"><b>almohadas<\/b><\/i><span style=\"font-size: large\"> por <\/span><b><span style=\"font-size: x-large\">tipos de firmeza<\/span><\/b><span style=\"font-size: large\">, siendo:&nbsp;<\/span><\/div>\n<div style=\"text-align: justify\"><span style=\"font-size: large\"><br \/><\/span><\/div>\n<div style=\"text-align: left\"><span style=\"font-size: large\">1. <b>Almohadas de firmeza baja<\/b>.<\/span><\/div>\n<div style=\"text-align: left\"><span style=\"font-size: large\">2. <b>Almohadas de firmeza media<\/b>.<\/span><\/div>\n<div style=\"text-align: left\"><span style=\"font-size: large\">3. <b>Almohadas de firmaza alta<\/b>.<\/span><\/div>\n<div style=\"text-align: justify\"><span style=\"font-size: large\"><br \/><\/span><\/div>\n<div style=\"text-align: justify\"><span style=\"font-size: large\">las cuales podemos relacionar con los siguientes <\/span><span style=\"font-size: x-large\"><b>tipos de materiales<\/b><\/span><span style=\"font-size: large\">:<\/span><\/div>\n<div style=\"text-align: justify\"><span style=\"font-size: large\"><br \/><\/span><\/div>\n<div style=\"text-align: justify\"><span style=\"font-size: large\">1. <b><a href=\"http:\/\/www.sedalinne.com\/?a=es\/cama\/almohadas\/F1A01\">Almohadas de fibra blanda<\/a> <\/b>&nbsp;y plum\u00f3n (firmeza baja)<\/span><\/div>\n<div style=\"text-align: justify\"><span style=\"font-size: large\">2. <a href=\"http:\/\/www.sedalinne.com\/?a=es\/cama\/almohadas\/F1A01\">A<b>lmohadas de fibra media<\/b> <\/a>y las <b><a href=\"http:\/\/www.sedalinne.com\/?a=es\/ropa-de-cama\/almohadas\/almohadas-viscoelasticas\/F1A02\">viscoel\u00e1stica<\/a><\/b>.<\/span><\/div>\n<div style=\"text-align: justify\"><span style=\"font-size: large\">3. <b><a href=\"http:\/\/www.sedalinne.com\/?a=es\/cama\/almohadas\/F1A01\">Almohadas de fibra dura <\/a><\/b>y las de <b><a href=\"http:\/\/www.sedalinne.com\/?a=es\/ropa-de-cama\/almohadas\/almohadas-latex\/F1A03\">l\u00e1tex<\/a><\/b>.<\/span><\/div>\n<div style=\"text-align: justify\"><span style=\"font-size: large\"><br \/><\/span><\/div>\n<div style=\"text-align: justify\"><span style=\"font-size: large\"><b><br \/><\/b><\/span><span style=\"font-size: large\"><b>\u00bfCu\u00e1l debemos elegir a la hora de seleccionar la correcta en la compra?<\/b><\/span><\/div>\n<div style=\"text-align: justify\"><\/div>\n<div style=\"text-align: justify\"><span style=\"font-size: large\">En t\u00e9rminos generales, seg\u00fan la posici\u00f3n en que dormimos elegiremos:<\/span><\/div>\n<div style=\"text-align: justify\"><span style=\"font-size: large\"><br \/><\/span><\/div>\n<p><\/p>\n<div style=\"text-align: justify\"><span style=\"font-size: large\">1. Si <b>dormimos boca abajo<\/b>; elegimos una de fimeza blanda (almohadas de plumas o fibra blanda)<\/span><\/div>\n<div style=\"text-align: justify\"><span style=\"font-size: large\">2. Si la posici\u00f3n del descanso es<b> boca arriba<\/b>: la opci\u00f3n id\u00f3nea es una viscoel\u00e1stica o una de fibra media)<\/span><\/div>\n<div style=\"text-align: justify\"><span style=\"font-size: large\">3. Si <b>dormimos de lado<\/b>; la almohada correcta debe ser de l\u00e1tex o de fibra dura)<\/span><\/div>\n<div style=\"text-align: justify\"><span style=\"font-size: large\"><br \/><\/span><\/div>\n<div style=\"text-align: justify\"><span style=\"font-size: large\">Otro punto que debemos valorar es si somos al\u00e9rgicos, para elegir una con <b>tratamiento antibacterias<\/b>. Las de l\u00e1tex tienen esta propiedad y adem\u00e1s son duraderas de por vida.<\/span><\/div>\n<div style=\"text-align: justify\"><span style=\"font-size: large\">Existen <b><a href=\"http:\/\/www.sedalinne.com\/?a=es\/cama\/fundas-almohada\/F1F01\">fundas de almohadas<\/a><\/b>, que nos ayudan a proteger la almohada y conseguir mejor higiene, gracias a su f\u00e1cil lavado.<\/span><\/div>\n<div style=\"text-align: justify\"><span style=\"font-size: large\"><br \/><\/span><\/div>\n<div style=\"clear: both;text-align: center\"><a href=\"http:\/\/www.sedalinne.com\/?a=es\/ropa-de-cama\/almohadas\/ALMOH\"><img loading=\"lazy\" decoding=\"async\" alt=\"la mejor almohada\" border=\"0\" src=\"http:\/\/www.sedalinne.com\/blog\/wp-content\/uploads\/2014\/01\/ME06-0030-300x216.jpg\" height=\"287\" width=\"400\" \/><\/a><\/div>\n<div style=\"text-align: justify\"><span style=\"font-size: large\"><b><br \/><\/b><\/span><\/div>\n<div style=\"text-align: justify\"><span style=\"font-size: large\"><b>Consejo:<\/b><\/span><\/div>\n<div style=\"text-align: justify\"><span style=\"font-size: large\">Si dormimos acompa\u00f1ados, debido a que somos diferentes, lo suyo es que cada uno disponga de la almohada correcta, para que el descanso nocturno sea lo suficientemente eficaz.<\/span><\/div>\n<div style=\"text-align: justify\"><span style=\"font-size: large\"><br \/><\/span><\/div>\n<p><!--more--><\/p>\n","protected":false},"excerpt":{"rendered":"<p>El campo de las almohadas es tan extenso como tipos de personas y formas de dormin hayan. Elegir una almohada correcta es fundamental para nuestras cervicales al igual que el colch\u00f3n lo es para la columna. Principalmente, agrupamos las almohadas por tipos de firmeza, siendo:&nbsp; 1. Almohadas de firmeza baja. 2. Almohadas de firmeza media. &hellip; <a href=\"https:\/\/www.sedalinne.com\/blog\/la-almohada-perfecta-para-un-descanso-ideal\/\" class=\"more-link\">Contin\u00faa leyendo <span class=\"screen-reader-text\">La ALMOHADA perfecta para un DESCANSO ideal.<\/span><\/a><\/p>\n","protected":false},"author":2,"featured_media":1128,"comment_status":"open","ping_status":"open","sticky":false,"template":"","format":"standard","meta":{"_mi_skip_tracking":false,"_jetpack_memberships_contains_paid_content":false,"footnotes":""},"categories":[5,2,6],"tags":[],"aioseo_notices":[],"jetpack_sharing_enabled":true,"jetpack_featured_media_url":"https:\/\/www.sedalinne.com\/blog\/wp-content\/uploads\/2014\/01\/ME06-0030.jpg","_links":{"self":[{"href":"https:\/\/www.sedalinne.com\/blog\/wp-json\/wp\/v2\/posts\/87"}],"collection":[{"href":"https:\/\/www.sedalinne.com\/blog\/wp-json\/wp\/v2\/posts"}],"about":[{"href":"https:\/\/www.sedalinne.com\/blog\/wp-json\/wp\/v2\/types\/post"}],"author":[{"embeddable":true,"href":"https:\/\/www.sedalinne.com\/blog\/wp-json\/wp\/v2\/users\/2"}],"replies":[{"embeddable":true,"href":"https:\/\/www.sedalinne.com\/blog\/wp-json\/wp\/v2\/comments?post=87"}],"version-history":[{"count":1,"href":"https:\/\/www.sedalinne.com\/blog\/wp-json\/wp\/v2\/posts\/87\/revisions"}],"predecessor-version":[{"id":4247,"href":"https:\/\/www.sedalinne.com\/blog\/wp-json\/wp\/v2\/posts\/87\/revisions\/4247"}],"wp:featuredmedia":[{"embeddable":true,"href":"https:\/\/www.sedalinne.com\/blog\/wp-json\/wp\/v2\/media\/1128"}],"wp:attachment":[{"href":"https:\/\/www.sedalinne.com\/blog\/wp-json\/wp\/v2\/media?parent=87"}],"wp:term":[{"taxonomy":"category","embeddable":true,"href":"https:\/\/www.sedalinne.com\/blog\/wp-json\/wp\/v2\/categories?post=87"},{"taxonomy":"post_tag","embeddable":true,"href":"https:\/\/www.sedalinne.com\/blog\/wp-json\/wp\/v2\/tags?post=87"}],"curies":[{"name":"wp","href":"https:\/\/api.w.org\/{rel}","templated":true}]}}