{"id":86,"date":"2014-01-29T16:37:00","date_gmt":"2014-01-29T16:37:00","guid":{"rendered":"http:\/\/www.sedalinne.com\/blog\/?p=86"},"modified":"2018-10-11T07:45:44","modified_gmt":"2018-10-11T07:45:44","slug":"diferencia-entre-duvet-y-edredon","status":"publish","type":"post","link":"https:\/\/www.sedalinne.com\/blog\/diferencia-entre-duvet-y-edredon\/","title":{"rendered":"DIFERENCIA entre  DUVET y  EDRED\u00d3N."},"content":{"rendered":"\n\n<div class=\"kk-star-ratings kksr-auto kksr-align-left kksr-valign-top\"\n    data-payload='{&quot;align&quot;:&quot;left&quot;,&quot;id&quot;:&quot;86&quot;,&quot;slug&quot;:&quot;default&quot;,&quot;valign&quot;:&quot;top&quot;,&quot;ignore&quot;:&quot;&quot;,&quot;reference&quot;:&quot;auto&quot;,&quot;class&quot;:&quot;&quot;,&quot;count&quot;:&quot;1&quot;,&quot;legendonly&quot;:&quot;&quot;,&quot;readonly&quot;:&quot;&quot;,&quot;score&quot;:&quot;5&quot;,&quot;starsonly&quot;:&quot;&quot;,&quot;best&quot;:&quot;5&quot;,&quot;gap&quot;:&quot;5&quot;,&quot;greet&quot;:&quot;Rate this post&quot;,&quot;legend&quot;:&quot;5\\\/5 - (1 voto)&quot;,&quot;size&quot;:&quot;24&quot;,&quot;width&quot;:&quot;142.5&quot;,&quot;_legend&quot;:&quot;{score}\\\/{best} - ({count} {votes})&quot;,&quot;font_factor&quot;:&quot;1.25&quot;}'>\n            \n<div class=\"kksr-stars\">\n    \n<div class=\"kksr-stars-inactive\">\n            <div class=\"kksr-star\" data-star=\"1\" style=\"padding-right: 5px\">\n            \n\n<div class=\"kksr-icon\" style=\"width: 24px; height: 24px;\"><\/div>\n        <\/div>\n            <div class=\"kksr-star\" data-star=\"2\" style=\"padding-right: 5px\">\n            \n\n<div class=\"kksr-icon\" style=\"width: 24px; height: 24px;\"><\/div>\n        <\/div>\n            <div class=\"kksr-star\" data-star=\"3\" style=\"padding-right: 5px\">\n            \n\n<div class=\"kksr-icon\" style=\"width: 24px; height: 24px;\"><\/div>\n        <\/div>\n            <div class=\"kksr-star\" data-star=\"4\" style=\"padding-right: 5px\">\n            \n\n<div class=\"kksr-icon\" style=\"width: 24px; height: 24px;\"><\/div>\n        <\/div>\n            <div class=\"kksr-star\" data-star=\"5\" style=\"padding-right: 5px\">\n            \n\n<div class=\"kksr-icon\" style=\"width: 24px; height: 24px;\"><\/div>\n        <\/div>\n    <\/div>\n    \n<div class=\"kksr-stars-active\" style=\"width: 142.5px;\">\n            <div class=\"kksr-star\" style=\"padding-right: 5px\">\n            \n\n<div class=\"kksr-icon\" style=\"width: 24px; height: 24px;\"><\/div>\n        <\/div>\n            <div class=\"kksr-star\" style=\"padding-right: 5px\">\n            \n\n<div class=\"kksr-icon\" style=\"width: 24px; height: 24px;\"><\/div>\n        <\/div>\n            <div class=\"kksr-star\" style=\"padding-right: 5px\">\n            \n\n<div class=\"kksr-icon\" style=\"width: 24px; height: 24px;\"><\/div>\n        <\/div>\n            <div class=\"kksr-star\" style=\"padding-right: 5px\">\n            \n\n<div class=\"kksr-icon\" style=\"width: 24px; height: 24px;\"><\/div>\n        <\/div>\n            <div class=\"kksr-star\" style=\"padding-right: 5px\">\n            \n\n<div class=\"kksr-icon\" style=\"width: 24px; height: 24px;\"><\/div>\n        <\/div>\n    <\/div>\n<\/div>\n                \n\n<div class=\"kksr-legend\" style=\"font-size: 19.2px;\">\n            5\/5 - (1 voto)    <\/div>\n    <\/div>\n<div style=\"text-align: justify\"><span style=\"font-size: large\">La designaci\u00f3n &nbsp;\u00ab<a href=\"http:\/\/www.sedalinne.com\/?a=es\/cama\/edredones\/F1C09\">EDRED\u00d3N<\/a>\u00ab, &nbsp;es una palabra espa\u00f1ola de la que todos conocemos su significado. Un <a href=\"http:\/\/www.sedalinne.com\/?a=es\/cama\/edredones\/F1C09\">edred\u00f3n <\/a>es un <i>cobertor<\/i> relleno de plumas, fibras, lana.. Es decir, es como una <a href=\"http:\/\/www.sedalinne.com\/?a=es\/cama\/colchas\/COLCH\">colcha<\/a> que sirve para <i>decorar<\/i> la <a href=\"http:\/\/www.sedalinne.com\/?a=es\/cama\/F1\">cama<\/a> pero que a su vez nos aporta abrigo en las noches fr\u00edas de invierno. El edred\u00f3n, a su vez tiene una serie de variantes que seg\u00fan su relleno denominamos:<\/span><\/div>\n<div style=\"text-align: justify\"><span style=\"font-size: large\"><br \/><\/span><\/div>\n<div style=\"text-align: justify\"><\/div>\n<div style=\"text-align: center\"><span style=\"font-size: large\"><a href=\"http:\/\/www.sedalinne.com\/?a=es\/nordicos\/NORDI\">NORDICO o EDRED\u00d3N N\u00d3RDICO<\/a><\/span><\/div>\n<p><span style=\"font-size: large\"><\/span><\/p>\n<div style=\"clear: both;text-align: center\"><span style=\"font-size: large\"><a href=\"http:\/\/www.sedalinne.com\/?a=es\/nordicos\/NORDI\"><img loading=\"lazy\" decoding=\"async\" alt=\" n\u00f3rdicos\" border=\"0\" src=\"http:\/\/www.sedalinne.com\/blog\/wp-content\/uploads\/2014\/01\/MB04-0027-300x216.jpg\" height=\"230\" width=\"320\" \/><\/a><\/span><\/div>\n<p><span style=\"font-size: large\"><\/span><\/p>\n<ol>\n<li style=\"text-align: justify\"><span style=\"font-size: large\"><a href=\"http:\/\/www.sedalinne.com\/?a=es\/cama\/nordicos\/nordicos-de-plumas\/F1N02\">Edredones de plumas<\/a> o <a href=\"http:\/\/www.sedalinne.com\/?a=es\/cama\/nordicos\/nordicos-de-plumon\/F1N03\">plum\u00f3n<\/a>:<b> <i>rellenos n\u00f3rdicos<\/i><\/b> de pluma o plum\u00f3n&nbsp;<\/span><\/li>\n<li style=\"text-align: justify\"><span style=\"font-size: large\"><a href=\"http:\/\/www.sedalinne.com\/?a=es\/cama\/nordicos\/nordicos-sinteticos\/F1N01\">Edredones de fibra<\/a>:<b><i> rellenos n\u00f3rdicos sint\u00e9ticos<\/i><\/b>.<\/span><\/li>\n<\/ol>\n<div style=\"text-align: justify\"><span style=\"font-size: large\">La caracter\u00edstica principal de estos es que la tela es blanca o &nbsp;cruda, &nbsp;de algod\u00f3n, algod\u00f3n &#8211; poli\u00e9ster o microfibra, pensados para que una <a href=\"http:\/\/www.sedalinne.com\/?a=es\/fundas-nordicas\/FNORD\">funda n\u00f3rdica<\/a> los protega y sea esta la que se lave de forma habitual.<\/span><\/div>\n<div style=\"text-align: justify\"><span style=\"font-size: large\"><br \/><\/span><\/div>\n<div style=\"text-align: center\"><span style=\"font-size: large\"><a href=\"http:\/\/www.sedalinne.com\/?a=es\/cama\/edredones\/F1C09\">EDRED\u00d3N o COMFORTER<\/a><\/span><\/div>\n<div style=\"clear: both;text-align: center\"><a href=\"http:\/\/www.sedalinne.com\/?a=es\/cama\/edredones\/F1C09\/naturals\"><img loading=\"lazy\" decoding=\"async\" alt=\" edredones modernos\" border=\"0\" src=\"http:\/\/www.sedalinne.com\/blog\/wp-content\/uploads\/2014\/01\/edredones-300x216.jpg\" height=\"230\" width=\"320\" \/><\/a><\/div>\n<div style=\"text-align: justify\"><span style=\"font-size: large\"><br \/><\/span><\/div>\n<div style=\"text-align: justify\"><span style=\"font-size: large\">Pese a que el anterior n\u00f3rdico puede englobarse dentro de este, por lo general, hacemos referencia a un <i>Edred\u00f3n<\/i> tradicional , al cl\u00e1sico de siempre, de <i>tejido estampado o jacquard<\/i> y con &nbsp;relleno sint\u00e9tico, ambos unidos por pespuntes en formas de cuadros, rombos, etc, &nbsp;para evitar que el acolchado se mueva o desplace de entre la tela.<\/span><\/div>\n<div style=\"text-align: justify\"><span style=\"font-size: large\"><br \/><\/span><\/div>\n<div style=\"text-align: center\"><span style=\"font-size: large\">Las <b>MEDIDAS de un EDREDON<\/b> son:<\/span><\/div>\n<div style=\"text-align: center\"><span style=\"font-size: large\"><br \/><\/span><\/div>\n<div style=\"text-align: center\"><span style=\"font-size: large\">Cama &nbsp;90 &nbsp;(180&#215;260 cm)<\/span><\/div>\n<div style=\"text-align: center\"><span style=\"font-size: large\">Cama 105 (200&#215;260 cm)<\/span><\/div>\n<div style=\"text-align: center\"><span style=\"font-size: large\">Cama 135 (230&#215;260 cm)<\/span><\/div>\n<div style=\"text-align: center\"><span style=\"font-size: large\">Cama 150 (250&#215;260 cm)<\/span><\/div>\n<div style=\"text-align: center\"><span style=\"font-size: large\">Cama 160 (260&#215;260 cm)<\/span><\/div>\n<div style=\"text-align: center\"><span style=\"font-size: large\">Cama 180 (270&#215;260 cm)<\/span><\/div>\n<div style=\"text-align: center\"><span style=\"font-size: large\"><br \/><\/span><\/div>\n<p><\/p>\n<div style=\"text-align: center\"><span style=\"font-size: large\">Las <b>MEDIDAS de un NORDICO<\/b> son:<\/span><\/div>\n<div>\n<div style=\"text-align: center\"><span style=\"font-size: large\"><br \/><\/span><\/div>\n<div style=\"text-align: center\"><span style=\"font-size: large\">Cama &nbsp;90 &nbsp;(150&#215;220 cm)<\/span><\/div>\n<div style=\"text-align: center\"><span style=\"font-size: large\">Cama 105 (180&#215;220 cm)<\/span><\/div>\n<div style=\"text-align: center\"><span style=\"font-size: large\">Cama 135 (220&#215;220 cm)<\/span><\/div>\n<div style=\"text-align: center\"><span style=\"font-size: large\">Cama 150 (240&#215;220 cm)<\/span><\/div>\n<div style=\"text-align: center\"><span style=\"font-size: large\">Cama 160 (250&#215;240 cm)<\/span><\/div>\n<div style=\"text-align: center\"><span style=\"font-size: large\">Cama 180 (260&#215;240 cm)<\/span><\/div>\n<\/div>\n<div style=\"text-align: center\"><span style=\"font-size: large\">Cama 200 (270*240 cm)<\/span><\/div>\n<div style=\"text-align: justify\"><span style=\"font-size: large\"><br \/><\/span><\/div>\n<div style=\"text-align: justify\"><span style=\"font-size: large\">\u00bfY que es un <b><a href=\"http:\/\/www.sedalinne.com\/?a=es\/licencias-infantiles-juveniles\/edredones-infantiles\/EDREI\">DUVET<\/a><\/b>? Un <i>duvet<\/i> es un anglicismo que significa mezcla de los dos anteriores (<i>Edred\u00f3n y n\u00f3rdico<\/i>). S\u00ed, porqu\u00e9 es tela estampada con relleno de fibra, todo unido, sin posibilidad de sacar el relleno de la funda como en el n\u00f3rdico y la funda n\u00f3rdica. Esto es, una \u00fanica pieza como el edred\u00f3n pero con las medida del n\u00f3rdico.<\/span><\/p>\n<div style=\"clear: both;text-align: center\"><span style=\"font-size: large\"><a href=\"http:\/\/www.sedalinne.com\/?a=es\/licencias-infantiles-juveniles\/edredones-infantiles\/EDREI\"><img loading=\"lazy\" decoding=\"async\" alt=\" duvets infantiles\" border=\"0\" src=\"http:\/\/www.sedalinne.com\/blog\/wp-content\/uploads\/2014\/01\/duvet-300x216.jpg\" height=\"287\" width=\"400\" \/><\/a><\/span><\/div>\n<p><span style=\"font-size: large\"><\/span><\/div>\n<p><\/p>\n<div style=\"text-align: justify\"><\/div>\n<p><!--more--><\/p>\n","protected":false},"excerpt":{"rendered":"<p>La designaci\u00f3n &nbsp;\u00abEDRED\u00d3N\u00ab, &nbsp;es una palabra espa\u00f1ola de la que todos conocemos su significado. Un edred\u00f3n es un cobertor relleno de plumas, fibras, lana.. Es decir, es como una colcha que sirve para decorar la cama pero que a su vez nos aporta abrigo en las noches fr\u00edas de invierno. El edred\u00f3n, a su vez &hellip; <a href=\"https:\/\/www.sedalinne.com\/blog\/diferencia-entre-duvet-y-edredon\/\" class=\"more-link\">Contin\u00faa leyendo <span class=\"screen-reader-text\">DIFERENCIA entre  DUVET y  EDRED\u00d3N.<\/span><\/a><\/p>\n","protected":false},"author":2,"featured_media":1125,"comment_status":"open","ping_status":"open","sticky":false,"template":"","format":"standard","meta":{"_mi_skip_tracking":false,"_jetpack_memberships_contains_paid_content":false,"footnotes":""},"categories":[5,2,9,6],"tags":[],"aioseo_notices":[],"jetpack_sharing_enabled":true,"jetpack_featured_media_url":"https:\/\/www.sedalinne.com\/blog\/wp-content\/uploads\/2014\/01\/MB04-0027.jpg","_links":{"self":[{"href":"https:\/\/www.sedalinne.com\/blog\/wp-json\/wp\/v2\/posts\/86"}],"collection":[{"href":"https:\/\/www.sedalinne.com\/blog\/wp-json\/wp\/v2\/posts"}],"about":[{"href":"https:\/\/www.sedalinne.com\/blog\/wp-json\/wp\/v2\/types\/post"}],"author":[{"embeddable":true,"href":"https:\/\/www.sedalinne.com\/blog\/wp-json\/wp\/v2\/users\/2"}],"replies":[{"embeddable":true,"href":"https:\/\/www.sedalinne.com\/blog\/wp-json\/wp\/v2\/comments?post=86"}],"version-history":[{"count":1,"href":"https:\/\/www.sedalinne.com\/blog\/wp-json\/wp\/v2\/posts\/86\/revisions"}],"predecessor-version":[{"id":4246,"href":"https:\/\/www.sedalinne.com\/blog\/wp-json\/wp\/v2\/posts\/86\/revisions\/4246"}],"wp:featuredmedia":[{"embeddable":true,"href":"https:\/\/www.sedalinne.com\/blog\/wp-json\/wp\/v2\/media\/1125"}],"wp:attachment":[{"href":"https:\/\/www.sedalinne.com\/blog\/wp-json\/wp\/v2\/media?parent=86"}],"wp:term":[{"taxonomy":"category","embeddable":true,"href":"https:\/\/www.sedalinne.com\/blog\/wp-json\/wp\/v2\/categories?post=86"},{"taxonomy":"post_tag","embeddable":true,"href":"https:\/\/www.sedalinne.com\/blog\/wp-json\/wp\/v2\/tags?post=86"}],"curies":[{"name":"wp","href":"https:\/\/api.w.org\/{rel}","templated":true}]}}