{"id":6068,"date":"2024-12-27T10:30:00","date_gmt":"2024-12-27T08:30:00","guid":{"rendered":"https:\/\/www.sedalinne.com\/blog\/?p=6068"},"modified":"2024-12-18T14:20:05","modified_gmt":"2024-12-18T12:20:05","slug":"ropa-de-cama-navidad-2024-ideas-de-regalo","status":"publish","type":"post","link":"https:\/\/www.sedalinne.com\/blog\/ropa-de-cama-navidad-2024-ideas-de-regalo\/","title":{"rendered":"Ropa de cama Navidad 2024: Ideas de regalo"},"content":{"rendered":"\n\n<div class=\"kk-star-ratings kksr-auto kksr-align-left kksr-valign-top\"\n    data-payload='{&quot;align&quot;:&quot;left&quot;,&quot;id&quot;:&quot;6068&quot;,&quot;slug&quot;:&quot;default&quot;,&quot;valign&quot;:&quot;top&quot;,&quot;ignore&quot;:&quot;&quot;,&quot;reference&quot;:&quot;auto&quot;,&quot;class&quot;:&quot;&quot;,&quot;count&quot;:&quot;0&quot;,&quot;legendonly&quot;:&quot;&quot;,&quot;readonly&quot;:&quot;&quot;,&quot;score&quot;:&quot;0&quot;,&quot;starsonly&quot;:&quot;&quot;,&quot;best&quot;:&quot;5&quot;,&quot;gap&quot;:&quot;5&quot;,&quot;greet&quot;:&quot;Rate this post&quot;,&quot;legend&quot;:&quot;0\\\/5 - (0 votos)&quot;,&quot;size&quot;:&quot;24&quot;,&quot;width&quot;:&quot;0&quot;,&quot;_legend&quot;:&quot;{score}\\\/{best} - ({count} {votes})&quot;,&quot;font_factor&quot;:&quot;1.25&quot;}'>\n            \n<div class=\"kksr-stars\">\n    \n<div class=\"kksr-stars-inactive\">\n            <div class=\"kksr-star\" data-star=\"1\" style=\"padding-right: 5px\">\n            \n\n<div class=\"kksr-icon\" style=\"width: 24px; height: 24px;\"><\/div>\n        <\/div>\n            <div class=\"kksr-star\" data-star=\"2\" style=\"padding-right: 5px\">\n            \n\n<div class=\"kksr-icon\" style=\"width: 24px; height: 24px;\"><\/div>\n        <\/div>\n            <div class=\"kksr-star\" data-star=\"3\" style=\"padding-right: 5px\">\n            \n\n<div class=\"kksr-icon\" style=\"width: 24px; height: 24px;\"><\/div>\n        <\/div>\n            <div class=\"kksr-star\" data-star=\"4\" style=\"padding-right: 5px\">\n            \n\n<div class=\"kksr-icon\" style=\"width: 24px; height: 24px;\"><\/div>\n        <\/div>\n            <div class=\"kksr-star\" data-star=\"5\" style=\"padding-right: 5px\">\n            \n\n<div class=\"kksr-icon\" style=\"width: 24px; height: 24px;\"><\/div>\n        <\/div>\n    <\/div>\n    \n<div class=\"kksr-stars-active\" style=\"width: 0px;\">\n            <div class=\"kksr-star\" style=\"padding-right: 5px\">\n            \n\n<div class=\"kksr-icon\" style=\"width: 24px; height: 24px;\"><\/div>\n        <\/div>\n            <div class=\"kksr-star\" style=\"padding-right: 5px\">\n            \n\n<div class=\"kksr-icon\" style=\"width: 24px; height: 24px;\"><\/div>\n        <\/div>\n            <div class=\"kksr-star\" style=\"padding-right: 5px\">\n            \n\n<div class=\"kksr-icon\" style=\"width: 24px; height: 24px;\"><\/div>\n        <\/div>\n            <div class=\"kksr-star\" style=\"padding-right: 5px\">\n            \n\n<div class=\"kksr-icon\" style=\"width: 24px; height: 24px;\"><\/div>\n        <\/div>\n            <div class=\"kksr-star\" style=\"padding-right: 5px\">\n            \n\n<div class=\"kksr-icon\" style=\"width: 24px; height: 24px;\"><\/div>\n        <\/div>\n    <\/div>\n<\/div>\n                \n\n<div class=\"kksr-legend\" style=\"font-size: 19.2px;\">\n            <span class=\"kksr-muted\">Rate this post<\/span>\n    <\/div>\n    <\/div>\n\n<p>Lleva este a\u00f1o la Navidad a tu dormitorio con ropa de cama. La idea de esto es <strong>ambientar tu espacio personal con detalles festivos<\/strong> que te hagan sentir la calidez y la magia de estas fechas. Este a\u00f1o, la Navidad en 2024 en ropa de cama se presenta como la mejor forma de envolver tu hogar con calidez y estilo.<\/p>\n\n\n<div class=\"wp-block-image\">\n<figure class=\"aligncenter size-full\"><a href=\"\/edredones\/conforter-estampado-creus-sandeco#\/126-talla-cama_de_90\/1106-color-rosa\" target=\"_blank\" rel=\"noreferrer noopener\"><img loading=\"lazy\" decoding=\"async\" width=\"800\" height=\"800\" src=\"https:\/\/www.sedalinne.com\/blog\/wp-content\/uploads\/2024\/12\/edredon-rosa.jpg\" alt=\"Edred\u00f3n rosa\" class=\"wp-image-6069\" title=\"Edred\u00f3n rosa\" srcset=\"https:\/\/www.sedalinne.com\/blog\/wp-content\/uploads\/2024\/12\/edredon-rosa.jpg 800w, https:\/\/www.sedalinne.com\/blog\/wp-content\/uploads\/2024\/12\/edredon-rosa-300x300.jpg 300w, https:\/\/www.sedalinne.com\/blog\/wp-content\/uploads\/2024\/12\/edredon-rosa-150x150.jpg 150w, https:\/\/www.sedalinne.com\/blog\/wp-content\/uploads\/2024\/12\/edredon-rosa-768x768.jpg 768w\" sizes=\"(max-width: 800px) 100vw, 800px\" \/><\/a><\/figure><\/div>\n\n\n<h2 class=\"wp-block-heading\">\u00bfPor qu\u00e9 decorar con ropa de cama navide\u00f1a?<\/h2>\n\n\n\n<p>Esta sin duda es la manera m\u00e1s sencilla de darle un toque festivo a tu dormitorio, ya que no implica a\u00f1adir nuevos objetos a tu espacio. Con tan solo <a href=\"\/\" target=\"_blank\" rel=\"noopener\" title=\"\">textiles de hogar<\/a> <strong>que transmiten los colores, estampados y esp\u00edritu acogedor<\/strong>, puedes transformar por completo el ambiente.<\/p>\n\n\n<div class=\"wp-block-image\">\n<figure class=\"aligncenter size-full\"><a href=\"\/edredones\/edredon-conforter-adula-casa-campo#\/126-talla-cama_de_90\/1095-color-camel \" target=\"_blank\" rel=\"noreferrer noopener\"><img loading=\"lazy\" decoding=\"async\" width=\"800\" height=\"800\" src=\"https:\/\/www.sedalinne.com\/blog\/wp-content\/uploads\/2024\/12\/edredon-de-pelo-gris.jpg\" alt=\"Edred\u00f3n de pelo gris\" class=\"wp-image-6070\" title=\"Edred\u00f3n de pelo gris\" srcset=\"https:\/\/www.sedalinne.com\/blog\/wp-content\/uploads\/2024\/12\/edredon-de-pelo-gris.jpg 800w, https:\/\/www.sedalinne.com\/blog\/wp-content\/uploads\/2024\/12\/edredon-de-pelo-gris-300x300.jpg 300w, https:\/\/www.sedalinne.com\/blog\/wp-content\/uploads\/2024\/12\/edredon-de-pelo-gris-150x150.jpg 150w, https:\/\/www.sedalinne.com\/blog\/wp-content\/uploads\/2024\/12\/edredon-de-pelo-gris-768x768.jpg 768w\" sizes=\"(max-width: 800px) 100vw, 800px\" \/><\/a><\/figure><\/div>\n\n\n<h2 class=\"wp-block-heading\">Colores y estilos navide\u00f1os para ropa de cama en 2024<\/h2>\n\n\n\n<p>Este 2024, las tendencias en ropa de cama para Navidad traen opciones para todos los gustos. Por ejemplo, los cl\u00e1sicos renovados como el rojo, verde y blanco siguen siendo protagonistas, pero ahora en <strong>dise\u00f1os m\u00e1s elegantes como cuadros escoceses o patrones minimalistas<\/strong>. Por otro lado, el estilo n\u00f3rdico est\u00e1 <strong>presente con colores neutros como el gris, beige y blanco<\/strong>, acompa\u00f1ados de detalles. Para los dormitorios m\u00e1s sofisticados, los toques dorados y plateados se convertir\u00e1n en tendencia gracias a los textiles con acabados brillantes.<\/p>\n\n\n<div class=\"wp-block-image\">\n<figure class=\"aligncenter size-full\"><a href=\"\/plaids-sofas\/plaid-judith-pielsa#\/1220-color-coral\/1309-talla-130x160_cm \" target=\"_blank\" rel=\"noreferrer noopener\"><img loading=\"lazy\" decoding=\"async\" width=\"800\" height=\"800\" src=\"https:\/\/www.sedalinne.com\/blog\/wp-content\/uploads\/2024\/12\/plaid-calentitos.jpg\" alt=\"Plaids calentitos\" class=\"wp-image-6071\" title=\"Plaids calentitos\" srcset=\"https:\/\/www.sedalinne.com\/blog\/wp-content\/uploads\/2024\/12\/plaid-calentitos.jpg 800w, https:\/\/www.sedalinne.com\/blog\/wp-content\/uploads\/2024\/12\/plaid-calentitos-300x300.jpg 300w, https:\/\/www.sedalinne.com\/blog\/wp-content\/uploads\/2024\/12\/plaid-calentitos-150x150.jpg 150w, https:\/\/www.sedalinne.com\/blog\/wp-content\/uploads\/2024\/12\/plaid-calentitos-768x768.jpg 768w\" sizes=\"(max-width: 800px) 100vw, 800px\" \/><\/a><\/figure><\/div>\n\n\n<h2 class=\"wp-block-heading\">\u00bfD\u00f3nde comprar ropa de cama en Navidad para regalar?<\/h2>\n\n\n\n<p>Si te preguntas d\u00f3nde encontrar los mejores <a href=\"\/cama\" target=\"_blank\" rel=\"noopener\" title=\"\">juegos de cama<\/a> este 2024 para regalar a familiares y amigos, en Sedalinne tenemos una gran variedad para que tu dormitorio se vea muy festivo. Donde puedes encontrar:<\/p>\n\n\n\n<ul>\n<li><a href=\"\/sabanas-invierno-termicas\" target=\"_blank\" rel=\"noopener\" title=\"\">S\u00e1banas n\u00f3rdicas t\u00e9rmicas<\/a><\/li>\n\n\n\n<li><a href=\"\/juego-fundas-nordicas\" target=\"_blank\" rel=\"noopener\" title=\"\">Fundas n\u00f3rdicas<\/a><\/li>\n\n\n\n<li><a href=\"\/mantas\" target=\"_blank\" rel=\"noopener\" title=\"\">Mantas suaves y calentitas para acompa\u00f1ar las noches de invierno.<\/a><\/li>\n<\/ul>\n\n\n<div class=\"wp-block-image\">\n<figure class=\"aligncenter size-full\"><a href=\"\/fundas-nordicas\/funda-nordica-arauca-canete#\/126-talla-cama_de_90\/1260-color-lino \" target=\"_blank\" rel=\"noreferrer noopener\"><img loading=\"lazy\" decoding=\"async\" width=\"800\" height=\"800\" src=\"https:\/\/www.sedalinne.com\/blog\/wp-content\/uploads\/2024\/12\/funda-nordica-beige.jpg\" alt=\"Funda n\u00f3rdica beige\" class=\"wp-image-6072\" title=\"Funda n\u00f3rdica beige\" srcset=\"https:\/\/www.sedalinne.com\/blog\/wp-content\/uploads\/2024\/12\/funda-nordica-beige.jpg 800w, https:\/\/www.sedalinne.com\/blog\/wp-content\/uploads\/2024\/12\/funda-nordica-beige-300x300.jpg 300w, https:\/\/www.sedalinne.com\/blog\/wp-content\/uploads\/2024\/12\/funda-nordica-beige-150x150.jpg 150w, https:\/\/www.sedalinne.com\/blog\/wp-content\/uploads\/2024\/12\/funda-nordica-beige-768x768.jpg 768w\" sizes=\"(max-width: 800px) 100vw, 800px\" \/><\/a><\/figure><\/div>\n\n\n<h2 class=\"wp-block-heading\">Consejos para combinar tu ropa de cama en Navidad con la decoraci\u00f3n del hogar<\/h2>\n\n\n\n<p>Decorar el dormitorio en Navidad no tiene que ser complicado. Aqu\u00ed van unos consejos para combinar tus textiles de cama con el resto de la habitaci\u00f3n:<\/p>\n\n\n\n<ol>\n<li><strong>Paleta de colores coherente<\/strong>: Si eliges ropa de cama roja y verde, a\u00f1ade detalles decorativos en esos mismos tonos.<\/li>\n\n\n\n<li><strong>Aprovecha las luces<\/strong>: Una guirnalda de luces en el cabecero aporta un toque m\u00e1gico y combina perfectamente con cualquier estilo.<\/li>\n\n\n\n<li><strong>Cojines y mantas<\/strong>: Los cojines tem\u00e1ticos y una manta a juego completan el look festivo.<\/li>\n<\/ol>\n\n\n\n<p>Por ejemplo, una manta de cuadros rojos y verdes puede combinar perfectamente con cojines blancos con bordados navide\u00f1os.<\/p>\n\n\n<div class=\"wp-block-image\">\n<figure class=\"aligncenter size-full\"><a href=\"\/colchas-bouti\/colcha-bouti-volante-stilia#\/126-talla-cama_de_90\/1001-color-blanco \" target=\"_blank\" rel=\"noreferrer noopener\"><img loading=\"lazy\" decoding=\"async\" width=\"800\" height=\"800\" src=\"https:\/\/www.sedalinne.com\/blog\/wp-content\/uploads\/2024\/12\/colcha-clasica-blanca.jpg\" alt=\"Colcha cl\u00e1sica blanca\" class=\"wp-image-6073\" title=\"Colcha cl\u00e1sica blanca\" srcset=\"https:\/\/www.sedalinne.com\/blog\/wp-content\/uploads\/2024\/12\/colcha-clasica-blanca.jpg 800w, https:\/\/www.sedalinne.com\/blog\/wp-content\/uploads\/2024\/12\/colcha-clasica-blanca-300x300.jpg 300w, https:\/\/www.sedalinne.com\/blog\/wp-content\/uploads\/2024\/12\/colcha-clasica-blanca-150x150.jpg 150w, https:\/\/www.sedalinne.com\/blog\/wp-content\/uploads\/2024\/12\/colcha-clasica-blanca-768x768.jpg 768w\" sizes=\"(max-width: 800px) 100vw, 800px\" \/><\/a><\/figure><\/div>\n\n\n<h2 class=\"wp-block-heading\">Ideas para regalar estas navidades<\/h2>\n\n\n\n<p>Si est\u00e1s buscando el regalo perfecto, la ropa de cama puede ser una opci\u00f3n original y pr\u00e1ctica. Algunas ideas incluyen:<\/p>\n\n\n\n<ul>\n<li>Para los m\u00e1s frioleros, regala <a href=\"\/mantas\" target=\"_blank\" rel=\"noopener\" title=\"\">mantas calentitas<\/a>.<\/li>\n\n\n\n<li>Si se trata de un ni\u00f1o o ni\u00f1a, lo mejor es que le regales un <a href=\"\/sacos-nordicos-infantiles\" target=\"_blank\" rel=\"noopener\" title=\"\">saco n\u00f3rdico<\/a> para abrigarlo en invierno.<\/li>\n\n\n\n<li>Tambi\u00e9n puedes regalar <a href=\"\/\" target=\"_blank\" rel=\"noopener\" title=\"\">complementos de textil de hogar<\/a> para ambientar tu dormitorio y el resto del hogar.<\/li>\n<\/ul>\n\n\n\n<p>La Navidad de 2024 en <a href=\"\/cama\" target=\"_blank\" rel=\"noopener\" title=\"\">ropa de cama<\/a> es la oportunidad perfecta para renovar tu dormitorio mediante nuevos textiles para el hogar que te ayudar\u00e1n a vestir tus dormitorios durante Navidad y el resto del a\u00f1o.<\/p>\n","protected":false},"excerpt":{"rendered":"<p>Lleva este a\u00f1o la Navidad a tu dormitorio con ropa de cama. La idea de esto es ambientar tu espacio personal con detalles festivos que te hagan sentir la calidez y la magia de estas fechas. Este a\u00f1o, la Navidad en 2024 en ropa de cama se presenta como la mejor forma de envolver tu &hellip; <a href=\"https:\/\/www.sedalinne.com\/blog\/ropa-de-cama-navidad-2024-ideas-de-regalo\/\" class=\"more-link\">Contin\u00faa leyendo <span class=\"screen-reader-text\">Ropa de cama Navidad 2024: Ideas de regalo<\/span><\/a><\/p>\n","protected":false},"author":2,"featured_media":6074,"comment_status":"open","ping_status":"closed","sticky":false,"template":"","format":"standard","meta":{"_mi_skip_tracking":false,"_jetpack_memberships_contains_paid_content":false,"footnotes":""},"categories":[327],"tags":[],"aioseo_notices":[],"jetpack_sharing_enabled":true,"jetpack_featured_media_url":"https:\/\/www.sedalinne.com\/blog\/wp-content\/uploads\/2024\/12\/ropa-de-cama-navidad-2024.jpg","_links":{"self":[{"href":"https:\/\/www.sedalinne.com\/blog\/wp-json\/wp\/v2\/posts\/6068"}],"collection":[{"href":"https:\/\/www.sedalinne.com\/blog\/wp-json\/wp\/v2\/posts"}],"about":[{"href":"https:\/\/www.sedalinne.com\/blog\/wp-json\/wp\/v2\/types\/post"}],"author":[{"embeddable":true,"href":"https:\/\/www.sedalinne.com\/blog\/wp-json\/wp\/v2\/users\/2"}],"replies":[{"embeddable":true,"href":"https:\/\/www.sedalinne.com\/blog\/wp-json\/wp\/v2\/comments?post=6068"}],"version-history":[{"count":1,"href":"https:\/\/www.sedalinne.com\/blog\/wp-json\/wp\/v2\/posts\/6068\/revisions"}],"predecessor-version":[{"id":6075,"href":"https:\/\/www.sedalinne.com\/blog\/wp-json\/wp\/v2\/posts\/6068\/revisions\/6075"}],"wp:featuredmedia":[{"embeddable":true,"href":"https:\/\/www.sedalinne.com\/blog\/wp-json\/wp\/v2\/media\/6074"}],"wp:attachment":[{"href":"https:\/\/www.sedalinne.com\/blog\/wp-json\/wp\/v2\/media?parent=6068"}],"wp:term":[{"taxonomy":"category","embeddable":true,"href":"https:\/\/www.sedalinne.com\/blog\/wp-json\/wp\/v2\/categories?post=6068"},{"taxonomy":"post_tag","embeddable":true,"href":"https:\/\/www.sedalinne.com\/blog\/wp-json\/wp\/v2\/tags?post=6068"}],"curies":[{"name":"wp","href":"https:\/\/api.w.org\/{rel}","templated":true}]}}