{"id":6036,"date":"2024-10-28T09:20:03","date_gmt":"2024-10-28T07:20:03","guid":{"rendered":"https:\/\/www.sedalinne.com\/blog\/?p=6036"},"modified":"2024-10-28T09:20:05","modified_gmt":"2024-10-28T07:20:05","slug":"como-afecta-la-humedad-del-invierno-a-la-ropa-de-cama","status":"publish","type":"post","link":"https:\/\/www.sedalinne.com\/blog\/como-afecta-la-humedad-del-invierno-a-la-ropa-de-cama\/","title":{"rendered":"\u00bfC\u00f3mo afecta la humedad del invierno a la ropa de cama?\u00a0"},"content":{"rendered":"\n\n<div class=\"kk-star-ratings kksr-auto kksr-align-left kksr-valign-top\"\n    data-payload='{&quot;align&quot;:&quot;left&quot;,&quot;id&quot;:&quot;6036&quot;,&quot;slug&quot;:&quot;default&quot;,&quot;valign&quot;:&quot;top&quot;,&quot;ignore&quot;:&quot;&quot;,&quot;reference&quot;:&quot;auto&quot;,&quot;class&quot;:&quot;&quot;,&quot;count&quot;:&quot;1&quot;,&quot;legendonly&quot;:&quot;&quot;,&quot;readonly&quot;:&quot;&quot;,&quot;score&quot;:&quot;5&quot;,&quot;starsonly&quot;:&quot;&quot;,&quot;best&quot;:&quot;5&quot;,&quot;gap&quot;:&quot;5&quot;,&quot;greet&quot;:&quot;Rate this post&quot;,&quot;legend&quot;:&quot;5\\\/5 - (1 voto)&quot;,&quot;size&quot;:&quot;24&quot;,&quot;width&quot;:&quot;142.5&quot;,&quot;_legend&quot;:&quot;{score}\\\/{best} - ({count} {votes})&quot;,&quot;font_factor&quot;:&quot;1.25&quot;}'>\n            \n<div class=\"kksr-stars\">\n    \n<div class=\"kksr-stars-inactive\">\n            <div class=\"kksr-star\" data-star=\"1\" style=\"padding-right: 5px\">\n            \n\n<div class=\"kksr-icon\" style=\"width: 24px; height: 24px;\"><\/div>\n        <\/div>\n            <div class=\"kksr-star\" data-star=\"2\" style=\"padding-right: 5px\">\n            \n\n<div class=\"kksr-icon\" style=\"width: 24px; height: 24px;\"><\/div>\n        <\/div>\n            <div class=\"kksr-star\" data-star=\"3\" style=\"padding-right: 5px\">\n            \n\n<div class=\"kksr-icon\" style=\"width: 24px; height: 24px;\"><\/div>\n        <\/div>\n            <div class=\"kksr-star\" data-star=\"4\" style=\"padding-right: 5px\">\n            \n\n<div class=\"kksr-icon\" style=\"width: 24px; height: 24px;\"><\/div>\n        <\/div>\n            <div class=\"kksr-star\" data-star=\"5\" style=\"padding-right: 5px\">\n            \n\n<div class=\"kksr-icon\" style=\"width: 24px; height: 24px;\"><\/div>\n        <\/div>\n    <\/div>\n    \n<div class=\"kksr-stars-active\" style=\"width: 142.5px;\">\n            <div class=\"kksr-star\" style=\"padding-right: 5px\">\n            \n\n<div class=\"kksr-icon\" style=\"width: 24px; height: 24px;\"><\/div>\n        <\/div>\n            <div class=\"kksr-star\" style=\"padding-right: 5px\">\n            \n\n<div class=\"kksr-icon\" style=\"width: 24px; height: 24px;\"><\/div>\n        <\/div>\n            <div class=\"kksr-star\" style=\"padding-right: 5px\">\n            \n\n<div class=\"kksr-icon\" style=\"width: 24px; height: 24px;\"><\/div>\n        <\/div>\n            <div class=\"kksr-star\" style=\"padding-right: 5px\">\n            \n\n<div class=\"kksr-icon\" style=\"width: 24px; height: 24px;\"><\/div>\n        <\/div>\n            <div class=\"kksr-star\" style=\"padding-right: 5px\">\n            \n\n<div class=\"kksr-icon\" style=\"width: 24px; height: 24px;\"><\/div>\n        <\/div>\n    <\/div>\n<\/div>\n                \n\n<div class=\"kksr-legend\" style=\"font-size: 19.2px;\">\n            5\/5 - (1 voto)    <\/div>\n    <\/div>\n\n<p>El invierno trae consigo bajas temperaturas y, en muchas regiones, altos niveles de humedad. Esta combinaci\u00f3n puede perjudicar de manera significativa la <a href=\"\/cama\" target=\"_blank\" rel=\"noopener\" title=\"\">ropa de cama<\/a>, afectando tanto su durabilidad como al confort que ofrece.<\/p>\n\n\n\n<p>Con el aumento de la humedad ambiental, es com\u00fan que las fibras de la ropa de cama absorban dicha humedad, lo que puede generar <strong>malos olores, moho y una sensaci\u00f3n inc\u00f3moda al tacto<\/strong>. Te contamos en qu\u00e9 maneras puede afectar la humedad a tu ropa de cama, sigue leyendo para no perderte ni un detalle.<\/p>\n\n\n\n<h2 class=\"wp-block-heading\">\u00bfPor qu\u00e9 la humedad afecta la ropa de cama en invierno?<\/h2>\n\n\n\n<p>Durante el invierno, <strong>la humedad en el aire tiende a elevarse debido a la condensaci\u00f3n y a la falta de ventilaci\u00f3n adecuada<\/strong> en muchos hogares. Esta humedad <strong>puede penetrar en los tejidos de la ropa de cama<\/strong>, especialmente en materiales que no est\u00e1n dise\u00f1ados para repeler la humedad, <strong>como el algod\u00f3n o el lino<\/strong>.<\/p>\n\n\n\n<p>A medida que el agua se acumula en las fibras, la ropa de cama <strong>no solo se vuelve m\u00e1s pesada<\/strong>, sino tambi\u00e9n propensa a<strong> desarrollar moho y \u00e1caros<\/strong>, afectando la higiene y el bienestar de quienes la usan.<\/p>\n\n\n<div class=\"wp-block-image\">\n<figure class=\"aligncenter size-full\"><a href=\"https:\/\/www.sedalinne.com\/blog\/wp-content\/uploads\/2024\/10\/sabanas-mojadas.png\"><img loading=\"lazy\" decoding=\"async\" width=\"889\" height=\"667\" src=\"https:\/\/www.sedalinne.com\/blog\/wp-content\/uploads\/2024\/10\/sabanas-mojadas.png\" alt=\"S\u00e1banas mojadas\" class=\"wp-image-6039\" title=\"S\u00e1banas mojadas\" srcset=\"https:\/\/www.sedalinne.com\/blog\/wp-content\/uploads\/2024\/10\/sabanas-mojadas.png 889w, https:\/\/www.sedalinne.com\/blog\/wp-content\/uploads\/2024\/10\/sabanas-mojadas-300x225.png 300w, https:\/\/www.sedalinne.com\/blog\/wp-content\/uploads\/2024\/10\/sabanas-mojadas-768x576.png 768w\" sizes=\"(max-width: 889px) 100vw, 889px\" \/><\/a><\/figure><\/div>\n\n\n<h2 class=\"wp-block-heading\">Signos de que la humedad est\u00e1 da\u00f1ando tu ropa de cama<\/h2>\n\n\n\n<p>Uno de los primeros indicios de que la humedad est\u00e1 afectando tu ropa de cama es la aparici\u00f3n de malos olores. La<strong> acumulaci\u00f3n de humedad en tejidos porosos crea un ambiente ideal para la proliferaci\u00f3n de bacterias y hongos<\/strong>, lo que genera un olor desagradable.<\/p>\n\n\n\n<p>Otros signos a tener en cuenta incluyen<strong> manchas oscuras<\/strong>, que podr\u00edan ser moho, y una<strong> textura r\u00edgida o acartonada<\/strong>. Adem\u00e1s, si sientes que <strong>tu ropa de cama est\u00e1 m\u00e1s fr\u00eda y h\u00fameda<\/strong> de lo normal al tacto, es probable que est\u00e9 reteniendo demasiada humedad.<\/p>\n\n\n\n<h2 class=\"wp-block-heading\">Los mejores tejidos para resistir la humedad invernal<\/h2>\n\n\n\n<p>Para combatir los efectos de la humedad, es recomendable optar por tejidos que ofrezcan una buena transpirabilidad y que no absorban tanto agua.<\/p>\n\n\n\n<p>Las fibras sint\u00e9ticas como <strong>el poli\u00e9ster o las mezclas de microfibra son excelentes opciones<\/strong>, ya que repelen la humedad en lugar de absorberla. Adem\u00e1s, las s\u00e1banas de franela o las toallas de algod\u00f3n de alta densidad tambi\u00e9n pueden ofrecer protecci\u00f3n adicional frente a la humedad invernal.<\/p>\n\n\n\n<p>Estos tejidos no \u00fanicamente nos ayudan a mantener la cama seca, tambi\u00e9n proporcionan un mayor confort t\u00e9rmico.<\/p>\n\n\n<div class=\"wp-block-image\">\n<figure class=\"aligncenter size-full\"><a href=\"https:\/\/www.sedalinne.com\/blog\/wp-content\/uploads\/2024\/10\/cama-sin-hacer-con-cafe-en-mesita.png\"><img loading=\"lazy\" decoding=\"async\" width=\"841\" height=\"631\" src=\"https:\/\/www.sedalinne.com\/blog\/wp-content\/uploads\/2024\/10\/cama-sin-hacer-con-cafe-en-mesita.png\" alt=\"Cama sin hacer con caf\u00e9 en mesita\" class=\"wp-image-6037\" title=\"Cama sin hacer con caf\u00e9 en mesita\" srcset=\"https:\/\/www.sedalinne.com\/blog\/wp-content\/uploads\/2024\/10\/cama-sin-hacer-con-cafe-en-mesita.png 841w, https:\/\/www.sedalinne.com\/blog\/wp-content\/uploads\/2024\/10\/cama-sin-hacer-con-cafe-en-mesita-300x225.png 300w, https:\/\/www.sedalinne.com\/blog\/wp-content\/uploads\/2024\/10\/cama-sin-hacer-con-cafe-en-mesita-768x576.png 768w\" sizes=\"(max-width: 841px) 100vw, 841px\" \/><\/a><\/figure><\/div>\n\n\n<h2 class=\"wp-block-heading\">Consejos para proteger la ropa de cama de la humedad<\/h2>\n\n\n\n<ul>\n<li><strong>Ventilaci\u00f3n adecuada<\/strong>: Aseg\u00farate de airear tu habitaci\u00f3n diariamente para reducir la acumulaci\u00f3n de humedad. Abrir las ventanas por al menos 10-15 minutos al d\u00eda es una pr\u00e1ctica efectiva.<\/li>\n\n\n\n<li><strong>Uso de deshumidificadores<\/strong>: Estos dispositivos pueden ser extremadamente \u00fatiles en habitaciones donde la humedad es un problema recurrente, ya que eliminan el exceso de humedad del aire.<\/li>\n\n\n\n<li><strong>Rotaci\u00f3n y lavado frecuente<\/strong>: Cambiar y lavar la ropa de cama con regularidad ayuda a evitar la acumulaci\u00f3n de humedad y \u00e1caros. El secado al aire libre o en secadoras a alta temperatura tambi\u00e9n es recomendable.<\/li>\n\n\n\n<li><strong>Cubrecolchones y fundas impermeables<\/strong>: Utilizar protectores para el colch\u00f3n y las almohadas con propiedades impermeables es una excelente medida preventiva. Estos productos act\u00faan como una barrera, evitando que la humedad penetre en los tejidos.<\/li>\n<\/ul>\n\n\n\n<h2 class=\"wp-block-heading\">Cu\u00e1ndo es el momento de reemplazar la ropa de cama da\u00f1ada<\/h2>\n\n\n\n<p>A pesar de todos los esfuerzos para mantener la ropa de cama libre de humedad, llega un momento en que el da\u00f1o puede ser irreversible. <strong>Si notas que las manchas de moho persisten incluso despu\u00e9s de varios lavados <\/strong>o que el tejido ha perdido su suavidad y elasticidad, <strong>es posible que sea hora de cambiarla<\/strong>.<\/p>\n\n\n\n<p>Adem\u00e1s, si los malos olores no desaparecen tras una limpieza profunda, esto es un indicativo de que la ropa de cama ha absorbido demasiada humedad y bacterias, comprometiendo la salud de quienes la usan.<\/p>\n\n\n\n<p>Recuerda que para disfrutar de una buena calidad de sue\u00f1o est\u00e1 directamente relacionado con el confort y la limpieza de tu ropa de cama.<\/p>\n\n\n\n<p>Si quieres garantizar que tu cama est\u00e9 siempre confortable y libre de humedad, te invitamos a explorar nuestra <a href=\"\/\" target=\"_blank\" rel=\"noopener\" title=\"\">tienda textil de ropa de hogar<\/a>, donde encontrar\u00e1s opciones ideales para cada temporada.<\/p>\n","protected":false},"excerpt":{"rendered":"<p>El invierno trae consigo bajas temperaturas y, en muchas regiones, altos niveles de humedad. Esta combinaci\u00f3n puede perjudicar de manera significativa la ropa de cama, afectando tanto su durabilidad como al confort que ofrece. Con el aumento de la humedad ambiental, es com\u00fan que las fibras de la ropa de cama absorban dicha humedad, lo &hellip; <a href=\"https:\/\/www.sedalinne.com\/blog\/como-afecta-la-humedad-del-invierno-a-la-ropa-de-cama\/\" class=\"more-link\">Contin\u00faa leyendo <span class=\"screen-reader-text\">\u00bfC\u00f3mo afecta la humedad del invierno a la ropa de cama?\u00a0<\/span><\/a><\/p>\n","protected":false},"author":2,"featured_media":6038,"comment_status":"open","ping_status":"closed","sticky":false,"template":"","format":"standard","meta":{"_mi_skip_tracking":false,"_jetpack_memberships_contains_paid_content":false,"footnotes":""},"categories":[2],"tags":[],"aioseo_notices":[],"jetpack_sharing_enabled":true,"jetpack_featured_media_url":"https:\/\/www.sedalinne.com\/blog\/wp-content\/uploads\/2024\/10\/como-afecta-la-humedad-del-invierno-a-la-ropa-de-cama.png","_links":{"self":[{"href":"https:\/\/www.sedalinne.com\/blog\/wp-json\/wp\/v2\/posts\/6036"}],"collection":[{"href":"https:\/\/www.sedalinne.com\/blog\/wp-json\/wp\/v2\/posts"}],"about":[{"href":"https:\/\/www.sedalinne.com\/blog\/wp-json\/wp\/v2\/types\/post"}],"author":[{"embeddable":true,"href":"https:\/\/www.sedalinne.com\/blog\/wp-json\/wp\/v2\/users\/2"}],"replies":[{"embeddable":true,"href":"https:\/\/www.sedalinne.com\/blog\/wp-json\/wp\/v2\/comments?post=6036"}],"version-history":[{"count":1,"href":"https:\/\/www.sedalinne.com\/blog\/wp-json\/wp\/v2\/posts\/6036\/revisions"}],"predecessor-version":[{"id":6040,"href":"https:\/\/www.sedalinne.com\/blog\/wp-json\/wp\/v2\/posts\/6036\/revisions\/6040"}],"wp:featuredmedia":[{"embeddable":true,"href":"https:\/\/www.sedalinne.com\/blog\/wp-json\/wp\/v2\/media\/6038"}],"wp:attachment":[{"href":"https:\/\/www.sedalinne.com\/blog\/wp-json\/wp\/v2\/media?parent=6036"}],"wp:term":[{"taxonomy":"category","embeddable":true,"href":"https:\/\/www.sedalinne.com\/blog\/wp-json\/wp\/v2\/categories?post=6036"},{"taxonomy":"post_tag","embeddable":true,"href":"https:\/\/www.sedalinne.com\/blog\/wp-json\/wp\/v2\/tags?post=6036"}],"curies":[{"name":"wp","href":"https:\/\/api.w.org\/{rel}","templated":true}]}}