{"id":5834,"date":"2023-05-23T11:46:18","date_gmt":"2023-05-23T09:46:18","guid":{"rendered":"https:\/\/www.sedalinne.com\/blog\/?p=5834"},"modified":"2023-05-23T11:46:21","modified_gmt":"2023-05-23T09:46:21","slug":"estos-son-los-textiles-de-hogar-que-haran-tu-casa-mas-acogedora-no-te-los-pierdas","status":"publish","type":"post","link":"https:\/\/www.sedalinne.com\/blog\/estos-son-los-textiles-de-hogar-que-haran-tu-casa-mas-acogedora-no-te-los-pierdas\/","title":{"rendered":"Estos son los textiles de hogar que har\u00e1n tu casa m\u00e1s acogedora. \u00a1No te los pierdas!\u00a0"},"content":{"rendered":"\n\n<div class=\"kk-star-ratings kksr-auto kksr-align-left kksr-valign-top\"\n    data-payload='{&quot;align&quot;:&quot;left&quot;,&quot;id&quot;:&quot;5834&quot;,&quot;slug&quot;:&quot;default&quot;,&quot;valign&quot;:&quot;top&quot;,&quot;ignore&quot;:&quot;&quot;,&quot;reference&quot;:&quot;auto&quot;,&quot;class&quot;:&quot;&quot;,&quot;count&quot;:&quot;0&quot;,&quot;legendonly&quot;:&quot;&quot;,&quot;readonly&quot;:&quot;&quot;,&quot;score&quot;:&quot;0&quot;,&quot;starsonly&quot;:&quot;&quot;,&quot;best&quot;:&quot;5&quot;,&quot;gap&quot;:&quot;5&quot;,&quot;greet&quot;:&quot;Rate this post&quot;,&quot;legend&quot;:&quot;0\\\/5 - (0 votos)&quot;,&quot;size&quot;:&quot;24&quot;,&quot;width&quot;:&quot;0&quot;,&quot;_legend&quot;:&quot;{score}\\\/{best} - ({count} {votes})&quot;,&quot;font_factor&quot;:&quot;1.25&quot;}'>\n            \n<div class=\"kksr-stars\">\n    \n<div class=\"kksr-stars-inactive\">\n            <div class=\"kksr-star\" data-star=\"1\" style=\"padding-right: 5px\">\n            \n\n<div class=\"kksr-icon\" style=\"width: 24px; height: 24px;\"><\/div>\n        <\/div>\n            <div class=\"kksr-star\" data-star=\"2\" style=\"padding-right: 5px\">\n            \n\n<div class=\"kksr-icon\" style=\"width: 24px; height: 24px;\"><\/div>\n        <\/div>\n            <div class=\"kksr-star\" data-star=\"3\" style=\"padding-right: 5px\">\n            \n\n<div class=\"kksr-icon\" style=\"width: 24px; height: 24px;\"><\/div>\n        <\/div>\n            <div class=\"kksr-star\" data-star=\"4\" style=\"padding-right: 5px\">\n            \n\n<div class=\"kksr-icon\" style=\"width: 24px; height: 24px;\"><\/div>\n        <\/div>\n            <div class=\"kksr-star\" data-star=\"5\" style=\"padding-right: 5px\">\n            \n\n<div class=\"kksr-icon\" style=\"width: 24px; height: 24px;\"><\/div>\n        <\/div>\n    <\/div>\n    \n<div class=\"kksr-stars-active\" style=\"width: 0px;\">\n            <div class=\"kksr-star\" style=\"padding-right: 5px\">\n            \n\n<div class=\"kksr-icon\" style=\"width: 24px; height: 24px;\"><\/div>\n        <\/div>\n            <div class=\"kksr-star\" style=\"padding-right: 5px\">\n            \n\n<div class=\"kksr-icon\" style=\"width: 24px; height: 24px;\"><\/div>\n        <\/div>\n            <div class=\"kksr-star\" style=\"padding-right: 5px\">\n            \n\n<div class=\"kksr-icon\" style=\"width: 24px; height: 24px;\"><\/div>\n        <\/div>\n            <div class=\"kksr-star\" style=\"padding-right: 5px\">\n            \n\n<div class=\"kksr-icon\" style=\"width: 24px; height: 24px;\"><\/div>\n        <\/div>\n            <div class=\"kksr-star\" style=\"padding-right: 5px\">\n            \n\n<div class=\"kksr-icon\" style=\"width: 24px; height: 24px;\"><\/div>\n        <\/div>\n    <\/div>\n<\/div>\n                \n\n<div class=\"kksr-legend\" style=\"font-size: 19.2px;\">\n            <span class=\"kksr-muted\">Rate this post<\/span>\n    <\/div>\n    <\/div>\n\n<p>Un hogar acogedor es aquel que nos brinda calma, comodidad y nos envuelve en una sensaci\u00f3n de bienestar. Y una forma de lograrlo es a trav\u00e9s de los textiles que elegimos para decorar nuestros espacios. Y, es que, tienen el poder de transformar una habitaci\u00f3n, a\u00f1adiendo suavidad, calidez y estilo.&nbsp;<\/p>\n\n\n\n<p>En este art\u00edculo, te ense\u00f1amos algunos de los productos de moda textil para el hogar que har\u00e1n de tu casa un refugio acogedor y encantador. Desde fundas para sof\u00e1s hasta cortinas, cojines y mucho m\u00e1s.<\/p>\n\n\n\n<p>\u00a1Acomp\u00e1\u00f1anos en este recorrido por la moda textil para el hogar!<\/p>\n\n\n\n<!--more-->\n\n\n<div class=\"wp-block-image\">\n<figure class=\"aligncenter size-full is-resized\"><a href=\"https:\/\/www.sedalinne.com\/blog\/wp-content\/uploads\/2023\/05\/manta-plaid-sherpa-a1023-pielsa-1.jpg\"><img loading=\"lazy\" decoding=\"async\" src=\"https:\/\/www.sedalinne.com\/blog\/wp-content\/uploads\/2023\/05\/manta-plaid-sherpa-a1023-pielsa-1.jpg\" alt=\"manta plaid sherpa a1023 pielsa\" class=\"wp-image-5836\" width=\"600\" height=\"600\" srcset=\"https:\/\/www.sedalinne.com\/blog\/wp-content\/uploads\/2023\/05\/manta-plaid-sherpa-a1023-pielsa-1.jpg 800w, https:\/\/www.sedalinne.com\/blog\/wp-content\/uploads\/2023\/05\/manta-plaid-sherpa-a1023-pielsa-1-300x300.jpg 300w, https:\/\/www.sedalinne.com\/blog\/wp-content\/uploads\/2023\/05\/manta-plaid-sherpa-a1023-pielsa-1-150x150.jpg 150w, https:\/\/www.sedalinne.com\/blog\/wp-content\/uploads\/2023\/05\/manta-plaid-sherpa-a1023-pielsa-1-768x768.jpg 768w\" sizes=\"(max-width: 600px) 100vw, 600px\" \/><\/a><\/figure><\/div>\n\n\n<h2 class=\"wp-block-heading\">Fundas para sof\u00e1s que abrazan tu estilo y confort<\/h2>\n\n\n\n<p>El sof\u00e1 es el coraz\u00f3n de la sala de estar, el lugar donde nos relajamos y disfrutamos de momentos de descanso. Las <a href=\"\/fundas-para-sofas\" target=\"_blank\" rel=\"noopener\" title=\"\">fundas para sof\u00e1s<\/a> <strong>son una excelente opci\u00f3n para proteger y renovar nuestros muebles, al tiempo que a\u00f1adimos un toque de elegancia y calidez a la decoraci\u00f3n<\/strong>.\u00a0<\/p>\n\n\n\n<p>En Sedalinne, encontrar\u00e1s una amplia selecci\u00f3n de fundas para sof\u00e1s de diferentes estilos, colores y tejidos, que se adaptar\u00e1n a tus gustos y necesidades. Ya sea que prefieras una funda ajustada y moderna o una funda suave y mullida, seguro encontrar\u00e1s la opci\u00f3n perfecta para abrazar tu estilo y brindarte el m\u00e1ximo confort.<\/p>\n\n\n\n<h2 class=\"wp-block-heading\">Cortinas que visten tus ventanas con encanto<\/h2>\n\n\n\n<p><strong>Las cortinas son elementos clave para crear un ambiente acogedor en cualquier habitaci\u00f3n. <\/strong>No solo controlan la luz y la privacidad, sino que tambi\u00e9n a\u00f1aden un toque de estilo y personalidad a tus espacios.&nbsp;<\/p>\n\n\n\n<p>Tenemos una gran variedad de <a href=\"\/cortinas\" target=\"_blank\" rel=\"noopener\" title=\"\">cortinas que se adaptan a diferentes estilos decorativos<\/a>. Desde cortinas opacas que bloquean la luz y te brindan mayor intimidad, hasta cortinas de voile que permiten que la luz natural fluya delicadamente. Combina diferentes tejidos, patrones y colores para crear un efecto visual fascinante y hacer de tus ventanas el centro de atenci\u00f3n de cada habitaci\u00f3n.<\/p>\n\n\n\n<h2 class=\"wp-block-heading\">Velas y ambientadores que crean una atm\u00f3sfera envolvente<\/h2>\n\n\n\n<p>El aroma es un elemento poderoso para crear una atm\u00f3sfera acogedora en el hogar. <a href=\"\/velas-y-ambientadores\" target=\"_blank\" rel=\"noopener\" title=\"\"><strong>Las velas y los ambientadores<\/strong><\/a><strong> son perfectos para a\u00f1adir un toque de esencia y calma a tus espacios<\/strong>.\u00a0<\/p>\n\n\n\n<p>Desde aromas frescos y c\u00edtricos para revitalizar tus espacios, hasta fragancias suaves y reconfortantes para una experiencia tranquila. Disfruta de momentos de paz y tranquilidad mientras te sumerges en la suave luz y aroma de estos elementos.&nbsp;<\/p>\n\n\n\n<h2 class=\"wp-block-heading\">Cestas y ordenaci\u00f3n para mantener el orden con estilo<\/h2>\n\n\n\n<p><strong>Mantener el orden en el hogar es fundamental para crear una sensaci\u00f3n de calma y tranquilidad<\/strong>. <a href=\"\/cestas-y-ordenacion\" target=\"_blank\" rel=\"noopener\" title=\"\">Las cestas y opciones de ordenaci\u00f3n de Sedalinne<\/a> te ayudar\u00e1n a mantener tus espacios organizados de manera elegante.\u00a0<\/p>\n\n\n\n<p>Encuentra de diferentes tama\u00f1os y materiales, perfectas para almacenar mantas, cojines, juguetes u otros objetos.&nbsp;<\/p>\n\n\n\n<p>Estas soluciones pr\u00e1cticas y decorativas<strong> te permitir\u00e1n mantener el orden sin renunciar al estilo y la belleza en tu hogar.<\/strong><\/p>\n\n\n<div class=\"wp-block-image\">\n<figure class=\"aligncenter size-full is-resized\"><a href=\"https:\/\/www.sedalinne.com\/blog\/wp-content\/uploads\/2023\/05\/funda-cojin-velvet-liso-sansa.jpg\"><img loading=\"lazy\" decoding=\"async\" src=\"https:\/\/www.sedalinne.com\/blog\/wp-content\/uploads\/2023\/05\/funda-cojin-velvet-liso-sansa.jpg\" alt=\"funda coj\u00edn velvet liso sansa\" class=\"wp-image-5835\" width=\"600\" height=\"600\" srcset=\"https:\/\/www.sedalinne.com\/blog\/wp-content\/uploads\/2023\/05\/funda-cojin-velvet-liso-sansa.jpg 800w, https:\/\/www.sedalinne.com\/blog\/wp-content\/uploads\/2023\/05\/funda-cojin-velvet-liso-sansa-300x300.jpg 300w, https:\/\/www.sedalinne.com\/blog\/wp-content\/uploads\/2023\/05\/funda-cojin-velvet-liso-sansa-150x150.jpg 150w, https:\/\/www.sedalinne.com\/blog\/wp-content\/uploads\/2023\/05\/funda-cojin-velvet-liso-sansa-768x768.jpg 768w\" sizes=\"(max-width: 600px) 100vw, 600px\" \/><\/a><\/figure><\/div>\n\n\n<h2 class=\"wp-block-heading\">Cojines que te invitan a relajarte y so\u00f1ar<\/h2>\n\n\n\n<p>Nada a\u00f1ade m\u00e1s comodidad y calidez a tus espacios que unos <a href=\"\/cojines\" target=\"_blank\" rel=\"noopener\" title=\"\">suaves y acogedores cojines<\/a>. Combina diferentes dise\u00f1os y texturas para crear composiciones \u00fanicas que reflejen tu personalidad e inviten a relajarse y so\u00f1ar.<\/p>\n\n\n\n<p>Encuentra en nuestra tienda online una amplia gama de cojines en diferentes tama\u00f1os, formas, colores y texturas.&nbsp;<\/p>\n\n\n\n<h2 class=\"wp-block-heading\">Plaids para sof\u00e1s que brindan calidez y confort<\/h2>\n\n\n\n<p>Nada supera la sensaci\u00f3n de envolverse en un c\u00e1lido plaid mientras te relajas en el sof\u00e1. Por eso, y para buscar ese confort y calidez para hacer de tu casa un lugar mucho m\u00e1s acogedor, <strong>elige colores y estampados que se integren armoniosamente con tu decoraci\u00f3n <\/strong>y disfruta de momentos de relajaci\u00f3n y descanso envuelto en suavidad.<\/p>\n\n\n\n<p>De hecho, en nuestra tienda online contamos con una variedad de <a href=\"\/plaids-sofas\" target=\"_blank\" rel=\"noopener\" title=\"\">plaids para sof\u00e1s<\/a> que te brindar\u00e1n la comodidad y el bienestar que necesitas. Desde tejidos suaves y esponjosos hasta dise\u00f1os elegantes y sofisticados, estos plaids<strong> son el complemento perfecto para tu sala de estar.\u00a0<\/strong><\/p>\n\n\n\n<div style=\"height:100px\" aria-hidden=\"true\" class=\"wp-block-spacer\"><\/div>\n\n\n\n<p>Enam\u00f3rate de la moda textil para el hogar y crea un ambiente \u00fanico que te haga sentir bienvenido y relajado en cada rinc\u00f3n de tu casa. Con <a href=\"\/\" target=\"_blank\" rel=\"noopener\" title=\"\">Sedalinne<\/a>, encontrar\u00e1s los productos perfectos para hacer de tu hogar un lugar acogedor y lleno de encanto. \u00a1No esperes m\u00e1s y comienza a transformar tu hogar hoy mismo!<\/p>\n","protected":false},"excerpt":{"rendered":"<p>Un hogar acogedor es aquel que nos brinda calma, comodidad y nos envuelve en una sensaci\u00f3n de bienestar. Y una forma de lograrlo es a trav\u00e9s de los textiles que elegimos para decorar nuestros espacios. Y, es que, tienen el poder de transformar una habitaci\u00f3n, a\u00f1adiendo suavidad, calidez y estilo.&nbsp; En este art\u00edculo, te ense\u00f1amos &hellip; <a href=\"https:\/\/www.sedalinne.com\/blog\/estos-son-los-textiles-de-hogar-que-haran-tu-casa-mas-acogedora-no-te-los-pierdas\/\" class=\"more-link\">Contin\u00faa leyendo <span class=\"screen-reader-text\">Estos son los textiles de hogar que har\u00e1n tu casa m\u00e1s acogedora. \u00a1No te los pierdas!\u00a0<\/span><\/a><\/p>\n","protected":false},"author":3,"featured_media":5837,"comment_status":"open","ping_status":"closed","sticky":false,"template":"","format":"standard","meta":{"_mi_skip_tracking":false,"_jetpack_memberships_contains_paid_content":false,"footnotes":""},"categories":[6],"tags":[122,47,45,30,53,231,191],"aioseo_notices":[],"jetpack_sharing_enabled":true,"jetpack_featured_media_url":"https:\/\/www.sedalinne.com\/blog\/wp-content\/uploads\/2023\/05\/cortina-ollaos-daniela-jvr-1.jpg","_links":{"self":[{"href":"https:\/\/www.sedalinne.com\/blog\/wp-json\/wp\/v2\/posts\/5834"}],"collection":[{"href":"https:\/\/www.sedalinne.com\/blog\/wp-json\/wp\/v2\/posts"}],"about":[{"href":"https:\/\/www.sedalinne.com\/blog\/wp-json\/wp\/v2\/types\/post"}],"author":[{"embeddable":true,"href":"https:\/\/www.sedalinne.com\/blog\/wp-json\/wp\/v2\/users\/3"}],"replies":[{"embeddable":true,"href":"https:\/\/www.sedalinne.com\/blog\/wp-json\/wp\/v2\/comments?post=5834"}],"version-history":[{"count":1,"href":"https:\/\/www.sedalinne.com\/blog\/wp-json\/wp\/v2\/posts\/5834\/revisions"}],"predecessor-version":[{"id":5838,"href":"https:\/\/www.sedalinne.com\/blog\/wp-json\/wp\/v2\/posts\/5834\/revisions\/5838"}],"wp:featuredmedia":[{"embeddable":true,"href":"https:\/\/www.sedalinne.com\/blog\/wp-json\/wp\/v2\/media\/5837"}],"wp:attachment":[{"href":"https:\/\/www.sedalinne.com\/blog\/wp-json\/wp\/v2\/media?parent=5834"}],"wp:term":[{"taxonomy":"category","embeddable":true,"href":"https:\/\/www.sedalinne.com\/blog\/wp-json\/wp\/v2\/categories?post=5834"},{"taxonomy":"post_tag","embeddable":true,"href":"https:\/\/www.sedalinne.com\/blog\/wp-json\/wp\/v2\/tags?post=5834"}],"curies":[{"name":"wp","href":"https:\/\/api.w.org\/{rel}","templated":true}]}}