{"id":543,"date":"2010-06-22T16:36:00","date_gmt":"2010-06-22T16:36:00","guid":{"rendered":"http:\/\/www.sedalinne.com\/blog\/?p=543"},"modified":"2018-10-11T07:50:12","modified_gmt":"2018-10-11T07:50:12","slug":"ropa-de-cama-real-federacion-espanola-de-futbol","status":"publish","type":"post","link":"https:\/\/www.sedalinne.com\/blog\/ropa-de-cama-real-federacion-espanola-de-futbol\/","title":{"rendered":"Ropa de cama REAL FEDERACI\u00d3N ESPA\u00d1OLA DE FUTBOL"},"content":{"rendered":"\n\n<div class=\"kk-star-ratings kksr-auto kksr-align-left kksr-valign-top\"\n    data-payload='{&quot;align&quot;:&quot;left&quot;,&quot;id&quot;:&quot;543&quot;,&quot;slug&quot;:&quot;default&quot;,&quot;valign&quot;:&quot;top&quot;,&quot;ignore&quot;:&quot;&quot;,&quot;reference&quot;:&quot;auto&quot;,&quot;class&quot;:&quot;&quot;,&quot;count&quot;:&quot;0&quot;,&quot;legendonly&quot;:&quot;&quot;,&quot;readonly&quot;:&quot;&quot;,&quot;score&quot;:&quot;0&quot;,&quot;starsonly&quot;:&quot;&quot;,&quot;best&quot;:&quot;5&quot;,&quot;gap&quot;:&quot;5&quot;,&quot;greet&quot;:&quot;Rate this post&quot;,&quot;legend&quot;:&quot;0\\\/5 - (0 votos)&quot;,&quot;size&quot;:&quot;24&quot;,&quot;width&quot;:&quot;0&quot;,&quot;_legend&quot;:&quot;{score}\\\/{best} - ({count} {votes})&quot;,&quot;font_factor&quot;:&quot;1.25&quot;}'>\n            \n<div class=\"kksr-stars\">\n    \n<div class=\"kksr-stars-inactive\">\n            <div class=\"kksr-star\" data-star=\"1\" style=\"padding-right: 5px\">\n            \n\n<div class=\"kksr-icon\" style=\"width: 24px; height: 24px;\"><\/div>\n        <\/div>\n            <div class=\"kksr-star\" data-star=\"2\" style=\"padding-right: 5px\">\n            \n\n<div class=\"kksr-icon\" style=\"width: 24px; height: 24px;\"><\/div>\n        <\/div>\n            <div class=\"kksr-star\" data-star=\"3\" style=\"padding-right: 5px\">\n            \n\n<div class=\"kksr-icon\" style=\"width: 24px; height: 24px;\"><\/div>\n        <\/div>\n            <div class=\"kksr-star\" data-star=\"4\" style=\"padding-right: 5px\">\n            \n\n<div class=\"kksr-icon\" style=\"width: 24px; height: 24px;\"><\/div>\n        <\/div>\n            <div class=\"kksr-star\" data-star=\"5\" style=\"padding-right: 5px\">\n            \n\n<div class=\"kksr-icon\" style=\"width: 24px; height: 24px;\"><\/div>\n        <\/div>\n    <\/div>\n    \n<div class=\"kksr-stars-active\" style=\"width: 0px;\">\n            <div class=\"kksr-star\" style=\"padding-right: 5px\">\n            \n\n<div class=\"kksr-icon\" style=\"width: 24px; height: 24px;\"><\/div>\n        <\/div>\n            <div class=\"kksr-star\" style=\"padding-right: 5px\">\n            \n\n<div class=\"kksr-icon\" style=\"width: 24px; height: 24px;\"><\/div>\n        <\/div>\n            <div class=\"kksr-star\" style=\"padding-right: 5px\">\n            \n\n<div class=\"kksr-icon\" style=\"width: 24px; height: 24px;\"><\/div>\n        <\/div>\n            <div class=\"kksr-star\" style=\"padding-right: 5px\">\n            \n\n<div class=\"kksr-icon\" style=\"width: 24px; height: 24px;\"><\/div>\n        <\/div>\n            <div class=\"kksr-star\" style=\"padding-right: 5px\">\n            \n\n<div class=\"kksr-icon\" style=\"width: 24px; height: 24px;\"><\/div>\n        <\/div>\n    <\/div>\n<\/div>\n                \n\n<div class=\"kksr-legend\" style=\"font-size: 19.2px;\">\n            <span class=\"kksr-muted\">Rate this post<\/span>\n    <\/div>\n    <\/div>\n<p><a href=\"http:\/\/www.sedalinne.com\/blog\/wp-content\/uploads\/2010\/06\/federacion-espa-C3-B1ola.jpg\"><img decoding=\"async\" style=\"margin:0px auto 10px;text-align:center;cursor:pointer;cursor:hand;width: 320px;height: 230px\" src=\"http:\/\/www.sedalinne.com\/blog\/wp-content\/uploads\/2010\/06\/federacion-espa-C3-B1ola-300x216.jpg\" border=\"0\" alt=\"\" id=\"BLOGGER_PHOTO_ID_5485638353416911730\" \/><\/a><\/p>\n<div style=\"text-align: justify\">Descubre con estas <a href=\"http:\/\/www.sedalinne.com\/catalogo\/articulos2.php?fam=F4&amp;mar=MF05\">s\u00e1banas n\u00f3rdicas<\/a> una forma muy sencilla de apoyar a la REAL FEDERACION ESPA\u00d1OLA DE F\u00daTBOL.<\/div>\n<div style=\"text-align: justify\"><\/div>\n<div style=\"text-align: justify\">El juego consta de s\u00e1bana bajera, funda n\u00f3rdica y funda almohada.<\/div>\n<div style=\"text-align: justify\">Disponible en 1 medida<\/div>\n<div style=\"text-align: justify\"><\/div>\n<div style=\"text-align: justify\">La Real Federaci\u00f3n Espa\u00f1ola de F\u00fatbol es el organismo rector del f\u00fatbol en Espa\u00f1a. Fue fundada en 1913, aunque tiene su antecedente directo en la Federaci\u00f3n Espa\u00f1ola de Clubs de Football, constituida en 1909. Est\u00e1 afiliada a la FIFA, UEFA, COI y COE.<\/div>\n<div style=\"text-align: justify\"><\/div>\n<div style=\"text-align: justify\">A 30 de junio de 2007 ten\u00eda 18.286 clubes inscritos y 697.195 futbolistas federados, lo que la convierte en la federaci\u00f3n deportiva con m\u00e1s licencias de Espa\u00f1a.<\/div>\n<div style=\"text-align: justify\"><\/div>\n<div style=\"text-align: justify\">Hist\u00f3ricamente, desde su fundaci\u00f3n, su sede estaba en Madrid. Desde 2003 se ha trasladado a la vecina localidad de Las Rozas, donde se encuentra la Ciudad del F\u00fatbol.<\/div>\n<p><!--more--><\/p>\n","protected":false},"excerpt":{"rendered":"<p>Descubre con estas s\u00e1banas n\u00f3rdicas una forma muy sencilla de apoyar a la REAL FEDERACION ESPA\u00d1OLA DE F\u00daTBOL. El juego consta de s\u00e1bana bajera, funda n\u00f3rdica y funda almohada. Disponible en 1 medida La Real Federaci\u00f3n Espa\u00f1ola de F\u00fatbol es el organismo rector del f\u00fatbol en Espa\u00f1a. Fue fundada en 1913, aunque tiene su antecedente &hellip; <a href=\"https:\/\/www.sedalinne.com\/blog\/ropa-de-cama-real-federacion-espanola-de-futbol\/\" class=\"more-link\">Contin\u00faa leyendo <span class=\"screen-reader-text\">Ropa de cama REAL FEDERACI\u00d3N ESPA\u00d1OLA DE FUTBOL<\/span><\/a><\/p>\n","protected":false},"author":2,"featured_media":2827,"comment_status":"open","ping_status":"open","sticky":false,"template":"","format":"standard","meta":{"_mi_skip_tracking":false,"_jetpack_memberships_contains_paid_content":false,"footnotes":""},"categories":[5,2],"tags":[],"aioseo_notices":[],"jetpack_sharing_enabled":true,"jetpack_featured_media_url":"https:\/\/www.sedalinne.com\/blog\/wp-content\/uploads\/2010\/06\/federacion-espa-C3-B1ola.jpg","_links":{"self":[{"href":"https:\/\/www.sedalinne.com\/blog\/wp-json\/wp\/v2\/posts\/543"}],"collection":[{"href":"https:\/\/www.sedalinne.com\/blog\/wp-json\/wp\/v2\/posts"}],"about":[{"href":"https:\/\/www.sedalinne.com\/blog\/wp-json\/wp\/v2\/types\/post"}],"author":[{"embeddable":true,"href":"https:\/\/www.sedalinne.com\/blog\/wp-json\/wp\/v2\/users\/2"}],"replies":[{"embeddable":true,"href":"https:\/\/www.sedalinne.com\/blog\/wp-json\/wp\/v2\/comments?post=543"}],"version-history":[{"count":1,"href":"https:\/\/www.sedalinne.com\/blog\/wp-json\/wp\/v2\/posts\/543\/revisions"}],"predecessor-version":[{"id":4686,"href":"https:\/\/www.sedalinne.com\/blog\/wp-json\/wp\/v2\/posts\/543\/revisions\/4686"}],"wp:featuredmedia":[{"embeddable":true,"href":"https:\/\/www.sedalinne.com\/blog\/wp-json\/wp\/v2\/media\/2827"}],"wp:attachment":[{"href":"https:\/\/www.sedalinne.com\/blog\/wp-json\/wp\/v2\/media?parent=543"}],"wp:term":[{"taxonomy":"category","embeddable":true,"href":"https:\/\/www.sedalinne.com\/blog\/wp-json\/wp\/v2\/categories?post=543"},{"taxonomy":"post_tag","embeddable":true,"href":"https:\/\/www.sedalinne.com\/blog\/wp-json\/wp\/v2\/tags?post=543"}],"curies":[{"name":"wp","href":"https:\/\/api.w.org\/{rel}","templated":true}]}}