{"id":516,"date":"2010-08-06T23:17:00","date_gmt":"2010-08-06T23:17:00","guid":{"rendered":"http:\/\/www.sedalinne.com\/blog\/?p=516"},"modified":"2018-10-11T07:50:11","modified_gmt":"2018-10-11T07:50:11","slug":"bebes-%c2%a8ropa-de-cuna%c2%a8","status":"publish","type":"post","link":"https:\/\/www.sedalinne.com\/blog\/bebes-%c2%a8ropa-de-cuna%c2%a8\/","title":{"rendered":"Bebes \u00a8Ropa de cuna\u00a8"},"content":{"rendered":"\n\n<div class=\"kk-star-ratings kksr-auto kksr-align-left kksr-valign-top\"\n    data-payload='{&quot;align&quot;:&quot;left&quot;,&quot;id&quot;:&quot;516&quot;,&quot;slug&quot;:&quot;default&quot;,&quot;valign&quot;:&quot;top&quot;,&quot;ignore&quot;:&quot;&quot;,&quot;reference&quot;:&quot;auto&quot;,&quot;class&quot;:&quot;&quot;,&quot;count&quot;:&quot;0&quot;,&quot;legendonly&quot;:&quot;&quot;,&quot;readonly&quot;:&quot;&quot;,&quot;score&quot;:&quot;0&quot;,&quot;starsonly&quot;:&quot;&quot;,&quot;best&quot;:&quot;5&quot;,&quot;gap&quot;:&quot;5&quot;,&quot;greet&quot;:&quot;Rate this post&quot;,&quot;legend&quot;:&quot;0\\\/5 - (0 votos)&quot;,&quot;size&quot;:&quot;24&quot;,&quot;width&quot;:&quot;0&quot;,&quot;_legend&quot;:&quot;{score}\\\/{best} - ({count} {votes})&quot;,&quot;font_factor&quot;:&quot;1.25&quot;}'>\n            \n<div class=\"kksr-stars\">\n    \n<div class=\"kksr-stars-inactive\">\n            <div class=\"kksr-star\" data-star=\"1\" style=\"padding-right: 5px\">\n            \n\n<div class=\"kksr-icon\" style=\"width: 24px; height: 24px;\"><\/div>\n        <\/div>\n            <div class=\"kksr-star\" data-star=\"2\" style=\"padding-right: 5px\">\n            \n\n<div class=\"kksr-icon\" style=\"width: 24px; height: 24px;\"><\/div>\n        <\/div>\n            <div class=\"kksr-star\" data-star=\"3\" style=\"padding-right: 5px\">\n            \n\n<div class=\"kksr-icon\" style=\"width: 24px; height: 24px;\"><\/div>\n        <\/div>\n            <div class=\"kksr-star\" data-star=\"4\" style=\"padding-right: 5px\">\n            \n\n<div class=\"kksr-icon\" style=\"width: 24px; height: 24px;\"><\/div>\n        <\/div>\n            <div class=\"kksr-star\" data-star=\"5\" style=\"padding-right: 5px\">\n            \n\n<div class=\"kksr-icon\" style=\"width: 24px; height: 24px;\"><\/div>\n        <\/div>\n    <\/div>\n    \n<div class=\"kksr-stars-active\" style=\"width: 0px;\">\n            <div class=\"kksr-star\" style=\"padding-right: 5px\">\n            \n\n<div class=\"kksr-icon\" style=\"width: 24px; height: 24px;\"><\/div>\n        <\/div>\n            <div class=\"kksr-star\" style=\"padding-right: 5px\">\n            \n\n<div class=\"kksr-icon\" style=\"width: 24px; height: 24px;\"><\/div>\n        <\/div>\n            <div class=\"kksr-star\" style=\"padding-right: 5px\">\n            \n\n<div class=\"kksr-icon\" style=\"width: 24px; height: 24px;\"><\/div>\n        <\/div>\n            <div class=\"kksr-star\" style=\"padding-right: 5px\">\n            \n\n<div class=\"kksr-icon\" style=\"width: 24px; height: 24px;\"><\/div>\n        <\/div>\n            <div class=\"kksr-star\" style=\"padding-right: 5px\">\n            \n\n<div class=\"kksr-icon\" style=\"width: 24px; height: 24px;\"><\/div>\n        <\/div>\n    <\/div>\n<\/div>\n                \n\n<div class=\"kksr-legend\" style=\"font-size: 19.2px;\">\n            <span class=\"kksr-muted\">Rate this post<\/span>\n    <\/div>\n    <\/div>\n<p><a href=\"http:\/\/www.sedalinne.com\/blog\/wp-content\/uploads\/2010\/08\/set.jpg\"><img decoding=\"async\" style=\"margin:0px auto 10px;text-align:center;cursor:pointer;cursor:hand;width: 320px;height: 230px\" src=\"http:\/\/www.sedalinne.com\/blog\/wp-content\/uploads\/2010\/08\/set-300x216.jpg\" border=\"0\" alt=\"\" id=\"BLOGGER_PHOTO_ID_5502440569182881122\" \/><\/a><\/p>\n<div style=\"text-align: justify\"><\/div>\n<div style=\"text-align: justify\">Cuando tenemos un ni\u00f1o no s\u00f3lo buscamos lo mejor para \u00e9l, sino tambi\u00e9n buscamos darle un hogar en donde pueda desarrollarse plenamente y, principalmente en donde se sienta c\u00f3modo. La <a href=\"http:\/\/www.sedalinne.com\/catalogo\/marcas.php?fam=F5\">habitaci\u00f3n del beb\u00e9<\/a> deber ser amplia no solamente para poder alcanzar esa comodidad que acabamos de mencionar, sino tambi\u00e9n para que tenga espacio para explorar y para que tambi\u00e9n resulte c\u00f3mo sala de juegos para que los padres puedan jugar con su ni\u00f1o.<\/div>\n<div style=\"text-align: justify\">No nos olvidemos que el ambiente en donde crecer\u00e1 nuestro ni\u00f1o debe ser c\u00e1lido, estimulante, seguro y agradable y no podemos esperar hasta \u00faltimo momento para empezar el confeccionamiento y decoraci\u00f3n del cuarto de beb\u00e9. Cerca del quinto mes de embarazo ya ser\u00e1 hora de empezar con estos preparativos, sabiendo el sexo que nuestro ni\u00f1o tendr\u00e1 nos ayudar\u00e1 en gran forma en la elecci\u00f3n del tema para realizar la decoraci\u00f3n de su cuarto. De todas formas la habitaci\u00f3n de beb\u00e9, en muchos casos puede ser decorada con ciertos par\u00e1metros que son indistintos al sexo del beb\u00e9; por ejemplo, en caso de utilizar la imagen de<a href=\"http:\/\/www.sedalinne.com\/catalogo\/articulos2.php?fam=F4&amp;mar=MD03\">Winnie The  Pooh<\/a> ser\u00eda conveniente en el caso de no querer saber el sexo, ya que la misma es tan v\u00e1lida tanto para mujeres como para varones. Lo mismo ocurre cuando de ositos se trata, o de animales, etc. La habitaci\u00f3n debe ser distinguida cuando el tema es m\u00e1s puntual, ese es el caso de si se tiene una mujercita y se quiere adornar la habitaci\u00f3n de beb\u00e9 con la figura de<a href=\"http:\/\/www.sedalinne.com\/catalogo\/articulos2.php?fam=F4&amp;col=&amp;tam=&amp;mar=MD04&amp;x=32&amp;y=15\"> blanca nieves<\/a>, <a href=\"http:\/\/www.sedalinne.com\/catalogo\/articulos2.php?fam=F4&amp;col=&amp;tam=&amp;mar=MB02&amp;x=19&amp;y=8\">Barbie<\/a>, u otros que delatan el sexo del beb\u00e9.<\/div>\n<div style=\"text-align: justify\">La decoraci\u00f3n de la habitaci\u00f3n de beb\u00e9 no implica solamente los muros, el techo y el piso, el ni\u00f1o tendr\u00e1 una cama y s\u00e1banas y cobertores, aqu\u00ed tambi\u00e9n se vuelven a hacer presente las figuras infantiles y tenemos las mismas elecciones que las anteriores: hacer que se distinga el sexo del ni\u00f1o o utilizar decoraci\u00f3n ambigua.<\/div>\n<div style=\"text-align: justify\">Con el correr del tiempo, las tradiciones con respecto a las decoraciones infantiles fueron cambiando, ya es casi imposible ver los muros pintado de azul o celeste en las<a href=\"http:\/\/www.sedalinne.com\/catalogo\/marcas.php?fam=F4\"> habitaciones <\/a>de los varones y el rosa en la de las ni\u00f1as, Actualmente la mayor parte de las familias optan por aplicar el color beige en la habitaci\u00f3n de beb\u00e9, el amarillo claro o incluso el lila son muy demandados. Por lo general siempre se tiende a recomendar colores claros en los cuartos ya que les transmiten al ni\u00f1o una sensaci\u00f3n agradable, de paz y confort.<\/div>\n<p><!--more--><\/p>\n","protected":false},"excerpt":{"rendered":"<p>Cuando tenemos un ni\u00f1o no s\u00f3lo buscamos lo mejor para \u00e9l, sino tambi\u00e9n buscamos darle un hogar en donde pueda desarrollarse plenamente y, principalmente en donde se sienta c\u00f3modo. La habitaci\u00f3n del beb\u00e9 deber ser amplia no solamente para poder alcanzar esa comodidad que acabamos de mencionar, sino tambi\u00e9n para que tenga espacio para explorar &hellip; <a href=\"https:\/\/www.sedalinne.com\/blog\/bebes-%c2%a8ropa-de-cuna%c2%a8\/\" class=\"more-link\">Contin\u00faa leyendo <span class=\"screen-reader-text\">Bebes \u00a8Ropa de cuna\u00a8<\/span><\/a><\/p>\n","protected":false},"author":2,"featured_media":2801,"comment_status":"open","ping_status":"open","sticky":false,"template":"","format":"standard","meta":{"_mi_skip_tracking":false,"_jetpack_memberships_contains_paid_content":false,"footnotes":""},"categories":[6,14],"tags":[],"aioseo_notices":[],"jetpack_sharing_enabled":true,"jetpack_featured_media_url":"https:\/\/www.sedalinne.com\/blog\/wp-content\/uploads\/2010\/08\/set.jpg","_links":{"self":[{"href":"https:\/\/www.sedalinne.com\/blog\/wp-json\/wp\/v2\/posts\/516"}],"collection":[{"href":"https:\/\/www.sedalinne.com\/blog\/wp-json\/wp\/v2\/posts"}],"about":[{"href":"https:\/\/www.sedalinne.com\/blog\/wp-json\/wp\/v2\/types\/post"}],"author":[{"embeddable":true,"href":"https:\/\/www.sedalinne.com\/blog\/wp-json\/wp\/v2\/users\/2"}],"replies":[{"embeddable":true,"href":"https:\/\/www.sedalinne.com\/blog\/wp-json\/wp\/v2\/comments?post=516"}],"version-history":[{"count":1,"href":"https:\/\/www.sedalinne.com\/blog\/wp-json\/wp\/v2\/posts\/516\/revisions"}],"predecessor-version":[{"id":4665,"href":"https:\/\/www.sedalinne.com\/blog\/wp-json\/wp\/v2\/posts\/516\/revisions\/4665"}],"wp:featuredmedia":[{"embeddable":true,"href":"https:\/\/www.sedalinne.com\/blog\/wp-json\/wp\/v2\/media\/2801"}],"wp:attachment":[{"href":"https:\/\/www.sedalinne.com\/blog\/wp-json\/wp\/v2\/media?parent=516"}],"wp:term":[{"taxonomy":"category","embeddable":true,"href":"https:\/\/www.sedalinne.com\/blog\/wp-json\/wp\/v2\/categories?post=516"},{"taxonomy":"post_tag","embeddable":true,"href":"https:\/\/www.sedalinne.com\/blog\/wp-json\/wp\/v2\/tags?post=516"}],"curies":[{"name":"wp","href":"https:\/\/api.w.org\/{rel}","templated":true}]}}