{"id":4964,"date":"2019-04-29T10:00:36","date_gmt":"2019-04-29T10:00:36","guid":{"rendered":"https:\/\/www.sedalinne.com\/blog\/?p=4964"},"modified":"2019-04-11T13:48:05","modified_gmt":"2019-04-11T13:48:05","slug":"textiles-de-hogar-en-los-que-invertir-esta-primavera","status":"publish","type":"post","link":"https:\/\/www.sedalinne.com\/blog\/textiles-de-hogar-en-los-que-invertir-esta-primavera\/","title":{"rendered":"Textiles de hogar en los que invertir esta primavera"},"content":{"rendered":"\n\n<div class=\"kk-star-ratings kksr-auto kksr-align-left kksr-valign-top\"\n    data-payload='{&quot;align&quot;:&quot;left&quot;,&quot;id&quot;:&quot;4964&quot;,&quot;slug&quot;:&quot;default&quot;,&quot;valign&quot;:&quot;top&quot;,&quot;ignore&quot;:&quot;&quot;,&quot;reference&quot;:&quot;auto&quot;,&quot;class&quot;:&quot;&quot;,&quot;count&quot;:&quot;1&quot;,&quot;legendonly&quot;:&quot;&quot;,&quot;readonly&quot;:&quot;&quot;,&quot;score&quot;:&quot;5&quot;,&quot;starsonly&quot;:&quot;&quot;,&quot;best&quot;:&quot;5&quot;,&quot;gap&quot;:&quot;5&quot;,&quot;greet&quot;:&quot;Rate this post&quot;,&quot;legend&quot;:&quot;5\\\/5 - (1 voto)&quot;,&quot;size&quot;:&quot;24&quot;,&quot;width&quot;:&quot;142.5&quot;,&quot;_legend&quot;:&quot;{score}\\\/{best} - ({count} {votes})&quot;,&quot;font_factor&quot;:&quot;1.25&quot;}'>\n            \n<div class=\"kksr-stars\">\n    \n<div class=\"kksr-stars-inactive\">\n            <div class=\"kksr-star\" data-star=\"1\" style=\"padding-right: 5px\">\n            \n\n<div class=\"kksr-icon\" style=\"width: 24px; height: 24px;\"><\/div>\n        <\/div>\n            <div class=\"kksr-star\" data-star=\"2\" style=\"padding-right: 5px\">\n            \n\n<div class=\"kksr-icon\" style=\"width: 24px; height: 24px;\"><\/div>\n        <\/div>\n            <div class=\"kksr-star\" data-star=\"3\" style=\"padding-right: 5px\">\n            \n\n<div class=\"kksr-icon\" style=\"width: 24px; height: 24px;\"><\/div>\n        <\/div>\n            <div class=\"kksr-star\" data-star=\"4\" style=\"padding-right: 5px\">\n            \n\n<div class=\"kksr-icon\" style=\"width: 24px; height: 24px;\"><\/div>\n        <\/div>\n            <div class=\"kksr-star\" data-star=\"5\" style=\"padding-right: 5px\">\n            \n\n<div class=\"kksr-icon\" style=\"width: 24px; height: 24px;\"><\/div>\n        <\/div>\n    <\/div>\n    \n<div class=\"kksr-stars-active\" style=\"width: 142.5px;\">\n            <div class=\"kksr-star\" style=\"padding-right: 5px\">\n            \n\n<div class=\"kksr-icon\" style=\"width: 24px; height: 24px;\"><\/div>\n        <\/div>\n            <div class=\"kksr-star\" style=\"padding-right: 5px\">\n            \n\n<div class=\"kksr-icon\" style=\"width: 24px; height: 24px;\"><\/div>\n        <\/div>\n            <div class=\"kksr-star\" style=\"padding-right: 5px\">\n            \n\n<div class=\"kksr-icon\" style=\"width: 24px; height: 24px;\"><\/div>\n        <\/div>\n            <div class=\"kksr-star\" style=\"padding-right: 5px\">\n            \n\n<div class=\"kksr-icon\" style=\"width: 24px; height: 24px;\"><\/div>\n        <\/div>\n            <div class=\"kksr-star\" style=\"padding-right: 5px\">\n            \n\n<div class=\"kksr-icon\" style=\"width: 24px; height: 24px;\"><\/div>\n        <\/div>\n    <\/div>\n<\/div>\n                \n\n<div class=\"kksr-legend\" style=\"font-size: 19.2px;\">\n            5\/5 - (1 voto)    <\/div>\n    <\/div>\n<p>Si est\u00e1s pensando <strong>en qu\u00e9 textiles del hogar es buena idea invertir esta primavera<\/strong>, vamos a darte algunas ideas.\u00a0Descubre cu\u00e1les son los <strong>imprescindibles para tu hogar esta primavera<\/strong> de la mano de algunas de las mejores marcas con las que trabajamos en nuestro cat\u00e1logo.<\/p>\n<p><!--more--><\/p>\n<h2 class=\"western\">Una colcha bouti reversible\u00a0de Fundeco<\/h2>\n<p>Las colchas bouti son ideales para esta primavera pero si adem\u00e1s inviertes en una colcha reversible como las que propone la firma Fundeco estar\u00e1s consiguiendo m\u00e1s por el mismo dinero. Estas colchas tienen un tono diferente por cada lado para que puedes modificar el aspecto de tu dormitorio. Pero, por supuesto, ambos colores est\u00e1n dentro de una misma gama para que no haya que cambiar nada m\u00e1s en la habitaci\u00f3n.<\/p>\n<p><img loading=\"lazy\" decoding=\"async\" class=\"aligncenter size-full wp-image-4965\" src=\"https:\/\/www.sedalinne.com\/blog\/wp-content\/uploads\/2019\/04\/colcha-bouti-reversible-homer-fundeco.jpg\" alt=\"colcha-bouti-reversible-homer-fundeco\" width=\"800\" height=\"400\" srcset=\"https:\/\/www.sedalinne.com\/blog\/wp-content\/uploads\/2019\/04\/colcha-bouti-reversible-homer-fundeco.jpg 800w, https:\/\/www.sedalinne.com\/blog\/wp-content\/uploads\/2019\/04\/colcha-bouti-reversible-homer-fundeco-300x150.jpg 300w, https:\/\/www.sedalinne.com\/blog\/wp-content\/uploads\/2019\/04\/colcha-bouti-reversible-homer-fundeco-768x384.jpg 768w\" sizes=\"(max-width: 800px) 100vw, 800px\" \/><\/p>\n<p>Tu cama tendr\u00e1 todo el color que necesitas y podr\u00e1s variar cuando te apetezca sin tener que gastar m\u00e1s dinero y sin tener tampoco que disponer de espacio para guardar la colcha que no est\u00e9s utilizando. Por si fuera poco, adem\u00e1s de ser muy pr\u00e1cticas las colchas bouti Fundeco son muy bonitas y actuales. Sus dise\u00f1os son cuidados y muy atractivos y tu dormitorio ganar\u00e1 muchos puntos en decoraci\u00f3n gracias a ellas. Un acierto lo mires por donde lo mires porque estas colchas se van a convertir en imprescindibles para ti.<\/p>\n<h2 class=\"western\">Un <a href=\"\/juegos-de-sabanas-100-algodon\" target=\"_blank\" rel=\"noopener\">juego de s\u00e1banas cien por cien algod\u00f3n<\/a><\/h2>\n<p>Las ventajas de las s\u00e1banas de algod\u00f3n al cien por cien con muchas respecto a otros materiales cuando el calor comienza a aparecer. <strong>Son las m\u00e1s transpirables<\/strong> y, por tanto, las que ofrecen mayores garant\u00edas de que la cama estar\u00e1 seca durante toda la noche. Pocas cosas son m\u00e1s desagradables que sudar en verano y sentir el llamado efecto sauna, con la humedad pegada en la piel y sin que las s\u00e1banas sean capaces de absorberla. Gracias al algod\u00f3n la piel estar\u00e1 seca y, adem\u00e1s, protegida de las alergias y de las reacciones que pueden causar los materiales sint\u00e9ticos en las pieles m\u00e1s sensibles.<\/p>\n<p>&nbsp;<\/p>\n<p>Una de nuestras marcas, Iceberg ha tenido la genial idea de sacar una colecci\u00f3n de s\u00e1banas de algod\u00f3n cien por cien muy modernas y actuales. Ya no hay que limitarse a las t\u00edpicas s\u00e1banas blancas ni a los modelos de toda la vida.<\/p>\n<figure id=\"attachment_4967\" aria-describedby=\"caption-attachment-4967\" style=\"width: 800px\" class=\"wp-caption aligncenter\"><a href=\"\/juegos-de-sabanas-100-algodon\/juego-sabanas-ciutadella-iceberg\"><img loading=\"lazy\" decoding=\"async\" class=\"wp-image-4967 size-full\" title=\"S\u00e1banas 100% Algod\u00f3n Iceberg\" src=\"https:\/\/www.sedalinne.com\/blog\/wp-content\/uploads\/2019\/04\/juego-sabanas-ciutadella-iceberg.jpg\" alt=\"juego-sabanas-ciutadella-iceberg\" width=\"800\" height=\"800\" srcset=\"https:\/\/www.sedalinne.com\/blog\/wp-content\/uploads\/2019\/04\/juego-sabanas-ciutadella-iceberg.jpg 800w, https:\/\/www.sedalinne.com\/blog\/wp-content\/uploads\/2019\/04\/juego-sabanas-ciutadella-iceberg-150x150.jpg 150w, https:\/\/www.sedalinne.com\/blog\/wp-content\/uploads\/2019\/04\/juego-sabanas-ciutadella-iceberg-300x300.jpg 300w, https:\/\/www.sedalinne.com\/blog\/wp-content\/uploads\/2019\/04\/juego-sabanas-ciutadella-iceberg-768x768.jpg 768w\" sizes=\"(max-width: 800px) 100vw, 800px\" \/><\/a><figcaption id=\"caption-attachment-4967\" class=\"wp-caption-text\">S\u00e1banas 100% Algod\u00f3n Iceberg<\/figcaption><\/figure>\n<p>Iceberg nos ofrece modelos muy modernos, con una gran variedad de estampados y de colores, que est\u00e1n a la altura de las s\u00e1banas m\u00e1s actuales pero con el plus de ser de algod\u00f3n completamente. Gracias a la calidad de su algod\u00f3n, los colores se mantienen con los lavados y estas s\u00e1banas se ver\u00e1n como el primer d\u00eda durante mucho, mucho tiempo.<\/p>\n<h2 class=\"western\">Un mantel resinado de Martina Home<\/h2>\n<p>Los manteles resinados son aquellos que cuentan con una superficie satinada que pele las manchas. Esto significa que no deja que se impregnen en la tela, pudiendo retirarse f\u00e1cilmente con un pa\u00f1o h\u00famedo.<\/p>\n<p>Tienen por tanto muchas de las ventajas de los manteles pl\u00e1sticos o hules, al poder limpiarse sin tener que ir a la lavadora, pero tambi\u00e9n cuentan con las ventajas de los manteles de tela, ya que a fin de cuentas son manteles de tela que <strong>conservan la elegancia y la comodidad de los mismos<\/strong>.<\/p>\n<p>Un buen ejemplo es el mantel Caracolas de Martina Home. Este mantel es ideal para la primavera ya que su motivo no puede ser m\u00e1s veraniego. Sus dos tonos son muy f\u00e1ciles de combinar con cualquier elemento de la cocina o del comedor y es perfecto para cualquier ocasi\u00f3n informal.<\/p>\n<p><a href=\"\/manteles-resinados\/mantel-resinado-caracolas-martina-home\"><img loading=\"lazy\" decoding=\"async\" class=\"aligncenter size-full wp-image-4968\" src=\"https:\/\/www.sedalinne.com\/blog\/wp-content\/uploads\/2019\/04\/mantel-resinado-caracolas-martina-home.jpg\" alt=\"mantel-resinado-caracolas-martina-home\" width=\"800\" height=\"800\" srcset=\"https:\/\/www.sedalinne.com\/blog\/wp-content\/uploads\/2019\/04\/mantel-resinado-caracolas-martina-home.jpg 800w, https:\/\/www.sedalinne.com\/blog\/wp-content\/uploads\/2019\/04\/mantel-resinado-caracolas-martina-home-150x150.jpg 150w, https:\/\/www.sedalinne.com\/blog\/wp-content\/uploads\/2019\/04\/mantel-resinado-caracolas-martina-home-300x300.jpg 300w, https:\/\/www.sedalinne.com\/blog\/wp-content\/uploads\/2019\/04\/mantel-resinado-caracolas-martina-home-768x768.jpg 768w\" sizes=\"(max-width: 800px) 100vw, 800px\" \/><\/a><\/p>\n<p>Con \u00e9l, vas a cambiar el aspecto de mesa para todos los d\u00edas y va a ser una gran inversi\u00f3n porque permitir\u00e1 que tu familia vuelva a disfrutar del placer de comer en una mesa con mantel de tela a diario sin tener que estar lav\u00e1ndolo cada d\u00eda para que siga vi\u00e9ndose bonito y sin manchas.<\/p>\n<h2 class=\"western\">Unas cortinas de ojales de JVR<\/h2>\n<p>Las cortinas de ojales son muy c\u00f3modas, tanto para poner y quitar como para mover todos los d\u00edas. Si todav\u00eda no te has rendido a sus encantos hazlo ya porque vas a ver la cantidad de trabajo que te ahorran cada vez que toque lavarlas. Solo tendr\u00e1s que descolgar un lado de la barra, dejar salir la cortina y, cuando acabe de lavarse, volver a colgarla para que seque en la barra y se alise por su propio peso.<\/p>\n<p>Y si todas esas ventajas no te convencen, echa un vistazo a la nueva colecci\u00f3n de cortinas de ojales de JVR y ver\u00e1s por qu\u00e9 cada vez m\u00e1s gente se rinde a sus encantos.<\/p>\n<p><a href=\"\/cortinas-y-visillos\/cortina-ollaos-chantilly-jvr\"><img loading=\"lazy\" decoding=\"async\" class=\"aligncenter size-full wp-image-4969\" src=\"https:\/\/www.sedalinne.com\/blog\/wp-content\/uploads\/2019\/04\/cortina-ollaos-chantilly-jvr.jpg\" alt=\"cortina-ollaos-chantilly-jvr\" width=\"800\" height=\"800\" srcset=\"https:\/\/www.sedalinne.com\/blog\/wp-content\/uploads\/2019\/04\/cortina-ollaos-chantilly-jvr.jpg 800w, https:\/\/www.sedalinne.com\/blog\/wp-content\/uploads\/2019\/04\/cortina-ollaos-chantilly-jvr-150x150.jpg 150w, https:\/\/www.sedalinne.com\/blog\/wp-content\/uploads\/2019\/04\/cortina-ollaos-chantilly-jvr-300x300.jpg 300w, https:\/\/www.sedalinne.com\/blog\/wp-content\/uploads\/2019\/04\/cortina-ollaos-chantilly-jvr-768x768.jpg 768w\" sizes=\"(max-width: 800px) 100vw, 800px\" \/><\/a><\/p>\n<p>Sus dise\u00f1os son muy bonitos y actuales y los hay para combinar con todos los colores que son tendencia, de modo que encontrar la cortina que encaje con tu dormitorio va a ser una tarea sencilla.<\/p>\n<p>Lo \u00fanico complicado va a ser tener que elegir entre modelos tan bonitos y elegantes.<\/p>\n","protected":false},"excerpt":{"rendered":"<p>Si est\u00e1s pensando en qu\u00e9 textiles del hogar es buena idea invertir esta primavera, vamos a darte algunas ideas.\u00a0Descubre cu\u00e1les son los imprescindibles para tu hogar esta primavera de la mano de algunas de las mejores marcas con las que trabajamos en nuestro cat\u00e1logo.<\/p>\n","protected":false},"author":3,"featured_media":4965,"comment_status":"open","ping_status":"closed","sticky":false,"template":"","format":"standard","meta":{"_mi_skip_tracking":false,"_jetpack_memberships_contains_paid_content":false,"footnotes":""},"categories":[212],"tags":[],"aioseo_notices":[],"jetpack_sharing_enabled":true,"jetpack_featured_media_url":"https:\/\/www.sedalinne.com\/blog\/wp-content\/uploads\/2019\/04\/colcha-bouti-reversible-homer-fundeco.jpg","_links":{"self":[{"href":"https:\/\/www.sedalinne.com\/blog\/wp-json\/wp\/v2\/posts\/4964"}],"collection":[{"href":"https:\/\/www.sedalinne.com\/blog\/wp-json\/wp\/v2\/posts"}],"about":[{"href":"https:\/\/www.sedalinne.com\/blog\/wp-json\/wp\/v2\/types\/post"}],"author":[{"embeddable":true,"href":"https:\/\/www.sedalinne.com\/blog\/wp-json\/wp\/v2\/users\/3"}],"replies":[{"embeddable":true,"href":"https:\/\/www.sedalinne.com\/blog\/wp-json\/wp\/v2\/comments?post=4964"}],"version-history":[{"count":2,"href":"https:\/\/www.sedalinne.com\/blog\/wp-json\/wp\/v2\/posts\/4964\/revisions"}],"predecessor-version":[{"id":4970,"href":"https:\/\/www.sedalinne.com\/blog\/wp-json\/wp\/v2\/posts\/4964\/revisions\/4970"}],"wp:featuredmedia":[{"embeddable":true,"href":"https:\/\/www.sedalinne.com\/blog\/wp-json\/wp\/v2\/media\/4965"}],"wp:attachment":[{"href":"https:\/\/www.sedalinne.com\/blog\/wp-json\/wp\/v2\/media?parent=4964"}],"wp:term":[{"taxonomy":"category","embeddable":true,"href":"https:\/\/www.sedalinne.com\/blog\/wp-json\/wp\/v2\/categories?post=4964"},{"taxonomy":"post_tag","embeddable":true,"href":"https:\/\/www.sedalinne.com\/blog\/wp-json\/wp\/v2\/tags?post=4964"}],"curies":[{"name":"wp","href":"https:\/\/api.w.org\/{rel}","templated":true}]}}