{"id":4958,"date":"2019-04-19T10:00:45","date_gmt":"2019-04-19T10:00:45","guid":{"rendered":"https:\/\/www.sedalinne.com\/blog\/?p=4958"},"modified":"2019-04-11T13:48:41","modified_gmt":"2019-04-11T13:48:41","slug":"trucos-faciles-para-decorar-tu-terraza-a-la-ultima","status":"publish","type":"post","link":"https:\/\/www.sedalinne.com\/blog\/trucos-faciles-para-decorar-tu-terraza-a-la-ultima\/","title":{"rendered":"Trucos f\u00e1ciles para decorar tu terraza a la \u00faltima"},"content":{"rendered":"\n\n<div class=\"kk-star-ratings kksr-auto kksr-align-left kksr-valign-top\"\n    data-payload='{&quot;align&quot;:&quot;left&quot;,&quot;id&quot;:&quot;4958&quot;,&quot;slug&quot;:&quot;default&quot;,&quot;valign&quot;:&quot;top&quot;,&quot;ignore&quot;:&quot;&quot;,&quot;reference&quot;:&quot;auto&quot;,&quot;class&quot;:&quot;&quot;,&quot;count&quot;:&quot;2&quot;,&quot;legendonly&quot;:&quot;&quot;,&quot;readonly&quot;:&quot;&quot;,&quot;score&quot;:&quot;3&quot;,&quot;starsonly&quot;:&quot;&quot;,&quot;best&quot;:&quot;5&quot;,&quot;gap&quot;:&quot;5&quot;,&quot;greet&quot;:&quot;Rate this post&quot;,&quot;legend&quot;:&quot;3\\\/5 - (2 votos)&quot;,&quot;size&quot;:&quot;24&quot;,&quot;width&quot;:&quot;84.5&quot;,&quot;_legend&quot;:&quot;{score}\\\/{best} - ({count} {votes})&quot;,&quot;font_factor&quot;:&quot;1.25&quot;}'>\n            \n<div class=\"kksr-stars\">\n    \n<div class=\"kksr-stars-inactive\">\n            <div class=\"kksr-star\" data-star=\"1\" style=\"padding-right: 5px\">\n            \n\n<div class=\"kksr-icon\" style=\"width: 24px; height: 24px;\"><\/div>\n        <\/div>\n            <div class=\"kksr-star\" data-star=\"2\" style=\"padding-right: 5px\">\n            \n\n<div class=\"kksr-icon\" style=\"width: 24px; height: 24px;\"><\/div>\n        <\/div>\n            <div class=\"kksr-star\" data-star=\"3\" style=\"padding-right: 5px\">\n            \n\n<div class=\"kksr-icon\" style=\"width: 24px; height: 24px;\"><\/div>\n        <\/div>\n            <div class=\"kksr-star\" data-star=\"4\" style=\"padding-right: 5px\">\n            \n\n<div class=\"kksr-icon\" style=\"width: 24px; height: 24px;\"><\/div>\n        <\/div>\n            <div class=\"kksr-star\" data-star=\"5\" style=\"padding-right: 5px\">\n            \n\n<div class=\"kksr-icon\" style=\"width: 24px; height: 24px;\"><\/div>\n        <\/div>\n    <\/div>\n    \n<div class=\"kksr-stars-active\" style=\"width: 84.5px;\">\n            <div class=\"kksr-star\" style=\"padding-right: 5px\">\n            \n\n<div class=\"kksr-icon\" style=\"width: 24px; height: 24px;\"><\/div>\n        <\/div>\n            <div class=\"kksr-star\" style=\"padding-right: 5px\">\n            \n\n<div class=\"kksr-icon\" style=\"width: 24px; height: 24px;\"><\/div>\n        <\/div>\n            <div class=\"kksr-star\" style=\"padding-right: 5px\">\n            \n\n<div class=\"kksr-icon\" style=\"width: 24px; height: 24px;\"><\/div>\n        <\/div>\n            <div class=\"kksr-star\" style=\"padding-right: 5px\">\n            \n\n<div class=\"kksr-icon\" style=\"width: 24px; height: 24px;\"><\/div>\n        <\/div>\n            <div class=\"kksr-star\" style=\"padding-right: 5px\">\n            \n\n<div class=\"kksr-icon\" style=\"width: 24px; height: 24px;\"><\/div>\n        <\/div>\n    <\/div>\n<\/div>\n                \n\n<div class=\"kksr-legend\" style=\"font-size: 19.2px;\">\n            3\/5 - (2 votos)    <\/div>\n    <\/div>\n<p>Si tu terraza est\u00e1 vac\u00eda y desaprovechada es ahora el momento de decorarla para que se vea bonita y atractiva de cara a la primavera y al verano.<\/p>\n<p>La terraza puede convertirse en el centro de reuni\u00f3n con los amigos, en el espacio de juego para tus hijos o en el lugar de esparcimiento para toda la familia e incluso la mascota.<\/p>\n<p>Pero, en cualquiera de los casos, su aspecto debe de ser acogedor y agradable ya que, de lo contrario, seguir\u00e1 estando totalmente desaprovechada. Comienza con una mano de pintura y ver\u00e1s c\u00f3mo va mejorando.<\/p>\n<p><!--more--><\/p>\n<h2 class=\"western\">Aprovecha tus viejos sof\u00e1s<\/h2>\n<p>Si has decidido cambiar los sof\u00e1s de tu sala de estar, puedes reciclarlos para tu terraza. Es muy f\u00e1cil hacerlo, <strong>solo tienes que comprar unas <a href=\"\/fundas-para-sofas\" target=\"_blank\" rel=\"noopener\">fundas de sof\u00e1s<\/a> integrales que los cubran por completo<\/strong> en un tono que te guste y que combine con la decoraci\u00f3n de la terraza.<\/p>\n<p>A continuaci\u00f3n, <strong>usa foulares para cubrirlos por encima y darles un toque de frescura<\/strong> y de color que los har\u00e1 m\u00e1s llamativos y m\u00e1s adecuados para este tipo de ambientes. Por \u00faltimo, <strong>cojines a juego<\/strong>.<\/p>\n<p><a href=\"\/foulards-sofa\/foulard-multiusos-pienza-iceberg\"><img loading=\"lazy\" decoding=\"async\" class=\"aligncenter wp-image-4959 size-full\" src=\"https:\/\/www.sedalinne.com\/blog\/wp-content\/uploads\/2019\/04\/foulard-multiusos-pienza-iceberg.jpg\" alt=\"foulard-multiusos-pienza-iceberg\" width=\"800\" height=\"800\" srcset=\"https:\/\/www.sedalinne.com\/blog\/wp-content\/uploads\/2019\/04\/foulard-multiusos-pienza-iceberg.jpg 800w, https:\/\/www.sedalinne.com\/blog\/wp-content\/uploads\/2019\/04\/foulard-multiusos-pienza-iceberg-150x150.jpg 150w, https:\/\/www.sedalinne.com\/blog\/wp-content\/uploads\/2019\/04\/foulard-multiusos-pienza-iceberg-300x300.jpg 300w, https:\/\/www.sedalinne.com\/blog\/wp-content\/uploads\/2019\/04\/foulard-multiusos-pienza-iceberg-768x768.jpg 768w\" sizes=\"(max-width: 800px) 100vw, 800px\" \/><\/a><\/p>\n<p>Tendr\u00e1s un sof\u00e1 fresco, totalmente renovado y muy agradable para poder disfrutar de tu terraza con los amigos y tomar all\u00ed una cervecita en una tarde de verano sin tener que usar el sal\u00f3n de la casa. Todo parecer\u00e1 m\u00e1s vacacional y agradable y le estar\u00e1s sacando partido a este espacio que, tal vez no estabas utilizando.<\/p>\n<h2 class=\"western\">Los cojines protagonizar\u00e1n el rinc\u00f3n m\u00e1s desenfadado<\/h2>\n<p>Si tu terraza es muy peque\u00f1a y no quieres invertir en muebles para ella, \u00bfpor qu\u00e9 no una decoraci\u00f3n con cojines? Un espacio con un gran aire hippie pero que puede ser muy c\u00f3modo y agradable. Solo tienes que comprar cojines altos y gruesos para la zona de los asientos y completar todo con <a href=\"\/cojines-decorativos\" target=\"_blank\" rel=\"noopener\"><strong>cojines de todos los tama\u00f1os y colores<\/strong><\/a>. Si sabes combinar bien los colores para darle un equilibrio al resultado el espacio ser\u00e1 una gran zona de confort.<\/p>\n<p>Una alternativa muy barata y c\u00f3moda es reciclar los viejos colchones de las camas de 90 cm para hacer el asiento, con una bonita funda que puedes hacer utilizando una colcha de verano. Los cojines acabar\u00e1n de darle el aspecto adecuado al rinc\u00f3n.<\/p>\n<p><img loading=\"lazy\" decoding=\"async\" class=\"aligncenter size-full wp-image-4960\" src=\"https:\/\/www.sedalinne.com\/blog\/wp-content\/uploads\/2019\/04\/terraza-cojines.jpg\" alt=\"\" width=\"550\" height=\"733\" srcset=\"https:\/\/www.sedalinne.com\/blog\/wp-content\/uploads\/2019\/04\/terraza-cojines.jpg 550w, https:\/\/www.sedalinne.com\/blog\/wp-content\/uploads\/2019\/04\/terraza-cojines-225x300.jpg 225w\" sizes=\"(max-width: 550px) 100vw, 550px\" \/><\/p>\n<p style=\"text-align: center;\"><a href=\"https:\/\/www.delikatissen.com\/2015\/07\/decoracion-sencilla-de-terrazas\/\" target=\"_blank\" rel=\"noopener nofollow\"><em>Fuente<\/em><\/a><\/p>\n<p>Ideal para sentarse a tomar algo de forma muy desenfada y una decoraci\u00f3n perfecta para terrazas abiertas porque todo se puede guardar r\u00e1pidamente en caso de que llueva. Muy adecuado para hogares con una decoraci\u00f3n muy juvenil.<\/p>\n<p>Para los que ya tengan una edad y sentarse en el suelo no sea la mejor opci\u00f3n se puede apostar por los sof\u00e1s improvisados con pal\u00e9s o cajas. Solo se necesitar\u00e1n varios pal\u00e9s para colocar encima el colch\u00f3n y tendremos un bonito sof\u00e1 improvisado. Si no se quiere que se vean las cajas se pueden cubrir con tela o tambi\u00e9n se pueden pintar para darles un aire muy moderno y aut\u00e9ntico.<\/p>\n<h2 class=\"western\">Las plantas como parte de la decoraci\u00f3n<\/h2>\n<p><strong>Las plantas no pueden faltar como parte de la decoraci\u00f3n de una terraza.<\/strong> Le dar\u00e1n al espacio ese aire de espacio natural que estamos buscando y tomar el caf\u00e9 en ella ser\u00e1 una experiencia mucho m\u00e1s agradable, por el olor que desprenden, y natural.<\/p>\n<p><img loading=\"lazy\" decoding=\"async\" class=\"aligncenter size-full wp-image-4961\" src=\"https:\/\/www.sedalinne.com\/blog\/wp-content\/uploads\/2019\/04\/plantas-terraza.jpg\" alt=\"\" width=\"530\" height=\"795\" srcset=\"https:\/\/www.sedalinne.com\/blog\/wp-content\/uploads\/2019\/04\/plantas-terraza.jpg 530w, https:\/\/www.sedalinne.com\/blog\/wp-content\/uploads\/2019\/04\/plantas-terraza-200x300.jpg 200w\" sizes=\"(max-width: 530px) 100vw, 530px\" \/><\/p>\n<p style=\"text-align: center;\"><a href=\"https:\/\/www.pinterest.es\/pin\/521362094359830647\/\" target=\"_blank\" rel=\"noopener nofollow\"><em>Fuente<\/em><\/a><\/p>\n<p>Si tu terraza es grande las plantas pueden servir para separar espacios, creando una zona de adultos, con sillas y una mesa para tomar algo y relajarse y una zona de ni\u00f1os, con espacio para juegos. Entre ambas \u00e1reas una gran jardinera con plantas altas que den intimidad y que aporten mucho en belleza.<\/p>\n<p>En las terrazas peque\u00f1as las plantas quedan mejor cuando se pegan a las paredes o se colocan en las esquinas. Incluso pueden colgarse de las paredes. Si esto se hace con enredaderas se puede llegar a cubrir totalmente la pared haci\u00e9ndola mucho m\u00e1s atractiva. Solo hay que tener cuidado de podar bien la planta para que no invada la propiedad colindante y tampoco entre en el interior de la casa.<\/p>\n<h2 class=\"western\">El frescor de los ventiladores si es cerrada<\/h2>\n<p>Los ventiladores son fundamentales para darle a una terraza cerrada ese frescor que la har\u00e1 agradable y que todos deseen estar en ella. Si la terraza tiene techo de obra se pueden colocar los ventiladores en el techo en lugar de l\u00e1mparas. Hay modelos muy atractivos que quedan estupendamente y que pueden ir a juego con el mobiliario.<\/p>\n<p>Si se prefieren los ventiladores de pie se puede apostar por los elegantes ventiladores de esquina que refrescan muy bien y que no ocupan pr\u00e1cticamente espacio. Estos ventiladores de torre se deben de colocar estrat\u00e9gicamente para que refresquen la zona en la que se va a estar.<\/p>\n<p>Si adem\u00e1s se quiere cocinar en ella o la gente va a fumar ser\u00e1 buena idea colocar un buen extractor que ayude a mantener el aire limpio.<\/p>\n","protected":false},"excerpt":{"rendered":"<p>Si tu terraza est\u00e1 vac\u00eda y desaprovechada es ahora el momento de decorarla para que se vea bonita y atractiva de cara a la primavera y al verano. La terraza puede convertirse en el centro de reuni\u00f3n con los amigos, en el espacio de juego para tus hijos o en el lugar de esparcimiento para &hellip; <a href=\"https:\/\/www.sedalinne.com\/blog\/trucos-faciles-para-decorar-tu-terraza-a-la-ultima\/\" class=\"more-link\">Contin\u00faa leyendo <span class=\"screen-reader-text\">Trucos f\u00e1ciles para decorar tu terraza a la \u00faltima<\/span><\/a><\/p>\n","protected":false},"author":3,"featured_media":4962,"comment_status":"open","ping_status":"closed","sticky":false,"template":"","format":"standard","meta":{"_mi_skip_tracking":false,"_jetpack_memberships_contains_paid_content":false,"footnotes":""},"categories":[20],"tags":[],"aioseo_notices":[],"jetpack_sharing_enabled":true,"jetpack_featured_media_url":"https:\/\/www.sedalinne.com\/blog\/wp-content\/uploads\/2019\/04\/terraza-a-punto.jpg","_links":{"self":[{"href":"https:\/\/www.sedalinne.com\/blog\/wp-json\/wp\/v2\/posts\/4958"}],"collection":[{"href":"https:\/\/www.sedalinne.com\/blog\/wp-json\/wp\/v2\/posts"}],"about":[{"href":"https:\/\/www.sedalinne.com\/blog\/wp-json\/wp\/v2\/types\/post"}],"author":[{"embeddable":true,"href":"https:\/\/www.sedalinne.com\/blog\/wp-json\/wp\/v2\/users\/3"}],"replies":[{"embeddable":true,"href":"https:\/\/www.sedalinne.com\/blog\/wp-json\/wp\/v2\/comments?post=4958"}],"version-history":[{"count":2,"href":"https:\/\/www.sedalinne.com\/blog\/wp-json\/wp\/v2\/posts\/4958\/revisions"}],"predecessor-version":[{"id":4971,"href":"https:\/\/www.sedalinne.com\/blog\/wp-json\/wp\/v2\/posts\/4958\/revisions\/4971"}],"wp:featuredmedia":[{"embeddable":true,"href":"https:\/\/www.sedalinne.com\/blog\/wp-json\/wp\/v2\/media\/4962"}],"wp:attachment":[{"href":"https:\/\/www.sedalinne.com\/blog\/wp-json\/wp\/v2\/media?parent=4958"}],"wp:term":[{"taxonomy":"category","embeddable":true,"href":"https:\/\/www.sedalinne.com\/blog\/wp-json\/wp\/v2\/categories?post=4958"},{"taxonomy":"post_tag","embeddable":true,"href":"https:\/\/www.sedalinne.com\/blog\/wp-json\/wp\/v2\/tags?post=4958"}],"curies":[{"name":"wp","href":"https:\/\/api.w.org\/{rel}","templated":true}]}}