{"id":455,"date":"2010-12-20T14:44:00","date_gmt":"2010-12-20T14:44:00","guid":{"rendered":"http:\/\/www.sedalinne.com\/blog\/?p=455"},"modified":"2018-10-11T07:48:17","modified_gmt":"2018-10-11T07:48:17","slug":"elegir-el-edredon-adecuado","status":"publish","type":"post","link":"https:\/\/www.sedalinne.com\/blog\/elegir-el-edredon-adecuado\/","title":{"rendered":"Elegir el edred\u00f3n adecuado"},"content":{"rendered":"\n\n<div class=\"kk-star-ratings kksr-auto kksr-align-left kksr-valign-top\"\n    data-payload='{&quot;align&quot;:&quot;left&quot;,&quot;id&quot;:&quot;455&quot;,&quot;slug&quot;:&quot;default&quot;,&quot;valign&quot;:&quot;top&quot;,&quot;ignore&quot;:&quot;&quot;,&quot;reference&quot;:&quot;auto&quot;,&quot;class&quot;:&quot;&quot;,&quot;count&quot;:&quot;0&quot;,&quot;legendonly&quot;:&quot;&quot;,&quot;readonly&quot;:&quot;&quot;,&quot;score&quot;:&quot;0&quot;,&quot;starsonly&quot;:&quot;&quot;,&quot;best&quot;:&quot;5&quot;,&quot;gap&quot;:&quot;5&quot;,&quot;greet&quot;:&quot;Rate this post&quot;,&quot;legend&quot;:&quot;0\\\/5 - (0 votos)&quot;,&quot;size&quot;:&quot;24&quot;,&quot;width&quot;:&quot;0&quot;,&quot;_legend&quot;:&quot;{score}\\\/{best} - ({count} {votes})&quot;,&quot;font_factor&quot;:&quot;1.25&quot;}'>\n            \n<div class=\"kksr-stars\">\n    \n<div class=\"kksr-stars-inactive\">\n            <div class=\"kksr-star\" data-star=\"1\" style=\"padding-right: 5px\">\n            \n\n<div class=\"kksr-icon\" style=\"width: 24px; height: 24px;\"><\/div>\n        <\/div>\n            <div class=\"kksr-star\" data-star=\"2\" style=\"padding-right: 5px\">\n            \n\n<div class=\"kksr-icon\" style=\"width: 24px; height: 24px;\"><\/div>\n        <\/div>\n            <div class=\"kksr-star\" data-star=\"3\" style=\"padding-right: 5px\">\n            \n\n<div class=\"kksr-icon\" style=\"width: 24px; height: 24px;\"><\/div>\n        <\/div>\n            <div class=\"kksr-star\" data-star=\"4\" style=\"padding-right: 5px\">\n            \n\n<div class=\"kksr-icon\" style=\"width: 24px; height: 24px;\"><\/div>\n        <\/div>\n            <div class=\"kksr-star\" data-star=\"5\" style=\"padding-right: 5px\">\n            \n\n<div class=\"kksr-icon\" style=\"width: 24px; height: 24px;\"><\/div>\n        <\/div>\n    <\/div>\n    \n<div class=\"kksr-stars-active\" style=\"width: 0px;\">\n            <div class=\"kksr-star\" style=\"padding-right: 5px\">\n            \n\n<div class=\"kksr-icon\" style=\"width: 24px; height: 24px;\"><\/div>\n        <\/div>\n            <div class=\"kksr-star\" style=\"padding-right: 5px\">\n            \n\n<div class=\"kksr-icon\" style=\"width: 24px; height: 24px;\"><\/div>\n        <\/div>\n            <div class=\"kksr-star\" style=\"padding-right: 5px\">\n            \n\n<div class=\"kksr-icon\" style=\"width: 24px; height: 24px;\"><\/div>\n        <\/div>\n            <div class=\"kksr-star\" style=\"padding-right: 5px\">\n            \n\n<div class=\"kksr-icon\" style=\"width: 24px; height: 24px;\"><\/div>\n        <\/div>\n            <div class=\"kksr-star\" style=\"padding-right: 5px\">\n            \n\n<div class=\"kksr-icon\" style=\"width: 24px; height: 24px;\"><\/div>\n        <\/div>\n    <\/div>\n<\/div>\n                \n\n<div class=\"kksr-legend\" style=\"font-size: 19.2px;\">\n            <span class=\"kksr-muted\">Rate this post<\/span>\n    <\/div>\n    <\/div>\n<div style=\"text-align: justify\"><span><span><\/p>\n<p><span style=\"font-weight: bold\">Criterios<\/span> que debes valorar para escoger el edred\u00f3n adecuado: <span style=\"font-weight: bold\">el movimiento, el peso, el tama\u00f1o, la tela, la climatolog\u00eda de la zona y el precio.<br \/><\/span><\/p>\n<p><span style=\"font-weight: bold\"><br \/><\/span><\/p>\n<p><\/span><\/span>A las personas que se mueven mientras duermen se les aconseja un <a href=\"http:\/\/www.sedalinne.com\/catalogo\/marcas.php?fam=F1C09\">edred\u00f3n<\/a> largo o uno que tenga peso suficiente para que su cuerpo permanezca cubierto toda la noche. <span><span><\/span><\/span><br \/><span><span><\/span><\/span><br \/><span><span><\/p>\n<p>Para quienes necesitan dormir con peso, lo m\u00e1s recomendable es un edred\u00f3n con mayor porcentaje de<a href=\"http:\/\/www.sedalinne.com\/catalogo\/articulos2.php?fam=F1N02&amp;col=&amp;tam=&amp;mar=&amp;x=7&amp;y=16\"> plumas<\/a> que de<a href=\"http:\/\/www.sedalinne.com\/catalogo\/articulos2.php?fam=F1N03&amp;col=&amp;tam=&amp;mar=&amp;x=23&amp;y=4\"> plum\u00f3n<\/a> (recuerda que el plum\u00f3n es la pluma m\u00e1s apreciada por su ligereza y su capacidad de aislamiento t\u00e9rmico o<span> <\/span><span>uno <a href=\"http:\/\/www.sedalinne.com\/catalogo\/articulos2.php?fam=F1N01&amp;col=&amp;tam=&amp;mar=&amp;x=31&amp;y=15\">sint\u00e9tico<\/a><\/span>. Por el contrario, quienes descansan mejor con poco peso, han de elegir una funda n\u00f3rdica en la que prevalezca el plum\u00f3n sobre la pluma.  <\/p>\n<p><\/span><\/span><br \/><span><span><\/span><\/span><br \/><span><span><\/p>\n<p>Con respecto al tama\u00f1o, es conveniente que el edred\u00f3n tenga una buena ca\u00edda de cada lado de la cama, y en cuanto a la tela, esta debe contar con el tratamiento down-proof, que permite la transpiraci\u00f3n del edred\u00f3n, y con un elevado n\u00famero de hilos por pulgada, lo que evita que las plumas o el plum\u00f3n salgan del edred\u00f3n. <\/p>\n<p><\/span><\/span><br \/><span><span><\/span><\/span><br \/><span><span><\/p>\n<p>Los dos \u00faltimos criterios, el precio y la <a href=\"http:\/\/www.sedalinne.com\/blog\/?p=679\">climatolog\u00eda<\/a> de la zona, tienen cierta relaci\u00f3n, pues se vinculan al tipo de relleno, categor\u00eda que determinar\u00e1 los modelos para temperaturas fr\u00edas, suaves o c\u00e1lidas, y que establecer\u00e1, a su vez, los diferentes rangos de precios. <\/p>\n<p><strong>Tipos de rellenos<\/strong><\/p>\n<p>El plum\u00f3n, la pluma y la fibra o acr\u00edlico son las tres posibilidades de <span style=\"font-weight: bold\">relleno <\/span>que puede tener una<a href=\"http:\/\/www.sedalinne.com\/catalogo\/marcas.php?fam=F1F03\"> funda n\u00f3rdica<\/a> o edred\u00f3n. Las dos primeras opciones son m\u00e1s naturales que la tercera. Sin embargo, estas fibras que rellenan los<a href=\"http:\/\/www.sedalinne.com\/catalogo\/marcas.php?fam=F1N01\"> edredones sint\u00e9ticos<\/a>, han mejorado mucho comparativamente con las desarrolladas hace una d\u00e9cada; son m\u00e1s resistentes, <span style=\"font-weight: bold\">suaves, ligeras, transpirables y antial\u00e9rgicas<\/span> que aquellas. Adem\u00e1s, permiten el lavado de la pieza en la lavadora, caracter\u00edstica que las hace m\u00e1s competitivas que el plum\u00f3n y la pluma en casos concretos. <\/p>\n<p><\/span><\/span><br \/><span><span><\/span><\/span><br \/><span><span><\/p>\n<p>Veamos un ejemplo: el edred\u00f3n adecuado para una zona c\u00e1lida y h\u00fameda puede ser el sint\u00e9tico, por la opci\u00f3n de poder lavarlo en la m\u00e1quina (los climas h\u00famedos estropean m\u00e1s el textil, por lo que este debe lavarse frecuentemente) y por ser el m\u00e1s apropiado para la temperatura ambiental.  <\/p>\n<p><\/span><\/span><br \/><span><span><\/span><\/span><br \/><span><span><\/p>\n<p>En climas fr\u00edos, sin embargo, se recomiendan los edredones con un inflamiento elevado, lo que garantiza un mejor plum\u00f3n. Cuanto m\u00e1s adulta es un ave, mejor es su plum\u00f3n y mayor el<span> <\/span><span>calor<\/span><span> <\/span>que proporcionan. <\/p>\n<p><\/span><\/span><br \/><span><span><\/span><\/span><br \/><span><span><\/p>\n<p>Seg\u00fan indican los expertos, los plumones m\u00e1s valorados son los de patos, ocas y gansos canadienses, los de los gansos blancos de Siberia, los de las aves acu\u00e1ticas de Hungr\u00eda, Polonia y los plumones de los Eiderdown.<\/p>\n<p><a href=\"http:\/\/www.sedalinne.com\/blog\/?p=461\">Todo lo que debes saber sobre los edredones n\u00f3rdicos<\/a><\/p>\n<p><a href=\"http:\/\/www.sedalinne.com\/blog\/?p=456\">N\u00f3rdicos cuatro estaciones<\/a><\/p>\n<p><\/span><\/span><\/div>\n<p><span><span><\/p>\n<p><\/p>\n<p><a href=\"http:\/\/www.repsol.com\/es_es\/casa_y_hogar\/energia_en_casa\/reportajes\/ahorro_energetico\/elige_edredon_adecuado_para_mas_eficiente.aspx\">repsol<\/a><\/p>\n<p><\/span><\/span><!--more--><\/p>\n","protected":false},"excerpt":{"rendered":"<p>Criterios que debes valorar para escoger el edred\u00f3n adecuado: el movimiento, el peso, el tama\u00f1o, la tela, la climatolog\u00eda de la zona y el precio. A las personas que se mueven mientras duermen se les aconseja un edred\u00f3n largo o uno que tenga peso suficiente para que su cuerpo permanezca cubierto toda la noche. Para &hellip; <a href=\"https:\/\/www.sedalinne.com\/blog\/elegir-el-edredon-adecuado\/\" class=\"more-link\">Contin\u00faa leyendo <span class=\"screen-reader-text\">Elegir el edred\u00f3n adecuado<\/span><\/a><\/p>\n","protected":false},"author":2,"featured_media":0,"comment_status":"open","ping_status":"open","sticky":false,"template":"","format":"standard","meta":{"_mi_skip_tracking":false,"_jetpack_memberships_contains_paid_content":false,"footnotes":""},"categories":[5,2,6],"tags":[],"aioseo_notices":[],"jetpack_sharing_enabled":true,"jetpack_featured_media_url":"","_links":{"self":[{"href":"https:\/\/www.sedalinne.com\/blog\/wp-json\/wp\/v2\/posts\/455"}],"collection":[{"href":"https:\/\/www.sedalinne.com\/blog\/wp-json\/wp\/v2\/posts"}],"about":[{"href":"https:\/\/www.sedalinne.com\/blog\/wp-json\/wp\/v2\/types\/post"}],"author":[{"embeddable":true,"href":"https:\/\/www.sedalinne.com\/blog\/wp-json\/wp\/v2\/users\/2"}],"replies":[{"embeddable":true,"href":"https:\/\/www.sedalinne.com\/blog\/wp-json\/wp\/v2\/comments?post=455"}],"version-history":[{"count":1,"href":"https:\/\/www.sedalinne.com\/blog\/wp-json\/wp\/v2\/posts\/455\/revisions"}],"predecessor-version":[{"id":4611,"href":"https:\/\/www.sedalinne.com\/blog\/wp-json\/wp\/v2\/posts\/455\/revisions\/4611"}],"wp:attachment":[{"href":"https:\/\/www.sedalinne.com\/blog\/wp-json\/wp\/v2\/media?parent=455"}],"wp:term":[{"taxonomy":"category","embeddable":true,"href":"https:\/\/www.sedalinne.com\/blog\/wp-json\/wp\/v2\/categories?post=455"},{"taxonomy":"post_tag","embeddable":true,"href":"https:\/\/www.sedalinne.com\/blog\/wp-json\/wp\/v2\/tags?post=455"}],"curies":[{"name":"wp","href":"https:\/\/api.w.org\/{rel}","templated":true}]}}