{"id":409,"date":"2011-03-25T10:47:00","date_gmt":"2011-03-25T10:47:00","guid":{"rendered":"http:\/\/www.sedalinne.com\/blog\/?p=409"},"modified":"2018-10-11T07:48:14","modified_gmt":"2018-10-11T07:48:14","slug":"decorar-con-naranja","status":"publish","type":"post","link":"https:\/\/www.sedalinne.com\/blog\/decorar-con-naranja\/","title":{"rendered":"Decorar con naranja."},"content":{"rendered":"\n\n<div class=\"kk-star-ratings kksr-auto kksr-align-left kksr-valign-top\"\n    data-payload='{&quot;align&quot;:&quot;left&quot;,&quot;id&quot;:&quot;409&quot;,&quot;slug&quot;:&quot;default&quot;,&quot;valign&quot;:&quot;top&quot;,&quot;ignore&quot;:&quot;&quot;,&quot;reference&quot;:&quot;auto&quot;,&quot;class&quot;:&quot;&quot;,&quot;count&quot;:&quot;0&quot;,&quot;legendonly&quot;:&quot;&quot;,&quot;readonly&quot;:&quot;&quot;,&quot;score&quot;:&quot;0&quot;,&quot;starsonly&quot;:&quot;&quot;,&quot;best&quot;:&quot;5&quot;,&quot;gap&quot;:&quot;5&quot;,&quot;greet&quot;:&quot;Rate this post&quot;,&quot;legend&quot;:&quot;0\\\/5 - (0 votos)&quot;,&quot;size&quot;:&quot;24&quot;,&quot;width&quot;:&quot;0&quot;,&quot;_legend&quot;:&quot;{score}\\\/{best} - ({count} {votes})&quot;,&quot;font_factor&quot;:&quot;1.25&quot;}'>\n            \n<div class=\"kksr-stars\">\n    \n<div class=\"kksr-stars-inactive\">\n            <div class=\"kksr-star\" data-star=\"1\" style=\"padding-right: 5px\">\n            \n\n<div class=\"kksr-icon\" style=\"width: 24px; height: 24px;\"><\/div>\n        <\/div>\n            <div class=\"kksr-star\" data-star=\"2\" style=\"padding-right: 5px\">\n            \n\n<div class=\"kksr-icon\" style=\"width: 24px; height: 24px;\"><\/div>\n        <\/div>\n            <div class=\"kksr-star\" data-star=\"3\" style=\"padding-right: 5px\">\n            \n\n<div class=\"kksr-icon\" style=\"width: 24px; height: 24px;\"><\/div>\n        <\/div>\n            <div class=\"kksr-star\" data-star=\"4\" style=\"padding-right: 5px\">\n            \n\n<div class=\"kksr-icon\" style=\"width: 24px; height: 24px;\"><\/div>\n        <\/div>\n            <div class=\"kksr-star\" data-star=\"5\" style=\"padding-right: 5px\">\n            \n\n<div class=\"kksr-icon\" style=\"width: 24px; height: 24px;\"><\/div>\n        <\/div>\n    <\/div>\n    \n<div class=\"kksr-stars-active\" style=\"width: 0px;\">\n            <div class=\"kksr-star\" style=\"padding-right: 5px\">\n            \n\n<div class=\"kksr-icon\" style=\"width: 24px; height: 24px;\"><\/div>\n        <\/div>\n            <div class=\"kksr-star\" style=\"padding-right: 5px\">\n            \n\n<div class=\"kksr-icon\" style=\"width: 24px; height: 24px;\"><\/div>\n        <\/div>\n            <div class=\"kksr-star\" style=\"padding-right: 5px\">\n            \n\n<div class=\"kksr-icon\" style=\"width: 24px; height: 24px;\"><\/div>\n        <\/div>\n            <div class=\"kksr-star\" style=\"padding-right: 5px\">\n            \n\n<div class=\"kksr-icon\" style=\"width: 24px; height: 24px;\"><\/div>\n        <\/div>\n            <div class=\"kksr-star\" style=\"padding-right: 5px\">\n            \n\n<div class=\"kksr-icon\" style=\"width: 24px; height: 24px;\"><\/div>\n        <\/div>\n    <\/div>\n<\/div>\n                \n\n<div class=\"kksr-legend\" style=\"font-size: 19.2px;\">\n            <span class=\"kksr-muted\">Rate this post<\/span>\n    <\/div>\n    <\/div>\n<p><a href=\"http:\/\/www.sedalinne.com\/catalogo\/marcas.php?fam=F1C02\"><img decoding=\"async\" style=\"margin: 0px auto 10px;text-align: center;cursor: pointer;width: 320px;height: 230px\" src=\"http:\/\/www.sedalinne.com\/blog\/wp-content\/uploads\/2011\/03\/colchas-2Brevert-300x216.jpg\" alt=\"\" id=\"BLOGGER_PHOTO_ID_5587971186995408818\" border=\"0\" \/><\/a><\/p>\n<div style=\"text-align: justify\">El <a href=\"http:\/\/www.sedalinne.com\/catalogo\/articulos2.php?fam=F1&amp;col=900&amp;tam=&amp;mar=&amp;x=34&amp;y=11\">naranja<\/a> es el tono m\u00e1s c\u00e1lido, luminoso y acogedor del c\u00edrculo crom\u00e1tico.<\/div>\n<div style=\"text-align: justify\"><\/div>\n<div style=\"text-align: justify\">La amplia gama de <a href=\"http:\/\/www.sedalinne.com\/catalogo\/articulos2.php?fam=F7&amp;col=900&amp;tam=&amp;mar=&amp;x=27&amp;y=12\">naranjas<\/a>, son los colores m\u00e1s exitosos en la decoraci\u00f3n actual.  Por otro lado, el exceso de este color puede llevar consigo a la agresividad.<\/div>\n<div style=\"text-align: justify\"><a href=\"http:\/\/www.sedalinne.com\/catalogo\/marcas.php?fam=F1F03\"><img decoding=\"async\" style=\"margin: 0px auto 10px;text-align: center;cursor: pointer;width: 320px;height: 230px\" src=\"http:\/\/www.sedalinne.com\/blog\/wp-content\/uploads\/2011\/03\/funda-2Bnordica-2Bnafanf-300x216.jpg\" alt=\"\" id=\"BLOGGER_PHOTO_ID_5587970961410970818\" border=\"0\" \/><\/a><a href=\"http:\/\/www.sedalinne.com\/catalogo\/marcas.php?fam=F1C02\"><img decoding=\"async\" style=\"margin: 0px auto 10px;text-align: center;cursor: pointer;width: 320px;height: 230px\" src=\"http:\/\/www.sedalinne.com\/blog\/wp-content\/uploads\/2011\/03\/colchas-2Bnafnaf-300x216.jpg\" alt=\"\" id=\"BLOGGER_PHOTO_ID_5587971105873964562\" border=\"0\" \/><\/a><\/div>\n<div style=\"text-align: justify\"><\/div>\n<div style=\"text-align: justify\">Las tapicer\u00edas floreadas visten con animados dise\u00f1os <a href=\"http:\/\/www.sedalinne.com\/catalogo\/articulos2.php?fam=F7C01&amp;col=&amp;tam=&amp;mar=&amp;x=43&amp;y=13\">cojines<\/a> y <a href=\"http:\/\/www.sedalinne.com\/catalogo\/marcas.php?fam=F1S06\">almohadones<\/a> para darle un mayor confort a la sala de estar e introducir un detalle de color en los <a href=\"http:\/\/www.sedalinne.com\/catalogo\/articulos2.php?fam=F7F05&amp;mar=ME02\">sof\u00e1s<\/a>. <\/div>\n<div style=\"text-align: justify\"><\/div>\n<div style=\"text-align: justify\">Descubre lo f\u00e1cil que es poner un toque de originalidad en tu casa. <\/div>\n<div style=\"text-align: justify\">Las combinaciones y los estampados del momento, con un ligero toque retro, mezclan el naranja con rojo, blanco, amarillo, azul, turquesa y rosa intenso. Dentro del mismo estilo se utilizan dise\u00f1os con c\u00edrculos y diversas formas geom\u00e9tricas.<\/p>\n<div style=\"text-align: justify\"><a href=\"http:\/\/www.sedalinne.com\/catalogo\/marcas.php?fam=F1F03\"><img decoding=\"async\" style=\"margin: 0px auto 10px;text-align: center;cursor: pointer;width: 320px;height: 230px\" src=\"http:\/\/www.sedalinne.com\/blog\/wp-content\/uploads\/2011\/03\/funda-2Bnordica-2Bnaranja-300x216.jpg\" alt=\"\" id=\"BLOGGER_PHOTO_ID_5587971015336631234\" border=\"0\" \/><\/a><\/div>\n<\/div>\n<div style=\"text-align: justify\">Si te apetece darle otro aire a tu <a href=\"http:\/\/www.sedalinne.com\/catalogo\/marcas.php?fam=F1\">casa<\/a> y ponerle un toque de color, opta por una combinaci\u00f3n que no falla: naranja y azul turquesa, dos tonos complementarios que alegran y equilibran los ambientes.<\/div>\n<div style=\"text-align: justify\"><\/div>\n<div style=\"text-align: justify\"><a href=\"http:\/\/www.sedalinne.com\/blog\/?p=419\">detalles en la decoraci\u00f3n<\/a><\/div>\n<div style=\"text-align: justify\"><a href=\"http:\/\/www.sedalinne.com\/blog\/?p=424\">decoraci\u00f3n en verde<\/a><\/div>\n<div style=\"text-align: justify\"><a href=\"http:\/\/www.sedalinne.com\/blog\/?p=599\">los colores en la decoraci\u00f3n<\/a><\/div>\n<p><!--more--><\/p>\n","protected":false},"excerpt":{"rendered":"<p>El naranja es el tono m\u00e1s c\u00e1lido, luminoso y acogedor del c\u00edrculo crom\u00e1tico. La amplia gama de naranjas, son los colores m\u00e1s exitosos en la decoraci\u00f3n actual. Por otro lado, el exceso de este color puede llevar consigo a la agresividad. Las tapicer\u00edas floreadas visten con animados dise\u00f1os cojines y almohadones para darle un mayor &hellip; <a href=\"https:\/\/www.sedalinne.com\/blog\/decorar-con-naranja\/\" class=\"more-link\">Contin\u00faa leyendo <span class=\"screen-reader-text\">Decorar con naranja.<\/span><\/a><\/p>\n","protected":false},"author":2,"featured_media":2642,"comment_status":"open","ping_status":"open","sticky":false,"template":"","format":"standard","meta":{"_mi_skip_tracking":false,"_jetpack_memberships_contains_paid_content":false,"footnotes":""},"categories":[5,9,3,4,14],"tags":[],"aioseo_notices":[],"jetpack_sharing_enabled":true,"jetpack_featured_media_url":"https:\/\/www.sedalinne.com\/blog\/wp-content\/uploads\/2011\/03\/colchas-2Brevert.jpg","_links":{"self":[{"href":"https:\/\/www.sedalinne.com\/blog\/wp-json\/wp\/v2\/posts\/409"}],"collection":[{"href":"https:\/\/www.sedalinne.com\/blog\/wp-json\/wp\/v2\/posts"}],"about":[{"href":"https:\/\/www.sedalinne.com\/blog\/wp-json\/wp\/v2\/types\/post"}],"author":[{"embeddable":true,"href":"https:\/\/www.sedalinne.com\/blog\/wp-json\/wp\/v2\/users\/2"}],"replies":[{"embeddable":true,"href":"https:\/\/www.sedalinne.com\/blog\/wp-json\/wp\/v2\/comments?post=409"}],"version-history":[{"count":1,"href":"https:\/\/www.sedalinne.com\/blog\/wp-json\/wp\/v2\/posts\/409\/revisions"}],"predecessor-version":[{"id":4566,"href":"https:\/\/www.sedalinne.com\/blog\/wp-json\/wp\/v2\/posts\/409\/revisions\/4566"}],"wp:featuredmedia":[{"embeddable":true,"href":"https:\/\/www.sedalinne.com\/blog\/wp-json\/wp\/v2\/media\/2642"}],"wp:attachment":[{"href":"https:\/\/www.sedalinne.com\/blog\/wp-json\/wp\/v2\/media?parent=409"}],"wp:term":[{"taxonomy":"category","embeddable":true,"href":"https:\/\/www.sedalinne.com\/blog\/wp-json\/wp\/v2\/categories?post=409"},{"taxonomy":"post_tag","embeddable":true,"href":"https:\/\/www.sedalinne.com\/blog\/wp-json\/wp\/v2\/tags?post=409"}],"curies":[{"name":"wp","href":"https:\/\/api.w.org\/{rel}","templated":true}]}}