{"id":408,"date":"2011-03-31T14:06:00","date_gmt":"2011-03-31T14:06:00","guid":{"rendered":"http:\/\/www.sedalinne.com\/blog\/?p=408"},"modified":"2018-10-11T07:48:14","modified_gmt":"2018-10-11T07:48:14","slug":"decoracion-mediterranea","status":"publish","type":"post","link":"https:\/\/www.sedalinne.com\/blog\/decoracion-mediterranea\/","title":{"rendered":"Decoraci\u00f3n Mediterr\u00e1nea"},"content":{"rendered":"\n\n<div class=\"kk-star-ratings kksr-auto kksr-align-left kksr-valign-top\"\n    data-payload='{&quot;align&quot;:&quot;left&quot;,&quot;id&quot;:&quot;408&quot;,&quot;slug&quot;:&quot;default&quot;,&quot;valign&quot;:&quot;top&quot;,&quot;ignore&quot;:&quot;&quot;,&quot;reference&quot;:&quot;auto&quot;,&quot;class&quot;:&quot;&quot;,&quot;count&quot;:&quot;0&quot;,&quot;legendonly&quot;:&quot;&quot;,&quot;readonly&quot;:&quot;&quot;,&quot;score&quot;:&quot;0&quot;,&quot;starsonly&quot;:&quot;&quot;,&quot;best&quot;:&quot;5&quot;,&quot;gap&quot;:&quot;5&quot;,&quot;greet&quot;:&quot;Rate this post&quot;,&quot;legend&quot;:&quot;0\\\/5 - (0 votos)&quot;,&quot;size&quot;:&quot;24&quot;,&quot;width&quot;:&quot;0&quot;,&quot;_legend&quot;:&quot;{score}\\\/{best} - ({count} {votes})&quot;,&quot;font_factor&quot;:&quot;1.25&quot;}'>\n            \n<div class=\"kksr-stars\">\n    \n<div class=\"kksr-stars-inactive\">\n            <div class=\"kksr-star\" data-star=\"1\" style=\"padding-right: 5px\">\n            \n\n<div class=\"kksr-icon\" style=\"width: 24px; height: 24px;\"><\/div>\n        <\/div>\n            <div class=\"kksr-star\" data-star=\"2\" style=\"padding-right: 5px\">\n            \n\n<div class=\"kksr-icon\" style=\"width: 24px; height: 24px;\"><\/div>\n        <\/div>\n            <div class=\"kksr-star\" data-star=\"3\" style=\"padding-right: 5px\">\n            \n\n<div class=\"kksr-icon\" style=\"width: 24px; height: 24px;\"><\/div>\n        <\/div>\n            <div class=\"kksr-star\" data-star=\"4\" style=\"padding-right: 5px\">\n            \n\n<div class=\"kksr-icon\" style=\"width: 24px; height: 24px;\"><\/div>\n        <\/div>\n            <div class=\"kksr-star\" data-star=\"5\" style=\"padding-right: 5px\">\n            \n\n<div class=\"kksr-icon\" style=\"width: 24px; height: 24px;\"><\/div>\n        <\/div>\n    <\/div>\n    \n<div class=\"kksr-stars-active\" style=\"width: 0px;\">\n            <div class=\"kksr-star\" style=\"padding-right: 5px\">\n            \n\n<div class=\"kksr-icon\" style=\"width: 24px; height: 24px;\"><\/div>\n        <\/div>\n            <div class=\"kksr-star\" style=\"padding-right: 5px\">\n            \n\n<div class=\"kksr-icon\" style=\"width: 24px; height: 24px;\"><\/div>\n        <\/div>\n            <div class=\"kksr-star\" style=\"padding-right: 5px\">\n            \n\n<div class=\"kksr-icon\" style=\"width: 24px; height: 24px;\"><\/div>\n        <\/div>\n            <div class=\"kksr-star\" style=\"padding-right: 5px\">\n            \n\n<div class=\"kksr-icon\" style=\"width: 24px; height: 24px;\"><\/div>\n        <\/div>\n            <div class=\"kksr-star\" style=\"padding-right: 5px\">\n            \n\n<div class=\"kksr-icon\" style=\"width: 24px; height: 24px;\"><\/div>\n        <\/div>\n    <\/div>\n<\/div>\n                \n\n<div class=\"kksr-legend\" style=\"font-size: 19.2px;\">\n            <span class=\"kksr-muted\">Rate this post<\/span>\n    <\/div>\n    <\/div>\n<p><a href=\"http:\/\/www.sedalinne.com\/catalogo\/marcas.php?fam=F7\"><img decoding=\"async\" style=\"margin: 0px auto 10px;text-align: center;cursor: pointer;width: 320px;height: 230px\" src=\"http:\/\/www.sedalinne.com\/blog\/wp-content\/uploads\/2011\/03\/vondom-300x216.jpg\" alt=\"\" id=\"BLOGGER_PHOTO_ID_5590250124068513490\" border=\"0\" \/><\/a><\/p>\n<p><!--[if gte mso 9]&gt;     Normal   0         21         false   false   false      CA   X-NONE   X-NONE                                                     MicrosoftInternetExplorer4                                                   &lt;![endif]--><!--[if gte mso 9]&gt;                                                                                                                                                                                                                                                                                                                                                                                                                                &lt;![endif]--><!--[if gte mso 10]&gt;  &lt;![endif]-->  <\/p>\n<p style=\"margin: 0cm 0cm 0.0001pt;text-align: justify\"><span>Los materiales naturales tienen un lugar predomina<\/span><span>nte en esta decoraci\u00f3n. Este <span style=\"font-weight: bold\">estilo <\/span>tiene su lugar principal en Espa\u00f1a. Es un est<\/span><span>ilo sencillo, natural y fresco. El clima marca la<span style=\"font-weight: bold\"> tendencia <\/span>decorativa. Todo <\/span><span>unido nos brindar\u00e1 <span style=\"font-weight: bold\">relajaci\u00f3n y calidez<\/span>.<\/span><\/p>\n<p style=\"margin: 0cm 0cm 0.0001pt;text-align: justify\"><span> <\/span><\/p>\n<p style=\"margin: 0cm 0cm 0.0001pt;text-align: justify\"><span>Son caracter\u00edstica<\/span><span>s de este estilo, el <a href=\"http:\/\/www.sedalinne.com\/catalogo\/articulos2.php?fam=F1&amp;mar=MN04\">color<\/a>, la iluminaci\u00f3n y el calor en la <span style=\"font-weight: bold\">de<\/span><\/span><span><span style=\"font-weight: bold\">coraci\u00f3n<\/span>.<a href=\"http:\/\/www.sedalinne.com\/catalogo\/marcas.php?fam=F1\"><span><span><\/span><\/span><\/a><span><span><a><img decoding=\"async\" style=\"margin: 0px auto 10px;text-align: center;cursor: pointer;width: 320px;height: 230px\" src=\"http:\/\/www.sedalinne.com\/blog\/wp-content\/uploads\/2011\/03\/colcha-2Bazul-300x216.jpg\" alt=\"\" id=\"BLOGGER_PHOTO_ID_5590248667642199298\" border=\"0\" \/><\/a><\/span><\/span><\/span><\/p>\n<p style=\"margin: 0cm 0cm 0.0001pt;text-align: justify\"><span><br \/><\/span><\/p>\n<p style=\"margin: 0cm 0cm 0.0001pt;text-align: justify;line-height: 15.75pt;vertical-align: baseline\"><span>Es un estilo ideal para quienes deseen una vivienda con colores fuertes, pero sin perder el toque sobrio que invita a la<span> <\/span><strong style=\"font-weight: bold\"><span><span>relajaci\u00f3n<\/span><\/span><\/strong>, para una<span> casa en la playa<\/span><strong><span><span style=\"font-weight: normal;text-decoration: none\">a<\/span><\/span><\/strong><span> <\/span>o para darle un cambio de look a nuestra vivienda por la<span> <\/span><strong style=\"font-weight: normal\"><span>temporada veraniega<\/span><\/strong>. En una <span style=\"font-weight: bold\">casa mediterr\u00e1nea<\/span>, la premisa esencial es aprovechar la mayor cantidad de<span> <\/span><strong><span>luz natural<\/span><\/strong>. Para ello hay que alternar los<span> <\/span><strong><span>colores fuertes<\/span><\/strong><span> <\/span>-como el <a href=\"http:\/\/www.sedalinne.com\/catalogo\/marcas.php?fam=F1\">azul<\/a>, <a href=\"http:\/\/www.sedalinne.com\/catalogo\/articulos2.php?fam=F1&amp;col=200&amp;tam=&amp;mar=&amp;x=15&amp;y=8\">rojo<\/a> y<a href=\"http:\/\/www.sedalinne.com\/catalogo\/articulos2.php?fam=F1&amp;col=400&amp;tam=&amp;mar=&amp;x=13&amp;y=9\"> verde <\/a>con<span> <\/span><strong style=\"font-weight: normal\"><span>el <a href=\"http:\/\/www.sedalinne.com\/catalogo\/articulos2.php?fam=F7&amp;col=001&amp;tam=&amp;mar=&amp;x=24&amp;y=7\">blanco<\/a> y el <a href=\"http:\/\/www.sedalinne.com\/catalogo\/articulos2.php?fam=F7&amp;col=500&amp;tam=&amp;mar=&amp;x=29&amp;y=9\">amarillo<\/a><\/span><\/strong>, que absorben mejor los rayos solares y dan<span> <\/span><strong><span>sensaci\u00f3n de amplitud<\/span><\/strong>.<\/span><\/p>\n<p style=\"margin: 0cm 0cm 0.0001pt;text-align: justify;line-height: 15.75pt;vertical-align: baseline\"><span> <\/span><\/p>\n<p style=\"margin: 0cm 0cm 0.0001pt;text-align: justify;line-height: 15.75pt;vertical-align: baseline\"><span>Un elemento esencial de la decoraci\u00f3n mediterr\u00e1nea es  contar con<span> <\/span><strong><span>varias <a href=\"http:\/\/www.sedalinne.com\/catalogo\/articulos2.php?fam=F7T02&amp;col=&amp;tam=&amp;mar=&amp;x=31&amp;y=10\">plantas<\/a><\/span><\/strong><span> <\/span>al interior de la casa.<\/span><\/p>\n<p style=\"margin: 0cm 0cm 0.0001pt;text-align: justify;line-height: 15.75pt;vertical-align: baseline\"><\/p>\n<p style=\"margin: 0cm 0cm 0.0001pt;text-align: justify;line-height: 15.75pt;vertical-align: baseline\"><\/p>\n<p style=\"margin: 0cm 0cm 0.0001pt;text-align: justify;line-height: 15.75pt;vertical-align: baseline\"><span><a href=\"http:\/\/www.sedalinne.com\/blog\/?p=409\">decoraci\u00f3n con naranja<\/a><\/span><\/p>\n<p style=\"margin: 0cm 0cm 0.0001pt;text-align: justify;line-height: 15.75pt;vertical-align: baseline\"><span><a href=\"http:\/\/www.sedalinne.com\/blog\/?p=412\">decorar en primavera<\/a><\/span><\/p>\n<p style=\"margin: 0cm 0cm 0.0001pt;text-align: justify;line-height: 15.75pt;vertical-align: baseline\"><span><a href=\"http:\/\/www.sedalinne.com\/blog\/?p=422\">textiles que renuevan la decoraci\u00f3n<\/a><br \/><\/span><\/p>\n<p><!--more--><\/p>\n","protected":false},"excerpt":{"rendered":"<p>Los materiales naturales tienen un lugar predominante en esta decoraci\u00f3n. Este estilo tiene su lugar principal en Espa\u00f1a. Es un estilo sencillo, natural y fresco. El clima marca la tendencia decorativa. Todo unido nos brindar\u00e1 relajaci\u00f3n y calidez. Son caracter\u00edsticas de este estilo, el color, la iluminaci\u00f3n y el calor en la decoraci\u00f3n. Es un &hellip; <a href=\"https:\/\/www.sedalinne.com\/blog\/decoracion-mediterranea\/\" class=\"more-link\">Contin\u00faa leyendo <span class=\"screen-reader-text\">Decoraci\u00f3n Mediterr\u00e1nea<\/span><\/a><\/p>\n","protected":false},"author":2,"featured_media":2640,"comment_status":"open","ping_status":"open","sticky":false,"template":"","format":"standard","meta":{"_mi_skip_tracking":false,"_jetpack_memberships_contains_paid_content":false,"footnotes":""},"categories":[5,11,2,3,8,6,4,13,16,20],"tags":[],"aioseo_notices":[],"jetpack_sharing_enabled":true,"jetpack_featured_media_url":"https:\/\/www.sedalinne.com\/blog\/wp-content\/uploads\/2011\/03\/vondom.jpg","_links":{"self":[{"href":"https:\/\/www.sedalinne.com\/blog\/wp-json\/wp\/v2\/posts\/408"}],"collection":[{"href":"https:\/\/www.sedalinne.com\/blog\/wp-json\/wp\/v2\/posts"}],"about":[{"href":"https:\/\/www.sedalinne.com\/blog\/wp-json\/wp\/v2\/types\/post"}],"author":[{"embeddable":true,"href":"https:\/\/www.sedalinne.com\/blog\/wp-json\/wp\/v2\/users\/2"}],"replies":[{"embeddable":true,"href":"https:\/\/www.sedalinne.com\/blog\/wp-json\/wp\/v2\/comments?post=408"}],"version-history":[{"count":1,"href":"https:\/\/www.sedalinne.com\/blog\/wp-json\/wp\/v2\/posts\/408\/revisions"}],"predecessor-version":[{"id":4565,"href":"https:\/\/www.sedalinne.com\/blog\/wp-json\/wp\/v2\/posts\/408\/revisions\/4565"}],"wp:featuredmedia":[{"embeddable":true,"href":"https:\/\/www.sedalinne.com\/blog\/wp-json\/wp\/v2\/media\/2640"}],"wp:attachment":[{"href":"https:\/\/www.sedalinne.com\/blog\/wp-json\/wp\/v2\/media?parent=408"}],"wp:term":[{"taxonomy":"category","embeddable":true,"href":"https:\/\/www.sedalinne.com\/blog\/wp-json\/wp\/v2\/categories?post=408"},{"taxonomy":"post_tag","embeddable":true,"href":"https:\/\/www.sedalinne.com\/blog\/wp-json\/wp\/v2\/tags?post=408"}],"curies":[{"name":"wp","href":"https:\/\/api.w.org\/{rel}","templated":true}]}}