{"id":381,"date":"2011-07-06T11:18:00","date_gmt":"2011-07-06T11:18:00","guid":{"rendered":"http:\/\/www.sedalinne.com\/blog\/?p=381"},"modified":"2018-10-11T07:48:12","modified_gmt":"2018-10-11T07:48:12","slug":"toallas-de-bano-y-playa-elio-berhanyer","status":"publish","type":"post","link":"https:\/\/www.sedalinne.com\/blog\/toallas-de-bano-y-playa-elio-berhanyer\/","title":{"rendered":"Toallas de ba\u00f1o y playa  ELIO  BERHANYER"},"content":{"rendered":"\n\n<div class=\"kk-star-ratings kksr-auto kksr-align-left kksr-valign-top\"\n    data-payload='{&quot;align&quot;:&quot;left&quot;,&quot;id&quot;:&quot;381&quot;,&quot;slug&quot;:&quot;default&quot;,&quot;valign&quot;:&quot;top&quot;,&quot;ignore&quot;:&quot;&quot;,&quot;reference&quot;:&quot;auto&quot;,&quot;class&quot;:&quot;&quot;,&quot;count&quot;:&quot;0&quot;,&quot;legendonly&quot;:&quot;&quot;,&quot;readonly&quot;:&quot;&quot;,&quot;score&quot;:&quot;0&quot;,&quot;starsonly&quot;:&quot;&quot;,&quot;best&quot;:&quot;5&quot;,&quot;gap&quot;:&quot;5&quot;,&quot;greet&quot;:&quot;Rate this post&quot;,&quot;legend&quot;:&quot;0\\\/5 - (0 votos)&quot;,&quot;size&quot;:&quot;24&quot;,&quot;width&quot;:&quot;0&quot;,&quot;_legend&quot;:&quot;{score}\\\/{best} - ({count} {votes})&quot;,&quot;font_factor&quot;:&quot;1.25&quot;}'>\n            \n<div class=\"kksr-stars\">\n    \n<div class=\"kksr-stars-inactive\">\n            <div class=\"kksr-star\" data-star=\"1\" style=\"padding-right: 5px\">\n            \n\n<div class=\"kksr-icon\" style=\"width: 24px; height: 24px;\"><\/div>\n        <\/div>\n            <div class=\"kksr-star\" data-star=\"2\" style=\"padding-right: 5px\">\n            \n\n<div class=\"kksr-icon\" style=\"width: 24px; height: 24px;\"><\/div>\n        <\/div>\n            <div class=\"kksr-star\" data-star=\"3\" style=\"padding-right: 5px\">\n            \n\n<div class=\"kksr-icon\" style=\"width: 24px; height: 24px;\"><\/div>\n        <\/div>\n            <div class=\"kksr-star\" data-star=\"4\" style=\"padding-right: 5px\">\n            \n\n<div class=\"kksr-icon\" style=\"width: 24px; height: 24px;\"><\/div>\n        <\/div>\n            <div class=\"kksr-star\" data-star=\"5\" style=\"padding-right: 5px\">\n            \n\n<div class=\"kksr-icon\" style=\"width: 24px; height: 24px;\"><\/div>\n        <\/div>\n    <\/div>\n    \n<div class=\"kksr-stars-active\" style=\"width: 0px;\">\n            <div class=\"kksr-star\" style=\"padding-right: 5px\">\n            \n\n<div class=\"kksr-icon\" style=\"width: 24px; height: 24px;\"><\/div>\n        <\/div>\n            <div class=\"kksr-star\" style=\"padding-right: 5px\">\n            \n\n<div class=\"kksr-icon\" style=\"width: 24px; height: 24px;\"><\/div>\n        <\/div>\n            <div class=\"kksr-star\" style=\"padding-right: 5px\">\n            \n\n<div class=\"kksr-icon\" style=\"width: 24px; height: 24px;\"><\/div>\n        <\/div>\n            <div class=\"kksr-star\" style=\"padding-right: 5px\">\n            \n\n<div class=\"kksr-icon\" style=\"width: 24px; height: 24px;\"><\/div>\n        <\/div>\n            <div class=\"kksr-star\" style=\"padding-right: 5px\">\n            \n\n<div class=\"kksr-icon\" style=\"width: 24px; height: 24px;\"><\/div>\n        <\/div>\n    <\/div>\n<\/div>\n                \n\n<div class=\"kksr-legend\" style=\"font-size: 19.2px;\">\n            <span class=\"kksr-muted\">Rate this post<\/span>\n    <\/div>\n    <\/div>\n<p><a href=\"http:\/\/1.bp.blogspot.com\/-7SV2AIoGIWA\/ThRTNmfo6CI\/AAAAAAAABTw\/1y8UmHbWOG0\/s1600\/toallas%2Blisas.jpg\"><br \/><\/a><a href=\"http:\/\/www.sedalinne.com\/catalogo\/articulos2.php?fam=F3&amp;mar=ME05\"><br \/><\/a><\/p>\n<div style=\"text-align: justify\"><a href=\"http:\/\/www.sedalinne.com\/catalogo\/articulos2.php?fam=F3&amp;mar=ME05\">ELIO BERHANYER<\/a>, dedicado a la alta costura, nos ofrece dise\u00f1os de<span style=\"font-weight: bold\"> moda para el ba\u00f1o<\/span> en <span style=\"font-weight: bold\">toallas<\/span>.<span style=\"font-weight: bold\"> Toallas de excelente calidad<\/span>, con un gramaje de 550 gr\/m2.<\/p>\n<p>Toallas con gran estilo de personalidad, que crean moda. Moda de ba\u00f1o en Espa\u00f1a.<\/p>\n<p><a href=\"http:\/\/www.sedalinne.com\/catalogo\/marcas.php?fam=F3T03\"><span style=\"font-weight: bold\">Juego de toallas de 3 piezas<\/span><\/a>: incluyen 1 <span style=\"font-weight: bold\">toalla s\u00e1bana<\/span> + 1 <span style=\"font-weight: bold\">toalla lavabo<\/span> + 1 <span style=\"font-weight: bold\">toalla tocador<\/span>.<\/div>\n<p>                                                                     <\/p>\n<div style=\"text-align: center\"><a href=\"http:\/\/www.sedalinne.com\/catalogo\/marcas.php?fam=F3T04\"><span style=\"font-weight: bold\">Toallas lisas<\/span><\/a><\/div>\n<p><a href=\"http:\/\/www.sedalinne.com\/catalogo\/articulos2.php?fam=F3&amp;mar=ME05\"><img decoding=\"async\" style=\"margin:0px auto 10px;text-align:center;cursor:pointer;cursor:hand;width: 320px;height: 230px\" src=\"http:\/\/www.sedalinne.com\/blog\/wp-content\/uploads\/2011\/07\/toallas-2Blisas-300x216.jpg\" alt=\"\" id=\"BLOGGER_PHOTO_ID_5626213327629248546\" border=\"0\" \/><\/a><\/p>\n<div style=\"text-align: center\">      <a href=\"http:\/\/www.sedalinne.com\/catalogo\/articulos2.php?fam=F3T03&amp;mar=ME05\"><span style=\"font-weight: bold\">   Toallas reversibles<\/span><\/a> con estilo<\/div>\n<p><a href=\"http:\/\/www.sedalinne.com\/catalogo\/articulos2.php?fam=F3T03&amp;mar=ME05\"><img decoding=\"async\" style=\"margin:0px auto 10px;text-align:center;cursor:pointer;cursor:hand;width: 320px;height: 230px\" src=\"http:\/\/www.sedalinne.com\/blog\/wp-content\/uploads\/2011\/07\/toallas-2Breversibles-300x216.jpg\" alt=\"\" id=\"BLOGGER_PHOTO_ID_5626212220911071858\" border=\"0\" \/><\/a><br \/><a href=\"http:\/\/3.bp.blogspot.com\/-tmka4oyNT5s\/ThRRyB3g8jI\/AAAAAAAABTU\/z8GKyIcAJSQ\/s1600\/toallas%2Breversibles.jpg\"><br \/><\/a><br \/><a href=\"http:\/\/3.bp.blogspot.com\/-OER0aUyPNgQ\/ThRRspES7uI\/AAAAAAAABTM\/ypjCR9wy81E\/s1600\/toallas%2Bplaya.jpg\"><br \/><\/a><\/p>\n<div style=\"text-align: center\"><a href=\"http:\/\/www.sedalinne.com\/catalogo\/marcas.php?fam=F3T02\"><span style=\"font-weight: bold\">Toallas de playa<\/span><br \/><\/a><\/div>\n<p><a href=\"http:\/\/www.sedalinne.com\/catalogo\/articulos2.php?fam=F3&amp;mar=ME05\"><img decoding=\"async\" style=\"margin:0px auto 10px;text-align:center;cursor:pointer;cursor:hand;width: 320px;height: 230px\" src=\"http:\/\/www.sedalinne.com\/blog\/wp-content\/uploads\/2011\/07\/toallas-2Bplaya-300x216.jpg\" alt=\"\" id=\"BLOGGER_PHOTO_ID_5626211661872557794\" border=\"0\" \/><\/a><\/p>\n<div style=\"text-align: center\">\u00bfApuestas por la colecci\u00f3n?<\/div>\n<p><span><span style=\"font-family:arial, sans-serif;font-size:16px\"><span title=\"Haz clic para obtener otras posibles traducciones\"><\/span><\/span><\/span><!--more--><\/p>\n","protected":false},"excerpt":{"rendered":"<p>ELIO BERHANYER, dedicado a la alta costura, nos ofrece dise\u00f1os de moda para el ba\u00f1o en toallas. Toallas de excelente calidad, con un gramaje de 550 gr\/m2. Toallas con gran estilo de personalidad, que crean moda. Moda de ba\u00f1o en Espa\u00f1a. Juego de toallas de 3 piezas: incluyen 1 toalla s\u00e1bana + 1 toalla lavabo &hellip; <a href=\"https:\/\/www.sedalinne.com\/blog\/toallas-de-bano-y-playa-elio-berhanyer\/\" class=\"more-link\">Contin\u00faa leyendo <span class=\"screen-reader-text\">Toallas de ba\u00f1o y playa  ELIO  BERHANYER<\/span><\/a><\/p>\n","protected":false},"author":2,"featured_media":2542,"comment_status":"open","ping_status":"open","sticky":false,"template":"","format":"standard","meta":{"_mi_skip_tracking":false,"_jetpack_memberships_contains_paid_content":false,"footnotes":""},"categories":[11,7,3,4,13],"tags":[],"aioseo_notices":[],"jetpack_sharing_enabled":true,"jetpack_featured_media_url":"https:\/\/www.sedalinne.com\/blog\/wp-content\/uploads\/2011\/07\/toallas-2Blisas.jpg","_links":{"self":[{"href":"https:\/\/www.sedalinne.com\/blog\/wp-json\/wp\/v2\/posts\/381"}],"collection":[{"href":"https:\/\/www.sedalinne.com\/blog\/wp-json\/wp\/v2\/posts"}],"about":[{"href":"https:\/\/www.sedalinne.com\/blog\/wp-json\/wp\/v2\/types\/post"}],"author":[{"embeddable":true,"href":"https:\/\/www.sedalinne.com\/blog\/wp-json\/wp\/v2\/users\/2"}],"replies":[{"embeddable":true,"href":"https:\/\/www.sedalinne.com\/blog\/wp-json\/wp\/v2\/comments?post=381"}],"version-history":[{"count":1,"href":"https:\/\/www.sedalinne.com\/blog\/wp-json\/wp\/v2\/posts\/381\/revisions"}],"predecessor-version":[{"id":4538,"href":"https:\/\/www.sedalinne.com\/blog\/wp-json\/wp\/v2\/posts\/381\/revisions\/4538"}],"wp:featuredmedia":[{"embeddable":true,"href":"https:\/\/www.sedalinne.com\/blog\/wp-json\/wp\/v2\/media\/2542"}],"wp:attachment":[{"href":"https:\/\/www.sedalinne.com\/blog\/wp-json\/wp\/v2\/media?parent=381"}],"wp:term":[{"taxonomy":"category","embeddable":true,"href":"https:\/\/www.sedalinne.com\/blog\/wp-json\/wp\/v2\/categories?post=381"},{"taxonomy":"post_tag","embeddable":true,"href":"https:\/\/www.sedalinne.com\/blog\/wp-json\/wp\/v2\/tags?post=381"}],"curies":[{"name":"wp","href":"https:\/\/api.w.org\/{rel}","templated":true}]}}