{"id":3644,"date":"2017-01-25T12:21:23","date_gmt":"2017-01-25T12:21:23","guid":{"rendered":"http:\/\/www.sedalinne.com\/blog\/?p=3644"},"modified":"2017-04-21T06:38:33","modified_gmt":"2017-04-21T06:38:33","slug":"echa-un-vistazo-a-nuestra-seccion-de-complementos-y-da-un-salto-de-calidad-en-la-decoracion-de-tu-dormitorio","status":"publish","type":"post","link":"https:\/\/www.sedalinne.com\/blog\/echa-un-vistazo-a-nuestra-seccion-de-complementos-y-da-un-salto-de-calidad-en-la-decoracion-de-tu-dormitorio\/","title":{"rendered":"Echa un vistazo a nuestra secci\u00f3n de complementos y da un salto de calidad en la decoraci\u00f3n de tu dormitorio"},"content":{"rendered":"\n\n<div class=\"kk-star-ratings kksr-auto kksr-align-left kksr-valign-top\"\n    data-payload='{&quot;align&quot;:&quot;left&quot;,&quot;id&quot;:&quot;3644&quot;,&quot;slug&quot;:&quot;default&quot;,&quot;valign&quot;:&quot;top&quot;,&quot;ignore&quot;:&quot;&quot;,&quot;reference&quot;:&quot;auto&quot;,&quot;class&quot;:&quot;&quot;,&quot;count&quot;:&quot;0&quot;,&quot;legendonly&quot;:&quot;&quot;,&quot;readonly&quot;:&quot;&quot;,&quot;score&quot;:&quot;0&quot;,&quot;starsonly&quot;:&quot;&quot;,&quot;best&quot;:&quot;5&quot;,&quot;gap&quot;:&quot;5&quot;,&quot;greet&quot;:&quot;Rate this post&quot;,&quot;legend&quot;:&quot;0\\\/5 - (0 votos)&quot;,&quot;size&quot;:&quot;24&quot;,&quot;width&quot;:&quot;0&quot;,&quot;_legend&quot;:&quot;{score}\\\/{best} - ({count} {votes})&quot;,&quot;font_factor&quot;:&quot;1.25&quot;}'>\n            \n<div class=\"kksr-stars\">\n    \n<div class=\"kksr-stars-inactive\">\n            <div class=\"kksr-star\" data-star=\"1\" style=\"padding-right: 5px\">\n            \n\n<div class=\"kksr-icon\" style=\"width: 24px; height: 24px;\"><\/div>\n        <\/div>\n            <div class=\"kksr-star\" data-star=\"2\" style=\"padding-right: 5px\">\n            \n\n<div class=\"kksr-icon\" style=\"width: 24px; height: 24px;\"><\/div>\n        <\/div>\n            <div class=\"kksr-star\" data-star=\"3\" style=\"padding-right: 5px\">\n            \n\n<div class=\"kksr-icon\" style=\"width: 24px; height: 24px;\"><\/div>\n        <\/div>\n            <div class=\"kksr-star\" data-star=\"4\" style=\"padding-right: 5px\">\n            \n\n<div class=\"kksr-icon\" style=\"width: 24px; height: 24px;\"><\/div>\n        <\/div>\n            <div class=\"kksr-star\" data-star=\"5\" style=\"padding-right: 5px\">\n            \n\n<div class=\"kksr-icon\" style=\"width: 24px; height: 24px;\"><\/div>\n        <\/div>\n    <\/div>\n    \n<div class=\"kksr-stars-active\" style=\"width: 0px;\">\n            <div class=\"kksr-star\" style=\"padding-right: 5px\">\n            \n\n<div class=\"kksr-icon\" style=\"width: 24px; height: 24px;\"><\/div>\n        <\/div>\n            <div class=\"kksr-star\" style=\"padding-right: 5px\">\n            \n\n<div class=\"kksr-icon\" style=\"width: 24px; height: 24px;\"><\/div>\n        <\/div>\n            <div class=\"kksr-star\" style=\"padding-right: 5px\">\n            \n\n<div class=\"kksr-icon\" style=\"width: 24px; height: 24px;\"><\/div>\n        <\/div>\n            <div class=\"kksr-star\" style=\"padding-right: 5px\">\n            \n\n<div class=\"kksr-icon\" style=\"width: 24px; height: 24px;\"><\/div>\n        <\/div>\n            <div class=\"kksr-star\" style=\"padding-right: 5px\">\n            \n\n<div class=\"kksr-icon\" style=\"width: 24px; height: 24px;\"><\/div>\n        <\/div>\n    <\/div>\n<\/div>\n                \n\n<div class=\"kksr-legend\" style=\"font-size: 19.2px;\">\n            <span class=\"kksr-muted\">Rate this post<\/span>\n    <\/div>\n    <\/div>\n<p style=\"text-align: justify;\">Que el dormitorio es la estancia del hogar m\u00e1s especial y m\u00e1s privada es un hecho. Es el lugar en el que descansamos cada noche, donde tenemos nuestras cosas personales m\u00e1s importantes y donde m\u00e1s tiempo pasamos al cabo del d\u00eda, por ello merece la pena prestar una especial atenci\u00f3n a la decoraci\u00f3n y conseguir crear una estancia que consiga reflejar nuestra personalidad y que nos permita sentirnos completamente a gusto.<!--more--><\/p>\n<p style=\"text-align: justify;\">Hace unos a\u00f1os los dormitorios se ten\u00edan \u00fanicamente como una habitaci\u00f3n que se utilizaba para dormir, por lo que bastaba con tener una cama, una mesita de noche para poder colocar el despertador y un armario en el que guardar la ropa. Esto ahora ha cambiado, y es que el dormitorio adem\u00e1s de para dormir, es nuestro lugar privado al que acudimos siempre que vamos en busca de relajaci\u00f3n y desconexi\u00f3n sin que nadie nos moleste.<\/p>\n<p style=\"text-align: justify;\">Una relajaci\u00f3n y desconexi\u00f3n que ser\u00e1 mucho m\u00e1s f\u00e1cil si adem\u00e1s de contar con una c\u00f3moda cama, que por supuesto es important\u00edsimo, dispones de una adecuada decoraci\u00f3n que te permita sentirte a gusto y levantarte cada ma\u00f1ana con la mejor de las sonrisas. Nosotros lo sabemos, por ello no queremos que te marches de Sedalinne sin antes echar un vistazo a nuestra colecci\u00f3n de <strong><a href=\"http:\/\/www.sedalinne.com\/complementos\" target=\"_blank\" rel=\"noopener noreferrer\">complementos y accesorios<\/a><\/strong> para la decoraci\u00f3n de dormitorio. Te encantar\u00e1n y te ayudar\u00e1n a dar ese salto de calidad con el que disfrutar\u00e1s como nunca. \u00bfTe gusta la idea? Pues presta atenci\u00f3n y toma nota.<\/p>\n<h2><strong>Cabezales para camas<\/strong><\/h2>\n<p style=\"text-align: justify;\"><a href=\"http:\/\/www.sedalinne.com\/cabezales-para-camas\/cabezales-tapizados-polipiel-atamborado-2-140-neublanc\" target=\"_blank\" rel=\"noopener noreferrer\"><img loading=\"lazy\" decoding=\"async\" class=\"aligncenter wp-image-3646 size-full\" title=\"Cabezal cama Neublanc\" src=\"http:\/\/www.sedalinne.com\/blog\/wp-content\/uploads\/2017\/01\/\u00daltima-ATAMBORADO.jpg\" alt=\"Cabezal cama Neublanc\" width=\"763\" height=\"600\" srcset=\"https:\/\/www.sedalinne.com\/blog\/wp-content\/uploads\/2017\/01\/\u00daltima-ATAMBORADO.jpg 763w, https:\/\/www.sedalinne.com\/blog\/wp-content\/uploads\/2017\/01\/\u00daltima-ATAMBORADO-300x236.jpg 300w\" sizes=\"(max-width: 763px) 100vw, 763px\" \/><\/a>Una forma muy sencilla de renovar la imagen de tu dormitorio y darle un fuerte cambio a la decoraci\u00f3n es apostar por los <strong><a href=\"http:\/\/www.sedalinne.com\/cabezales-para-camas\" target=\"_blank\" rel=\"noopener noreferrer\">cabezales para la cama<\/a><\/strong>. Servir\u00e1n para mejorar la decoraci\u00f3n, para proteger la pared del roce de la cama y para disfrutar de una mayor comodidad.<\/p>\n<p style=\"text-align: justify;\">En nuestra tienda online sedalinne.com contamos con una enorme variedad de cabeceros para cama que te conquistar\u00e1n y te permitir\u00e1n dar ese importante salto de calidad. Con diferentes tipos de tapizados, no tengas ninguna duda de que encontrar\u00e1s alguno que consiga adaptarse a lo que buscas y que te permita mejorar la imagen de tu dormitorio.<\/p>\n<h2><strong>Alfombras<\/strong><\/h2>\n<p style=\"text-align: justify;\"><a href=\"http:\/\/www.sedalinne.com\/alfombras\/alfombra-lana-virgen-diamante-290-hispania\" target=\"_blank\" rel=\"noopener noreferrer\"><img loading=\"lazy\" decoding=\"async\" class=\"aligncenter wp-image-3647 size-large\" title=\"Alfombra DIAMANTE Hispania\" src=\"http:\/\/www.sedalinne.com\/blog\/wp-content\/uploads\/2017\/01\/Diamante290-MULTICOLOR-1024x1024.jpg\" alt=\"Alfombra DIAMANTE Hispania\" width=\"660\" height=\"660\" srcset=\"https:\/\/www.sedalinne.com\/blog\/wp-content\/uploads\/2017\/01\/Diamante290-MULTICOLOR-1024x1024.jpg 1024w, https:\/\/www.sedalinne.com\/blog\/wp-content\/uploads\/2017\/01\/Diamante290-MULTICOLOR-150x150.jpg 150w, https:\/\/www.sedalinne.com\/blog\/wp-content\/uploads\/2017\/01\/Diamante290-MULTICOLOR-300x300.jpg 300w, https:\/\/www.sedalinne.com\/blog\/wp-content\/uploads\/2017\/01\/Diamante290-MULTICOLOR-768x768.jpg 768w, https:\/\/www.sedalinne.com\/blog\/wp-content\/uploads\/2017\/01\/Diamante290-MULTICOLOR.jpg 1300w\" sizes=\"(max-width: 660px) 100vw, 660px\" \/><\/a><\/p>\n<p style=\"text-align: justify;\">Las <strong><a href=\"http:\/\/www.sedalinne.com\/alfombras\" target=\"_blank\" rel=\"noopener noreferrer\">alfombras<\/a><\/strong> tambi\u00e9n son un art\u00edculo que te ayudar\u00e1n a mejorar la decoraci\u00f3n de tu dormitorio de un modo sorprendente. Son el art\u00edculo perfecto para vestir el suelo y aportar una mayor comodidad, y existe una gran variedad de modelos diferentes con todo tipo de tama\u00f1o y dise\u00f1os, que se adaptar\u00e1n perfectamente a lo que buscas y a lo que necesitas, ayud\u00e1ndote a dar un importante salto de calidad que no pasar\u00e1 desapercibido.<\/p>\n<h2><strong>Cortinas<\/strong><\/h2>\n<p style=\"text-align: justify;\"><a href=\"http:\/\/www.sedalinne.com\/cortinas-y-visillos\/cortinas-kava-antilo\" target=\"_blank\" rel=\"noopener noreferrer\"><img loading=\"lazy\" decoding=\"async\" class=\"aligncenter wp-image-3648 size-large\" title=\"Cortina KAVA Antilo\" src=\"http:\/\/www.sedalinne.com\/blog\/wp-content\/uploads\/2017\/01\/KAVA-cortina-marron-598x1024.jpg\" alt=\"Cortina KAVA Antilo\" width=\"598\" height=\"1024\" srcset=\"https:\/\/www.sedalinne.com\/blog\/wp-content\/uploads\/2017\/01\/KAVA-cortina-marron-598x1024.jpg 598w, https:\/\/www.sedalinne.com\/blog\/wp-content\/uploads\/2017\/01\/KAVA-cortina-marron-175x300.jpg 175w, https:\/\/www.sedalinne.com\/blog\/wp-content\/uploads\/2017\/01\/KAVA-cortina-marron-768x1315.jpg 768w, https:\/\/www.sedalinne.com\/blog\/wp-content\/uploads\/2017\/01\/KAVA-cortina-marron.jpg 1379w\" sizes=\"(max-width: 598px) 100vw, 598px\" \/><\/a><\/p>\n<p style=\"text-align: justify;\">Las <strong><a href=\"http:\/\/www.sedalinne.com\/cortinas\" target=\"_blank\" rel=\"noopener noreferrer\">cortinas<\/a><\/strong> juegan un papel protagonista en cualquier dormitorio, no solo en cuanto a la decoraci\u00f3n se refiere, sino tambi\u00e9n a la hora de iluminar la estancia. En funci\u00f3n del tipo de cortina que escojas recibir\u00e1s una iluminaci\u00f3n diferente, que combin\u00e1ndola con las l\u00e1mparas que tengas instaladas, podr\u00e1s adaptar a tus gustos y a tus necesidades, recibiendo la iluminaci\u00f3n m\u00e1s adecuada para cada momento del d\u00eda.<\/p>\n<h2><strong>Plaids<\/strong><\/h2>\n<p style=\"text-align: justify;\"><a href=\"http:\/\/www.sedalinne.com\/plaids-sofas#\" target=\"_blank\" rel=\"noopener noreferrer\"><img loading=\"lazy\" decoding=\"async\" class=\"aligncenter wp-image-3649 size-large\" title=\"Plaid sof\u00e1 BOUQUET Antilo\" src=\"http:\/\/www.sedalinne.com\/blog\/wp-content\/uploads\/2017\/01\/BOUQUET-841x1024.jpg\" alt=\"Plaid sof\u00e1 BOUQUET Antilo\" width=\"660\" height=\"804\" srcset=\"https:\/\/www.sedalinne.com\/blog\/wp-content\/uploads\/2017\/01\/BOUQUET.jpg 841w, https:\/\/www.sedalinne.com\/blog\/wp-content\/uploads\/2017\/01\/BOUQUET-246x300.jpg 246w, https:\/\/www.sedalinne.com\/blog\/wp-content\/uploads\/2017\/01\/BOUQUET-768x935.jpg 768w\" sizes=\"(max-width: 660px) 100vw, 660px\" \/><\/a><\/p>\n<p style=\"text-align: justify;\">Los <strong><a href=\"http:\/\/www.sedalinne.com\/plaids-sofas\" target=\"_blank\" rel=\"noopener noreferrer\">plaids<\/a><\/strong> son un art\u00edculo que tiene un aspecto similar al de una manta o una colcha, que te permitir\u00e1 taparte y disfrutar de la m\u00e1xima comodidad cuando quieras descansar en tu cama, sin tener que abrirla en su totalidad. Est\u00e1n disponibles en una enorme variedad de dise\u00f1os y materiales diferentes, que encajar\u00e1n perfectamente con la imagen y la decoraci\u00f3n de tu dormitorio, aportando un toque de calidad que no pasar\u00e1 desapercibido. Son ideales para aquellos momentos en los que quieres disfrutar de una lectura, ver la tele o descansar en tu cama.<\/p>\n<h2><strong>Cojines<\/strong><\/h2>\n<p style=\"text-align: justify;\"><a href=\"http:\/\/www.sedalinne.com\/cojines-decorativos\/funda-cojin-textura-15-antilo\" target=\"_blank\" rel=\"noopener noreferrer\"><img loading=\"lazy\" decoding=\"async\" class=\"aligncenter wp-image-3650 size-large\" title=\"Coj\u00edn TEXTURA 15 Antilo\" src=\"http:\/\/www.sedalinne.com\/blog\/wp-content\/uploads\/2017\/01\/TEXTURA-15-unico-1024x1024.jpg\" alt=\"Coj\u00edn TEXTURA 15 Antilo\" width=\"660\" height=\"660\" srcset=\"https:\/\/www.sedalinne.com\/blog\/wp-content\/uploads\/2017\/01\/TEXTURA-15-unico-1024x1024.jpg 1024w, https:\/\/www.sedalinne.com\/blog\/wp-content\/uploads\/2017\/01\/TEXTURA-15-unico-150x150.jpg 150w, https:\/\/www.sedalinne.com\/blog\/wp-content\/uploads\/2017\/01\/TEXTURA-15-unico-300x300.jpg 300w, https:\/\/www.sedalinne.com\/blog\/wp-content\/uploads\/2017\/01\/TEXTURA-15-unico-768x768.jpg 768w, https:\/\/www.sedalinne.com\/blog\/wp-content\/uploads\/2017\/01\/TEXTURA-15-unico.jpg 1300w\" sizes=\"(max-width: 660px) 100vw, 660px\" \/><\/a>Por \u00faltimo, no pod\u00edamos dejar de lado los <strong><a href=\"http:\/\/www.sedalinne.com\/cojines\" target=\"_blank\" rel=\"noopener noreferrer\">cojines<\/a><\/strong>, un art\u00edculo que tiene una funci\u00f3n protagonista en todo dormitorio. Se encargan de vestir tu cama y aportar un toque de calidad, adem\u00e1s de aportarte una gran comodidad para tu descanso. Te ayudar\u00e1n a modificar la imagen y mejorar la decoraci\u00f3n de tu dormitorio. No te pierdas todos los que tenemos disponibles.<\/p>\n<h3><strong>\u00bfQu\u00e9 m\u00e1s encontrar\u00e1s en nuestra secci\u00f3n de complementos?<\/strong><\/h3>\n<p style=\"text-align: justify;\">En nuestra secci\u00f3n de complementos, adem\u00e1s de encontrar todo tipo de accesorios dise\u00f1ados para mejorar la decoraci\u00f3n de tu dormitorio, tambi\u00e9n tenemos disponibles una gran variedad de complementos de <strong><a href=\"http:\/\/www.sedalinne.com\/mobiliario-jardin\" target=\"_blank\" rel=\"noopener noreferrer\">mobiliario de jard\u00edn<\/a><\/strong>, que te ayudar\u00e1n a completar tu jard\u00edn o terraza con el mejor estilo. \u00a1\u00a1No te los pierdas!!<\/p>\n","protected":false},"excerpt":{"rendered":"<p>Que el dormitorio es la estancia del hogar m\u00e1s especial y m\u00e1s privada es un hecho. Es el lugar en el que descansamos cada noche, donde tenemos nuestras cosas personales m\u00e1s importantes y donde m\u00e1s tiempo pasamos al cabo del d\u00eda, por ello merece la pena prestar una especial atenci\u00f3n a la decoraci\u00f3n y conseguir &hellip; <a href=\"https:\/\/www.sedalinne.com\/blog\/echa-un-vistazo-a-nuestra-seccion-de-complementos-y-da-un-salto-de-calidad-en-la-decoracion-de-tu-dormitorio\/\" class=\"more-link\">Contin\u00faa leyendo <span class=\"screen-reader-text\">Echa un vistazo a nuestra secci\u00f3n de complementos y da un salto de calidad en la decoraci\u00f3n de tu dormitorio<\/span><\/a><\/p>\n","protected":false},"author":2,"featured_media":3653,"comment_status":"open","ping_status":"closed","sticky":false,"template":"","format":"standard","meta":{"_mi_skip_tracking":false,"_jetpack_memberships_contains_paid_content":false,"footnotes":""},"categories":[121,8,28,4,147],"tags":[122,47,30,31,150],"aioseo_notices":[],"jetpack_sharing_enabled":true,"jetpack_featured_media_url":"https:\/\/www.sedalinne.com\/blog\/wp-content\/uploads\/2017\/01\/detalle3.jpg","_links":{"self":[{"href":"https:\/\/www.sedalinne.com\/blog\/wp-json\/wp\/v2\/posts\/3644"}],"collection":[{"href":"https:\/\/www.sedalinne.com\/blog\/wp-json\/wp\/v2\/posts"}],"about":[{"href":"https:\/\/www.sedalinne.com\/blog\/wp-json\/wp\/v2\/types\/post"}],"author":[{"embeddable":true,"href":"https:\/\/www.sedalinne.com\/blog\/wp-json\/wp\/v2\/users\/2"}],"replies":[{"embeddable":true,"href":"https:\/\/www.sedalinne.com\/blog\/wp-json\/wp\/v2\/comments?post=3644"}],"version-history":[{"count":5,"href":"https:\/\/www.sedalinne.com\/blog\/wp-json\/wp\/v2\/posts\/3644\/revisions"}],"predecessor-version":[{"id":3755,"href":"https:\/\/www.sedalinne.com\/blog\/wp-json\/wp\/v2\/posts\/3644\/revisions\/3755"}],"wp:featuredmedia":[{"embeddable":true,"href":"https:\/\/www.sedalinne.com\/blog\/wp-json\/wp\/v2\/media\/3653"}],"wp:attachment":[{"href":"https:\/\/www.sedalinne.com\/blog\/wp-json\/wp\/v2\/media?parent=3644"}],"wp:term":[{"taxonomy":"category","embeddable":true,"href":"https:\/\/www.sedalinne.com\/blog\/wp-json\/wp\/v2\/categories?post=3644"},{"taxonomy":"post_tag","embeddable":true,"href":"https:\/\/www.sedalinne.com\/blog\/wp-json\/wp\/v2\/tags?post=3644"}],"curies":[{"name":"wp","href":"https:\/\/api.w.org\/{rel}","templated":true}]}}