{"id":346,"date":"2011-11-16T11:51:00","date_gmt":"2011-11-16T11:51:00","guid":{"rendered":"http:\/\/www.sedalinne.com\/blog\/?p=346"},"modified":"2018-10-11T07:46:41","modified_gmt":"2018-10-11T07:46:41","slug":"sabanas-calentitas-de-invierno","status":"publish","type":"post","link":"https:\/\/www.sedalinne.com\/blog\/sabanas-calentitas-de-invierno\/","title":{"rendered":"S\u00e1banas calentitas de invierno."},"content":{"rendered":"\n\n<div class=\"kk-star-ratings kksr-auto kksr-align-left kksr-valign-top\"\n    data-payload='{&quot;align&quot;:&quot;left&quot;,&quot;id&quot;:&quot;346&quot;,&quot;slug&quot;:&quot;default&quot;,&quot;valign&quot;:&quot;top&quot;,&quot;ignore&quot;:&quot;&quot;,&quot;reference&quot;:&quot;auto&quot;,&quot;class&quot;:&quot;&quot;,&quot;count&quot;:&quot;0&quot;,&quot;legendonly&quot;:&quot;&quot;,&quot;readonly&quot;:&quot;&quot;,&quot;score&quot;:&quot;0&quot;,&quot;starsonly&quot;:&quot;&quot;,&quot;best&quot;:&quot;5&quot;,&quot;gap&quot;:&quot;5&quot;,&quot;greet&quot;:&quot;Rate this post&quot;,&quot;legend&quot;:&quot;0\\\/5 - (0 votos)&quot;,&quot;size&quot;:&quot;24&quot;,&quot;width&quot;:&quot;0&quot;,&quot;_legend&quot;:&quot;{score}\\\/{best} - ({count} {votes})&quot;,&quot;font_factor&quot;:&quot;1.25&quot;}'>\n            \n<div class=\"kksr-stars\">\n    \n<div class=\"kksr-stars-inactive\">\n            <div class=\"kksr-star\" data-star=\"1\" style=\"padding-right: 5px\">\n            \n\n<div class=\"kksr-icon\" style=\"width: 24px; height: 24px;\"><\/div>\n        <\/div>\n            <div class=\"kksr-star\" data-star=\"2\" style=\"padding-right: 5px\">\n            \n\n<div class=\"kksr-icon\" style=\"width: 24px; height: 24px;\"><\/div>\n        <\/div>\n            <div class=\"kksr-star\" data-star=\"3\" style=\"padding-right: 5px\">\n            \n\n<div class=\"kksr-icon\" style=\"width: 24px; height: 24px;\"><\/div>\n        <\/div>\n            <div class=\"kksr-star\" data-star=\"4\" style=\"padding-right: 5px\">\n            \n\n<div class=\"kksr-icon\" style=\"width: 24px; height: 24px;\"><\/div>\n        <\/div>\n            <div class=\"kksr-star\" data-star=\"5\" style=\"padding-right: 5px\">\n            \n\n<div class=\"kksr-icon\" style=\"width: 24px; height: 24px;\"><\/div>\n        <\/div>\n    <\/div>\n    \n<div class=\"kksr-stars-active\" style=\"width: 0px;\">\n            <div class=\"kksr-star\" style=\"padding-right: 5px\">\n            \n\n<div class=\"kksr-icon\" style=\"width: 24px; height: 24px;\"><\/div>\n        <\/div>\n            <div class=\"kksr-star\" style=\"padding-right: 5px\">\n            \n\n<div class=\"kksr-icon\" style=\"width: 24px; height: 24px;\"><\/div>\n        <\/div>\n            <div class=\"kksr-star\" style=\"padding-right: 5px\">\n            \n\n<div class=\"kksr-icon\" style=\"width: 24px; height: 24px;\"><\/div>\n        <\/div>\n            <div class=\"kksr-star\" style=\"padding-right: 5px\">\n            \n\n<div class=\"kksr-icon\" style=\"width: 24px; height: 24px;\"><\/div>\n        <\/div>\n            <div class=\"kksr-star\" style=\"padding-right: 5px\">\n            \n\n<div class=\"kksr-icon\" style=\"width: 24px; height: 24px;\"><\/div>\n        <\/div>\n    <\/div>\n<\/div>\n                \n\n<div class=\"kksr-legend\" style=\"font-size: 19.2px;\">\n            <span class=\"kksr-muted\">Rate this post<\/span>\n    <\/div>\n    <\/div>\n<div style=\"text-align: justify\">Ahora, tienes la oportunidad de elegir tus <span style=\"font-weight: bold\">s\u00e1banas <\/span>favoritas para el<span style=\"font-weight: bold\"> invierno<\/span>.<\/p>\n<p><a href=\"http:\/\/www.sedalinne.com\/catalogo\/articulos2.php?fam=F1S05&amp;buscador=1&amp;col=&amp;tam=&amp;mar=&amp;x=49&amp;y=11\"><span style=\"font-weight: bold\">S\u00e1banas de franela<\/span><\/a><br \/><a style=\"font-weight: bold\" href=\"http:\/\/www.sedalinne.com\/catalogo\/articulos2.php?fam=F1S04&amp;buscador=1&amp;col=&amp;tam=&amp;mar=&amp;x=40&amp;y=16\">S\u00e1banas t\u00e9rmicas pirineo<\/a><br \/><a href=\"http:\/\/www.sedalinne.com\/catalogo\/articulos2.php?fam=F1S09&amp;buscador=1&amp;col=&amp;tam=&amp;mar=&amp;x=25&amp;y=15\"><span style=\"font-weight: bold\">S\u00e1banas coral<\/span><\/a><\/p>\n<p>Disponibles en todas las medidas de cama, 90 cm, 105 cm, 135 cm, 150 cm, 160 cm, 180 cm y 200 cm.<\/p>\n<p><a href=\"http:\/\/www.sedalinne.com\/blog\/?p=369\">Elegir las s\u00e1banas para el invierno<\/a><br \/><a href=\"http:\/\/www.sedalinne.com\/blog\/S%C3%83%C2%A1banas%20de%20franela%20para%20camas%20grandes\">S\u00e1banas para camas grandes<\/a><\/div>\n<p><!--more--><\/p>\n","protected":false},"excerpt":{"rendered":"<p>Ahora, tienes la oportunidad de elegir tus s\u00e1banas favoritas para el invierno. S\u00e1banas de franelaS\u00e1banas t\u00e9rmicas pirineoS\u00e1banas coral Disponibles en todas las medidas de cama, 90 cm, 105 cm, 135 cm, 150 cm, 160 cm, 180 cm y 200 cm. Elegir las s\u00e1banas para el inviernoS\u00e1banas para camas grandes<\/p>\n","protected":false},"author":2,"featured_media":0,"comment_status":"open","ping_status":"open","sticky":false,"template":"","format":"standard","meta":{"_mi_skip_tracking":false,"_jetpack_memberships_contains_paid_content":false,"footnotes":""},"categories":[5,2],"tags":[],"aioseo_notices":[],"jetpack_sharing_enabled":true,"jetpack_featured_media_url":"","_links":{"self":[{"href":"https:\/\/www.sedalinne.com\/blog\/wp-json\/wp\/v2\/posts\/346"}],"collection":[{"href":"https:\/\/www.sedalinne.com\/blog\/wp-json\/wp\/v2\/posts"}],"about":[{"href":"https:\/\/www.sedalinne.com\/blog\/wp-json\/wp\/v2\/types\/post"}],"author":[{"embeddable":true,"href":"https:\/\/www.sedalinne.com\/blog\/wp-json\/wp\/v2\/users\/2"}],"replies":[{"embeddable":true,"href":"https:\/\/www.sedalinne.com\/blog\/wp-json\/wp\/v2\/comments?post=346"}],"version-history":[{"count":1,"href":"https:\/\/www.sedalinne.com\/blog\/wp-json\/wp\/v2\/posts\/346\/revisions"}],"predecessor-version":[{"id":4503,"href":"https:\/\/www.sedalinne.com\/blog\/wp-json\/wp\/v2\/posts\/346\/revisions\/4503"}],"wp:attachment":[{"href":"https:\/\/www.sedalinne.com\/blog\/wp-json\/wp\/v2\/media?parent=346"}],"wp:term":[{"taxonomy":"category","embeddable":true,"href":"https:\/\/www.sedalinne.com\/blog\/wp-json\/wp\/v2\/categories?post=346"},{"taxonomy":"post_tag","embeddable":true,"href":"https:\/\/www.sedalinne.com\/blog\/wp-json\/wp\/v2\/tags?post=346"}],"curies":[{"name":"wp","href":"https:\/\/api.w.org\/{rel}","templated":true}]}}