{"id":322,"date":"2012-02-16T18:31:00","date_gmt":"2012-02-16T18:31:00","guid":{"rendered":"http:\/\/www.sedalinne.com\/blog\/?p=322"},"modified":"2018-10-11T07:46:39","modified_gmt":"2018-10-11T07:46:39","slug":"coleccion-colchas-mora-2012","status":"publish","type":"post","link":"https:\/\/www.sedalinne.com\/blog\/coleccion-colchas-mora-2012\/","title":{"rendered":"Colecci\u00f3n colchas Mora 2012"},"content":{"rendered":"\n\n<div class=\"kk-star-ratings kksr-auto kksr-align-left kksr-valign-top\"\n    data-payload='{&quot;align&quot;:&quot;left&quot;,&quot;id&quot;:&quot;322&quot;,&quot;slug&quot;:&quot;default&quot;,&quot;valign&quot;:&quot;top&quot;,&quot;ignore&quot;:&quot;&quot;,&quot;reference&quot;:&quot;auto&quot;,&quot;class&quot;:&quot;&quot;,&quot;count&quot;:&quot;0&quot;,&quot;legendonly&quot;:&quot;&quot;,&quot;readonly&quot;:&quot;&quot;,&quot;score&quot;:&quot;0&quot;,&quot;starsonly&quot;:&quot;&quot;,&quot;best&quot;:&quot;5&quot;,&quot;gap&quot;:&quot;5&quot;,&quot;greet&quot;:&quot;Rate this post&quot;,&quot;legend&quot;:&quot;0\\\/5 - (0 votos)&quot;,&quot;size&quot;:&quot;24&quot;,&quot;width&quot;:&quot;0&quot;,&quot;_legend&quot;:&quot;{score}\\\/{best} - ({count} {votes})&quot;,&quot;font_factor&quot;:&quot;1.25&quot;}'>\n            \n<div class=\"kksr-stars\">\n    \n<div class=\"kksr-stars-inactive\">\n            <div class=\"kksr-star\" data-star=\"1\" style=\"padding-right: 5px\">\n            \n\n<div class=\"kksr-icon\" style=\"width: 24px; height: 24px;\"><\/div>\n        <\/div>\n            <div class=\"kksr-star\" data-star=\"2\" style=\"padding-right: 5px\">\n            \n\n<div class=\"kksr-icon\" style=\"width: 24px; height: 24px;\"><\/div>\n        <\/div>\n            <div class=\"kksr-star\" data-star=\"3\" style=\"padding-right: 5px\">\n            \n\n<div class=\"kksr-icon\" style=\"width: 24px; height: 24px;\"><\/div>\n        <\/div>\n            <div class=\"kksr-star\" data-star=\"4\" style=\"padding-right: 5px\">\n            \n\n<div class=\"kksr-icon\" style=\"width: 24px; height: 24px;\"><\/div>\n        <\/div>\n            <div class=\"kksr-star\" data-star=\"5\" style=\"padding-right: 5px\">\n            \n\n<div class=\"kksr-icon\" style=\"width: 24px; height: 24px;\"><\/div>\n        <\/div>\n    <\/div>\n    \n<div class=\"kksr-stars-active\" style=\"width: 0px;\">\n            <div class=\"kksr-star\" style=\"padding-right: 5px\">\n            \n\n<div class=\"kksr-icon\" style=\"width: 24px; height: 24px;\"><\/div>\n        <\/div>\n            <div class=\"kksr-star\" style=\"padding-right: 5px\">\n            \n\n<div class=\"kksr-icon\" style=\"width: 24px; height: 24px;\"><\/div>\n        <\/div>\n            <div class=\"kksr-star\" style=\"padding-right: 5px\">\n            \n\n<div class=\"kksr-icon\" style=\"width: 24px; height: 24px;\"><\/div>\n        <\/div>\n            <div class=\"kksr-star\" style=\"padding-right: 5px\">\n            \n\n<div class=\"kksr-icon\" style=\"width: 24px; height: 24px;\"><\/div>\n        <\/div>\n            <div class=\"kksr-star\" style=\"padding-right: 5px\">\n            \n\n<div class=\"kksr-icon\" style=\"width: 24px; height: 24px;\"><\/div>\n        <\/div>\n    <\/div>\n<\/div>\n                \n\n<div class=\"kksr-legend\" style=\"font-size: 19.2px;\">\n            <span class=\"kksr-muted\">Rate this post<\/span>\n    <\/div>\n    <\/div>\n<p>La firma <a href=\"http:\/\/www.sedalinne.com\/catalogo\/articulos2.php?fam=F1&amp;mar=MM02\">Mora<\/a>, en su <span style=\"font-weight: bold\">nueva colecci\u00f3n<\/span> de <a href=\"http:\/\/www.sedalinne.com\/catalogo\/articulos2.php?fam=F1C02&amp;mar=MM02\">colchas<\/a>, nos muestra una clasificaci\u00f3n en tres tipos diferentes:<\/p>\n<div style=\"text-align: justify\"><\/p>\n<div style=\"text-align: center\"><span style=\"font-weight: bold\">1. Colchas Jacquard.<\/span><\/p>\n<\/div>\n<div style=\"text-align: center\"><a href=\"http:\/\/www.sedalinne.com\/catalogo\/articulo.php?ref=MM02-0209&amp;fam=&amp;col=&amp;tam=&amp;mar=\"><img decoding=\"async\" style=\"cursor:pointer;cursor:hand;width: 200px;height: 144px\" src=\"http:\/\/www.sedalinne.com\/blog\/wp-content\/uploads\/2012\/02\/irma-300x216.jpg\" alt=\"\" id=\"BLOGGER_PHOTO_ID_5709810259999362914\" border=\"0\" \/><\/a><a href=\"http:\/\/www.sedalinne.com\/catalogo\/articulo.php?ref=MM02-0193&amp;fam=F1C02&amp;col=&amp;tam=&amp;mar=MM02\"><img decoding=\"async\" style=\"cursor:pointer;cursor:hand;width: 200px;height: 144px\" src=\"http:\/\/www.sedalinne.com\/blog\/wp-content\/uploads\/2012\/02\/iris-300x216.jpg\" alt=\"\" id=\"BLOGGER_PHOTO_ID_5709810151942851346\" border=\"0\" \/><\/a><a href=\"http:\/\/www.sedalinne.com\/catalogo\/articulo.php?ref=MM02-0191&amp;fam=F1C02&amp;col=&amp;tam=&amp;mar=MM02\"><img decoding=\"async\" style=\"cursor:pointer;cursor:hand;width: 200px;height: 144px\" src=\"http:\/\/www.sedalinne.com\/blog\/wp-content\/uploads\/2012\/02\/tahis-300x216.jpg\" alt=\"\" id=\"BLOGGER_PHOTO_ID_5709809992316674754\" border=\"0\" \/><\/a><\/div>\n<p>Colchas fabricadas con una esctructura de dos telas con trama de relleno. La combinaci\u00f3n, ligados combinados con los colores de la urdimbre y la trama, foman los dibujos con un amplio rapport repetitivo.<br \/>Esta estructura del <span style=\"font-weight: bold\">tejido <\/span>tiene la propiedad de ser altamente resistente por la fuerte uni\u00f3n de los componentes que en ella intervienen, asegurando una larga vida a la prenda, y un c\u00f3modo y f\u00e1cil mantenimiento de limpieza.<br \/>Los cambios de trama y las retenciones en el telar, deteminan las diferentes combinaciones de colores de cada uno de los dibujos, resaltando los<span style=\"font-weight: bold\"> peque\u00f1os detalles muy elaborados<\/span>, que dan el toque de<span style=\"font-weight: bold\"> buen gusto<\/span> en estas <span style=\"font-weight: bold\">colchas<\/span>.<\/p>\n<p>La <span style=\"font-weight: bold\">composici\u00f3n<\/span> est\u00e1 muy <span style=\"font-weight: bold\">equilibrada,<\/span> entre 40% algod\u00f3n- 60% poli\u00e9ster. El <span style=\"font-weight: bold\">algod\u00f3n <\/span>aporta la <span style=\"font-weight: bold\">suavidad y la nobleza del tacto<\/span>, mientas que el <span style=\"font-weight: bold\">poli\u00e9ster<\/span> proporciona la <span style=\"font-weight: bold\">consistencia<\/span> que garantiza la <span style=\"font-weight: bold\">durabilidad<\/span> de la colcha. Los hilos de algod\u00f3n est\u00e1n tintados con colorantes que resisten el proceso del lavado; <span style=\"font-weight: bold\">no desti\u00f1en ni se decoloran<\/span>.<\/p>\n<p>El lavado se puede realizar a mano o a m\u00e1quina, con agua templada, detergente neutro y ciclo de lavado suave. No se debe utilizrr lej\u00eda porque ataca al producto. Prohibido secar en sacora. No ncecesita plancha. Se puede lavar en seco. En el secado, se recomienda tendre sobre cuerda.<br \/>Los dise\u00f1os y sus colores, est\u00e1n cuidadosamente estudiados para combinar con los diferentes ambientes que se desee. A la oferta de todas las colchas jacquard, se suma la oferta de las fundas de coj\u00edn, para que la eficiacioa en la decoraci\u00f3n sea completa.<\/div>\n<div style=\"text-align: center\"><span style=\"font-weight: bold\">2. Colchas Microfibra<\/span><\/p>\n<p><a href=\"http:\/\/www.sedalinne.com\/blog\/wp-content\/uploads\/2012\/02\/haidi.jpg\"><img decoding=\"async\" style=\"cursor:pointer;cursor:hand;width: 200px;height: 144px\" src=\"http:\/\/www.sedalinne.com\/blog\/wp-content\/uploads\/2012\/02\/haidi-300x216.jpg\" alt=\"\" id=\"BLOGGER_PHOTO_ID_5709811277255668674\" border=\"0\" \/><\/a><a href=\"http:\/\/www.sedalinne.com\/catalogo\/articulo.php?ref=MM02-0190&amp;fam=F1C02&amp;col=&amp;tam=&amp;mar=MM02\"><img decoding=\"async\" style=\"cursor:pointer;cursor:hand;width: 200px;height: 144px\" src=\"http:\/\/www.sedalinne.com\/blog\/wp-content\/uploads\/2012\/02\/alisa-300x216.jpg\" alt=\"\" id=\"BLOGGER_PHOTO_ID_5709811609935371922\" border=\"0\" \/><\/a><span style=\"text-decoration: underline\"><br \/><\/span><a href=\"http:\/\/www.sedalinne.com\/catalogo\/articulo.php?ref=MM02-0207&amp;fam=F1C02&amp;col=&amp;tam=&amp;mar=MM02\"><img decoding=\"async\" style=\"cursor:pointer;cursor:hand;width: 200px;height: 160px\" src=\"http:\/\/www.sedalinne.com\/blog\/wp-content\/uploads\/2012\/02\/elma-2B733-300x240.jpg\" alt=\"\" id=\"BLOGGER_PHOTO_ID_5709811519819331490\" border=\"0\" \/><\/a><a href=\"http:\/\/www.sedalinne.com\/catalogo\/articulo.php?ref=MM02-0210&amp;fam=F1C02&amp;col=&amp;tam=&amp;mar=MM02\"><img decoding=\"async\" style=\"cursor:pointer;cursor:hand;width: 200px;height: 144px\" src=\"http:\/\/www.sedalinne.com\/blog\/wp-content\/uploads\/2012\/02\/delia-300x216.jpg\" alt=\"\" id=\"BLOGGER_PHOTO_ID_5709811452739169378\" border=\"0\" \/><\/a><\/div>\n<p><\/p>\n<div style=\"text-align: justify\">Esta fam\u00edlia de colchas est\u00e1 compuesta por poli\u00e9ster microfibra 100% en las caras del anvero y reverso, y el relleno es de algod\u00f3n 100%.<br \/>La microfibra conforma un <span style=\"font-weight: bold\">tejido cerrado<\/span> y <span style=\"font-weight: bold\">compacto,<\/span> de<span style=\"font-weight: bold\"> tacto<\/span> muy delicado parecido a la <span style=\"font-weight: bold\">seda<\/span> y con un suave <span style=\"font-weight: bold\">brillo<\/span> que lo caracteriza. El relleno est\u00e1 compuesto por una napa de fibras de algod\u00f3n que le da <span style=\"font-weight: bold\">consitencia y cuerpo a la colcha<\/span>. Las telas exteriores y el relleno, est\u00e1n unidas por cosidos de diferentes tipos, formando la unidad indivisible que es la <a href=\"http:\/\/www.sedalinne.com\/catalogo\/marcas.php?fam=F1C02\"><span style=\"font-weight: bold\">Colcha Bouti<\/span><\/a>.<\/p>\n<p>Los difetentes estampados de las telas de microfibra, tienen en com\u00fan la perfecta definici\u00f3n de sus <span style=\"font-weight: bold\">dise\u00f1os <\/span>que resultan m\u00e1s<span style=\"font-weight: bold\"> vistosos <\/span>por el efecto del delicado<span style=\"font-weight: bold\"> brillo <\/span>del propio tejido de microfibra.<\/p>\n<p>Las colchas se ofreren con fundas de coj\u00edn de 50&#215;50 inclu\u00eddos.<\/p>\n<p>El lavado se puedes realizar a mano o a m\u00e1quina, con agua templada, detergente neutro y ciclo de lavado suave. No se debe utilizar lej\u00eda porque ataca al producto. Prohibido secar en secadora. No necesita plancha. Se puede lavar en seco. En el secado, se recomienda tender sobre cuerda.<\/p>\n<p>Dise\u00f1o compuesto por bandas verticales combinando colores Marino y Burdeos, con marrones y beiges. Algunas bandas est\u00e1n compuestas por cuadritos Vichy, que le da un aire m\u00e1s juvenil y suaviza el conjunto.<\/p>\n<p>El reverso est\u00e1 compuesta por bandas y rayas m\u00e1s simples, a juego en el dibujo de la cara superior, formantdo un perfecto coordinado que tienen la particularidad de ser rreversibles. La confecci\u00f3n se realiza  con una cinta del mismo tejido del reverso, con lo que la cordinaci\u00f3n es completa.<\/div>\n<div style=\"text-align: center\"><span style=\"font-weight: bold\">3- <\/span><a style=\"font-weight: bold\" href=\"http:\/\/www.sedalinne.com\/blog\/?p=328\">Colchas Algod\u00f3n<\/a><\/div>\n<p><!--more--><\/p>\n","protected":false},"excerpt":{"rendered":"<p>La firma Mora, en su nueva colecci\u00f3n de colchas, nos muestra una clasificaci\u00f3n en tres tipos diferentes: 1. Colchas Jacquard. Colchas fabricadas con una esctructura de dos telas con trama de relleno. La combinaci\u00f3n, ligados combinados con los colores de la urdimbre y la trama, foman los dibujos con un amplio rapport repetitivo.Esta estructura del &hellip; <a href=\"https:\/\/www.sedalinne.com\/blog\/coleccion-colchas-mora-2012\/\" class=\"more-link\">Contin\u00faa leyendo <span class=\"screen-reader-text\">Colecci\u00f3n colchas Mora 2012<\/span><\/a><\/p>\n","protected":false},"author":2,"featured_media":2366,"comment_status":"open","ping_status":"open","sticky":false,"template":"","format":"standard","meta":{"_mi_skip_tracking":false,"_jetpack_memberships_contains_paid_content":false,"footnotes":""},"categories":[5,2,7,4],"tags":[],"aioseo_notices":[],"jetpack_sharing_enabled":true,"jetpack_featured_media_url":"https:\/\/www.sedalinne.com\/blog\/wp-content\/uploads\/2012\/02\/irma.jpg","_links":{"self":[{"href":"https:\/\/www.sedalinne.com\/blog\/wp-json\/wp\/v2\/posts\/322"}],"collection":[{"href":"https:\/\/www.sedalinne.com\/blog\/wp-json\/wp\/v2\/posts"}],"about":[{"href":"https:\/\/www.sedalinne.com\/blog\/wp-json\/wp\/v2\/types\/post"}],"author":[{"embeddable":true,"href":"https:\/\/www.sedalinne.com\/blog\/wp-json\/wp\/v2\/users\/2"}],"replies":[{"embeddable":true,"href":"https:\/\/www.sedalinne.com\/blog\/wp-json\/wp\/v2\/comments?post=322"}],"version-history":[{"count":1,"href":"https:\/\/www.sedalinne.com\/blog\/wp-json\/wp\/v2\/posts\/322\/revisions"}],"predecessor-version":[{"id":4479,"href":"https:\/\/www.sedalinne.com\/blog\/wp-json\/wp\/v2\/posts\/322\/revisions\/4479"}],"wp:featuredmedia":[{"embeddable":true,"href":"https:\/\/www.sedalinne.com\/blog\/wp-json\/wp\/v2\/media\/2366"}],"wp:attachment":[{"href":"https:\/\/www.sedalinne.com\/blog\/wp-json\/wp\/v2\/media?parent=322"}],"wp:term":[{"taxonomy":"category","embeddable":true,"href":"https:\/\/www.sedalinne.com\/blog\/wp-json\/wp\/v2\/categories?post=322"},{"taxonomy":"post_tag","embeddable":true,"href":"https:\/\/www.sedalinne.com\/blog\/wp-json\/wp\/v2\/tags?post=322"}],"curies":[{"name":"wp","href":"https:\/\/api.w.org\/{rel}","templated":true}]}}