{"id":321,"date":"2012-02-20T15:44:00","date_gmt":"2012-02-20T15:44:00","guid":{"rendered":"http:\/\/www.sedalinne.com\/blog\/?p=321"},"modified":"2018-10-11T07:46:39","modified_gmt":"2018-10-11T07:46:39","slug":"sensaciones-de-los-colores-en-la-decoracion","status":"publish","type":"post","link":"https:\/\/www.sedalinne.com\/blog\/sensaciones-de-los-colores-en-la-decoracion\/","title":{"rendered":"Sensaciones de los colores en la decoraci\u00f3n."},"content":{"rendered":"\n\n<div class=\"kk-star-ratings kksr-auto kksr-align-left kksr-valign-top\"\n    data-payload='{&quot;align&quot;:&quot;left&quot;,&quot;id&quot;:&quot;321&quot;,&quot;slug&quot;:&quot;default&quot;,&quot;valign&quot;:&quot;top&quot;,&quot;ignore&quot;:&quot;&quot;,&quot;reference&quot;:&quot;auto&quot;,&quot;class&quot;:&quot;&quot;,&quot;count&quot;:&quot;0&quot;,&quot;legendonly&quot;:&quot;&quot;,&quot;readonly&quot;:&quot;&quot;,&quot;score&quot;:&quot;0&quot;,&quot;starsonly&quot;:&quot;&quot;,&quot;best&quot;:&quot;5&quot;,&quot;gap&quot;:&quot;5&quot;,&quot;greet&quot;:&quot;Rate this post&quot;,&quot;legend&quot;:&quot;0\\\/5 - (0 votos)&quot;,&quot;size&quot;:&quot;24&quot;,&quot;width&quot;:&quot;0&quot;,&quot;_legend&quot;:&quot;{score}\\\/{best} - ({count} {votes})&quot;,&quot;font_factor&quot;:&quot;1.25&quot;}'>\n            \n<div class=\"kksr-stars\">\n    \n<div class=\"kksr-stars-inactive\">\n            <div class=\"kksr-star\" data-star=\"1\" style=\"padding-right: 5px\">\n            \n\n<div class=\"kksr-icon\" style=\"width: 24px; height: 24px;\"><\/div>\n        <\/div>\n            <div class=\"kksr-star\" data-star=\"2\" style=\"padding-right: 5px\">\n            \n\n<div class=\"kksr-icon\" style=\"width: 24px; height: 24px;\"><\/div>\n        <\/div>\n            <div class=\"kksr-star\" data-star=\"3\" style=\"padding-right: 5px\">\n            \n\n<div class=\"kksr-icon\" style=\"width: 24px; height: 24px;\"><\/div>\n        <\/div>\n            <div class=\"kksr-star\" data-star=\"4\" style=\"padding-right: 5px\">\n            \n\n<div class=\"kksr-icon\" style=\"width: 24px; height: 24px;\"><\/div>\n        <\/div>\n            <div class=\"kksr-star\" data-star=\"5\" style=\"padding-right: 5px\">\n            \n\n<div class=\"kksr-icon\" style=\"width: 24px; height: 24px;\"><\/div>\n        <\/div>\n    <\/div>\n    \n<div class=\"kksr-stars-active\" style=\"width: 0px;\">\n            <div class=\"kksr-star\" style=\"padding-right: 5px\">\n            \n\n<div class=\"kksr-icon\" style=\"width: 24px; height: 24px;\"><\/div>\n        <\/div>\n            <div class=\"kksr-star\" style=\"padding-right: 5px\">\n            \n\n<div class=\"kksr-icon\" style=\"width: 24px; height: 24px;\"><\/div>\n        <\/div>\n            <div class=\"kksr-star\" style=\"padding-right: 5px\">\n            \n\n<div class=\"kksr-icon\" style=\"width: 24px; height: 24px;\"><\/div>\n        <\/div>\n            <div class=\"kksr-star\" style=\"padding-right: 5px\">\n            \n\n<div class=\"kksr-icon\" style=\"width: 24px; height: 24px;\"><\/div>\n        <\/div>\n            <div class=\"kksr-star\" style=\"padding-right: 5px\">\n            \n\n<div class=\"kksr-icon\" style=\"width: 24px; height: 24px;\"><\/div>\n        <\/div>\n    <\/div>\n<\/div>\n                \n\n<div class=\"kksr-legend\" style=\"font-size: 19.2px;\">\n            <span class=\"kksr-muted\">Rate this post<\/span>\n    <\/div>\n    <\/div>\n<p><!--[if gte mso 9]&gt;             Normal   0         21         false   false   false      ES   X-NONE   X-NONE                                                                                                                                                                                                                                                                                                                                                                                                                                                                                                                               &lt;![endif]-->  <\/p>\n<p style=\"text-align:justify\"> Los <span style=\"font-weight: bold\">colores <\/span>pasan a formar parte de la <a href=\"http:\/\/www.sedalinne.com\/catalogo\/marcas.php?fam=F7\"><span style=\"font-weight: bold\">decoraci\u00f3n<\/span><\/a>.<span>  <\/span>Cada color es desarrollado por cada persona atendiendo a diferentes factores como el social, cultural, etc. De manera que, seg\u00fan el color elegido en la <span style=\"font-weight: bold\">decoraci\u00f3n,<\/span> nos estimular\u00e1n mejor los sentidos<span>  <\/span>haciendo que nos encontremos an\u00edmicamente m\u00e1s activos o m\u00e1s relajados.<\/p>\n<p style=\"text-align:justify\">Dependiendo de la combinaci\u00f3n de colores que apliquemos en la decoraci\u00f3n, lograremos distintos <span style=\"font-weight: bold\">matices crom\u00e1ticos<\/span>, que nos ayudar\u00e1 a resaltar u ocultar los diferentes rincones del<span style=\"font-weight: bold\"> <a href=\"http:\/\/www.sedalinne.com\/catalogo\/marcas.php?fam=F1\">hogar<\/a><\/span>.<\/p>\n<p style=\"text-align: justify\"><\/p>\n<p style=\"text-align:justify\">As\u00ed, en nuestra cultura, podemos clasificar los diferentes colores en los siguientes apartados:<\/p>\n<p style=\"text-align: center\"><b><span style=\"letter-spacing: 3pt\"> <\/span><\/b><\/p>\n<p style=\"text-align: center\"><b><span>Colores fr\u00edos. <\/span><\/b><\/p>\n<p style=\"text-align: justify\">Hablamos de los verdes, azules y morados.<\/p>\n<p style=\"text-align:justify\">Verde: refleja naturaleza<\/p>\n<p style=\"text-align:justify\">Azul: transmite paz.<\/p>\n<p style=\"text-align:justify\"><span> <\/span>Nos transmiten relajaci\u00f3n y calma. <\/p>\n<p style=\"text-align:justify\">\n<p style=\"text-align:justify\"><span style=\"font-weight: bold\">Ideales en <a href=\"http:\/\/www.sedalinne.com\/catalogo\/marcas.php?fam=F1\">dormitorios <\/a><\/span>y zonas de <span style=\"font-weight: bold\">descanso<\/span>.<\/p>\n<p style=\"text-align:justify\"><b><span> <\/span><\/b><\/p>\n<p style=\"text-align: center\"><b><span>Colores C\u00e1lidos.<\/span><\/b><\/p>\n<p style=\"text-align:justify\">En este campo est\u00e1n comprendidos, naranjas, tierra, ocre.<\/p>\n<p style=\"text-align:justify\">Naranjas: llenan de vida y pasi\u00f3n. Transmite optimismo, equilibrio y seguridad.<\/p>\n<p style=\"text-align:justify\">Amarillos: se asocia con el sol, aporta luminosidad y vitalidad.<\/p>\n<p style=\"text-align:justify\">Colores que nos transmiten energ\u00eda, nos estimulan, <span> <\/span>favorecen la actividad f\u00edsica y mental.<\/p>\n<p style=\"text-align:justify\">\n<p style=\"text-align: justify;font-weight: bold\">Ideales en <a href=\"http:\/\/www.sedalinne.com\/catalogo\/marcas.php?fam=F7\">salones<\/a>.<\/p>\n<p style=\"text-align: center\">\n<p style=\"text-align: center\"><b><span>Color Blanco.<\/span><\/b><\/p>\n<p style=\"text-align: justify\">El blanco es el color de la<span style=\"font-weight: bold\"> pureza<\/span>. Da la sensaci\u00f3n de mucho espacio.<\/p>\n<p style=\"text-align: justify\"><\/p>\n<p style=\"text-align: justify\"><a href=\"http:\/\/www.sedalinne.com\/blog\/?p=599\">los colores en la decoraci\u00f3n<\/a><\/p>\n<p style=\"text-align:justify\"><a href=\"http:\/\/www.sedalinne.com\/blog\/?p=367\">decoraci\u00f3n en blanco y negro<\/a><\/p>\n<p><!--more--><\/p>\n","protected":false},"excerpt":{"rendered":"<p>Los colores pasan a formar parte de la decoraci\u00f3n. Cada color es desarrollado por cada persona atendiendo a diferentes factores como el social, cultural, etc. De manera que, seg\u00fan el color elegido en la decoraci\u00f3n, nos estimular\u00e1n mejor los sentidos haciendo que nos encontremos an\u00edmicamente m\u00e1s activos o m\u00e1s relajados. Dependiendo de la combinaci\u00f3n de &hellip; <a href=\"https:\/\/www.sedalinne.com\/blog\/sensaciones-de-los-colores-en-la-decoracion\/\" class=\"more-link\">Contin\u00faa leyendo <span class=\"screen-reader-text\">Sensaciones de los colores en la decoraci\u00f3n.<\/span><\/a><\/p>\n","protected":false},"author":2,"featured_media":0,"comment_status":"open","ping_status":"open","sticky":false,"template":"","format":"standard","meta":{"_mi_skip_tracking":false,"_jetpack_memberships_contains_paid_content":false,"footnotes":""},"categories":[3,6,4],"tags":[],"aioseo_notices":[],"jetpack_sharing_enabled":true,"jetpack_featured_media_url":"","_links":{"self":[{"href":"https:\/\/www.sedalinne.com\/blog\/wp-json\/wp\/v2\/posts\/321"}],"collection":[{"href":"https:\/\/www.sedalinne.com\/blog\/wp-json\/wp\/v2\/posts"}],"about":[{"href":"https:\/\/www.sedalinne.com\/blog\/wp-json\/wp\/v2\/types\/post"}],"author":[{"embeddable":true,"href":"https:\/\/www.sedalinne.com\/blog\/wp-json\/wp\/v2\/users\/2"}],"replies":[{"embeddable":true,"href":"https:\/\/www.sedalinne.com\/blog\/wp-json\/wp\/v2\/comments?post=321"}],"version-history":[{"count":1,"href":"https:\/\/www.sedalinne.com\/blog\/wp-json\/wp\/v2\/posts\/321\/revisions"}],"predecessor-version":[{"id":4478,"href":"https:\/\/www.sedalinne.com\/blog\/wp-json\/wp\/v2\/posts\/321\/revisions\/4478"}],"wp:attachment":[{"href":"https:\/\/www.sedalinne.com\/blog\/wp-json\/wp\/v2\/media?parent=321"}],"wp:term":[{"taxonomy":"category","embeddable":true,"href":"https:\/\/www.sedalinne.com\/blog\/wp-json\/wp\/v2\/categories?post=321"},{"taxonomy":"post_tag","embeddable":true,"href":"https:\/\/www.sedalinne.com\/blog\/wp-json\/wp\/v2\/tags?post=321"}],"curies":[{"name":"wp","href":"https:\/\/api.w.org\/{rel}","templated":true}]}}