{"id":320,"date":"2012-02-21T14:02:00","date_gmt":"2012-02-21T14:02:00","guid":{"rendered":"http:\/\/www.sedalinne.com\/blog\/?p=320"},"modified":"2021-07-29T11:08:41","modified_gmt":"2021-07-29T09:08:41","slug":"fundas-sofa-practica-lona-liso","status":"publish","type":"post","link":"https:\/\/www.sedalinne.com\/blog\/fundas-sofa-practica-lona-liso\/","title":{"rendered":"Fundas sof\u00e1 pr\u00e1ctica LONA LISO"},"content":{"rendered":"\n\n<div class=\"kk-star-ratings kksr-auto kksr-align-left kksr-valign-top\"\n    data-payload='{&quot;align&quot;:&quot;left&quot;,&quot;id&quot;:&quot;320&quot;,&quot;slug&quot;:&quot;default&quot;,&quot;valign&quot;:&quot;top&quot;,&quot;ignore&quot;:&quot;&quot;,&quot;reference&quot;:&quot;auto&quot;,&quot;class&quot;:&quot;&quot;,&quot;count&quot;:&quot;0&quot;,&quot;legendonly&quot;:&quot;&quot;,&quot;readonly&quot;:&quot;&quot;,&quot;score&quot;:&quot;0&quot;,&quot;starsonly&quot;:&quot;&quot;,&quot;best&quot;:&quot;5&quot;,&quot;gap&quot;:&quot;5&quot;,&quot;greet&quot;:&quot;Rate this post&quot;,&quot;legend&quot;:&quot;0\\\/5 - (0 votos)&quot;,&quot;size&quot;:&quot;24&quot;,&quot;width&quot;:&quot;0&quot;,&quot;_legend&quot;:&quot;{score}\\\/{best} - ({count} {votes})&quot;,&quot;font_factor&quot;:&quot;1.25&quot;}'>\n            \n<div class=\"kksr-stars\">\n    \n<div class=\"kksr-stars-inactive\">\n            <div class=\"kksr-star\" data-star=\"1\" style=\"padding-right: 5px\">\n            \n\n<div class=\"kksr-icon\" style=\"width: 24px; height: 24px;\"><\/div>\n        <\/div>\n            <div class=\"kksr-star\" data-star=\"2\" style=\"padding-right: 5px\">\n            \n\n<div class=\"kksr-icon\" style=\"width: 24px; height: 24px;\"><\/div>\n        <\/div>\n            <div class=\"kksr-star\" data-star=\"3\" style=\"padding-right: 5px\">\n            \n\n<div class=\"kksr-icon\" style=\"width: 24px; height: 24px;\"><\/div>\n        <\/div>\n            <div class=\"kksr-star\" data-star=\"4\" style=\"padding-right: 5px\">\n            \n\n<div class=\"kksr-icon\" style=\"width: 24px; height: 24px;\"><\/div>\n        <\/div>\n            <div class=\"kksr-star\" data-star=\"5\" style=\"padding-right: 5px\">\n            \n\n<div class=\"kksr-icon\" style=\"width: 24px; height: 24px;\"><\/div>\n        <\/div>\n    <\/div>\n    \n<div class=\"kksr-stars-active\" style=\"width: 0px;\">\n            <div class=\"kksr-star\" style=\"padding-right: 5px\">\n            \n\n<div class=\"kksr-icon\" style=\"width: 24px; height: 24px;\"><\/div>\n        <\/div>\n            <div class=\"kksr-star\" style=\"padding-right: 5px\">\n            \n\n<div class=\"kksr-icon\" style=\"width: 24px; height: 24px;\"><\/div>\n        <\/div>\n            <div class=\"kksr-star\" style=\"padding-right: 5px\">\n            \n\n<div class=\"kksr-icon\" style=\"width: 24px; height: 24px;\"><\/div>\n        <\/div>\n            <div class=\"kksr-star\" style=\"padding-right: 5px\">\n            \n\n<div class=\"kksr-icon\" style=\"width: 24px; height: 24px;\"><\/div>\n        <\/div>\n            <div class=\"kksr-star\" style=\"padding-right: 5px\">\n            \n\n<div class=\"kksr-icon\" style=\"width: 24px; height: 24px;\"><\/div>\n        <\/div>\n    <\/div>\n<\/div>\n                \n\n<div class=\"kksr-legend\" style=\"font-size: 19.2px;\">\n            <span class=\"kksr-muted\">Rate this post<\/span>\n    <\/div>\n    <\/div>\n<p>Nuevo colorido en <a href=\"http:\/\/www.sedalinne.com\/catalogo\/articulos2.php?fam=F7F02&amp;buscador=1&amp;col=&amp;tam=&amp;mar=&amp;x=43&amp;y=14\"><span style=\"font-weight: bold;\">fundas de sof\u00e1<\/span><\/a> y<a href=\"http:\/\/www.sedalinne.com\/catalogo\/articulos2.php?fam=F7F05&amp;buscador=1&amp;col=&amp;tam=&amp;mar=&amp;x=32&amp;y=19\"> chaise longue <\/a><a href=\"http:\/\/www.sedalinne.com\/catalogo\/articulo.php?ref=ME02-0061&amp;fam=F7F05&amp;col=&amp;tam=&amp;mar=\">LONA LISO<\/a>. Ahora, <span style=\"font-weight: bold;\">colores m\u00e1s actuales<\/span>, adem\u00e1s de los existentes se a\u00f1ade el color 01 (gris -blanco, azul y morado).<br \/>\nResultado, una extensa gama de colores para elegir el que mejor se adapte a tu <span style=\"font-weight: bold;\">decoraci\u00f3n<\/span>.<br \/>\nFundas disponibles para:<\/p>\n<ul>\n<li><span style=\"font-weight: bold;\">Sof\u00e1s de 1, 2, 3 y 4 plazas.<\/span><\/li>\n<li style=\"font-weight: bold;\">Chaise longue izquierdo y derecho; normal y extra<\/li>\n<\/ul>\n<p><a href=\"http:\/\/www.sedalinne.com\/catalogo\/articulo.php?ref=ME02-0061&amp;fam=F7F05&amp;col=&amp;tam=&amp;mar=\"><img decoding=\"async\" id=\"BLOGGER_PHOTO_ID_5711591560422244610\" style=\"margin: 0px auto 10px; text-align: center; cursor: hand; width: 400px; height: 288px;\" src=\"http:\/\/www.sedalinne.com\/blog\/wp-content\/uploads\/2012\/02\/lona-2Bliso-300x216.jpg\" alt=\"\" border=\"0\" \/><\/a><\/p>\n<p style=\"text-align: center;\">Ayudate con las medidas que se muestran para elegir la medida de tu sof\u00e1:<\/p>\n<p><a href=\"http:\/\/www.sedalinne.com\/catalogo\/articulos2.php?fam=F7F05&amp;buscador=1&amp;col=&amp;tam=&amp;mar=&amp;x=32&amp;y=19\"><img decoding=\"async\" id=\"BLOGGER_PHOTO_ID_5711591695693997650\" style=\"margin: 0px auto 10px; text-align: center; cursor: hand; width: 248px; height: 400px;\" src=\"http:\/\/www.sedalinne.com\/blog\/wp-content\/uploads\/2012\/02\/fundas-practica-186x300.jpg\" alt=\"\" border=\"0\" \/><\/a><\/p>\n<p>Adem\u00e1s, tambi\u00e9n se modifican los <span style=\"font-weight: bold;\">colores<\/span> de los <a href=\"http:\/\/www.sedalinne.com\/catalogo\/marcas.php?fam=F7C01\">cojines<\/a> tafet\u00e1n <a href=\"http:\/\/www.sedalinne.com\/catalogo\/articulo.php?ref=ME02-0014&amp;fam=F7&amp;col=&amp;tam=&amp;mar=ME02\">SUN<\/a>. Cojines con mucho <span style=\"font-weight: bold;\">brillo<\/span>, que nos aportan una <a href=\"http:\/\/www.sedalinne.com\/catalogo\/marcas.php?fam=F7\"><span style=\"font-weight: bold;\">decoraci\u00f3n<\/span><\/a> imprescindible en la <a href=\"http:\/\/www.sedalinne.com\/catalogo\/marcas.php?fam=F1\">cama<\/a> o en el <span style=\"font-weight: bold;\">sof\u00e1<\/span>.<\/p>\n<p><a href=\"http:\/\/www.sedalinne.com\/blog\/?p=654\">C\u00f3mo elegir las fundas del sof\u00e1<br \/>\n<\/a><!--more--><\/p>\n","protected":false},"excerpt":{"rendered":"<p>Nuevo colorido en fundas de sof\u00e1 y chaise longue LONA LISO. Ahora, colores m\u00e1s actuales, adem\u00e1s de los existentes se a\u00f1ade el color 01 (gris -blanco, azul y morado). Resultado, una extensa gama de colores para elegir el que mejor se adapte a tu decoraci\u00f3n. Fundas disponibles para: Sof\u00e1s de 1, 2, 3 y 4 &hellip; <a href=\"https:\/\/www.sedalinne.com\/blog\/fundas-sofa-practica-lona-liso\/\" class=\"more-link\">Contin\u00faa leyendo <span class=\"screen-reader-text\">Fundas sof\u00e1 pr\u00e1ctica LONA LISO<\/span><\/a><\/p>\n","protected":false},"author":2,"featured_media":2364,"comment_status":"open","ping_status":"open","sticky":false,"template":"","format":"standard","meta":{"_mi_skip_tracking":false,"_jetpack_memberships_contains_paid_content":false,"footnotes":""},"categories":[5,12,3,8,4],"tags":[],"aioseo_notices":[],"jetpack_sharing_enabled":true,"jetpack_featured_media_url":"https:\/\/www.sedalinne.com\/blog\/wp-content\/uploads\/2012\/02\/lona-2Bliso.jpg","_links":{"self":[{"href":"https:\/\/www.sedalinne.com\/blog\/wp-json\/wp\/v2\/posts\/320"}],"collection":[{"href":"https:\/\/www.sedalinne.com\/blog\/wp-json\/wp\/v2\/posts"}],"about":[{"href":"https:\/\/www.sedalinne.com\/blog\/wp-json\/wp\/v2\/types\/post"}],"author":[{"embeddable":true,"href":"https:\/\/www.sedalinne.com\/blog\/wp-json\/wp\/v2\/users\/2"}],"replies":[{"embeddable":true,"href":"https:\/\/www.sedalinne.com\/blog\/wp-json\/wp\/v2\/comments?post=320"}],"version-history":[{"count":2,"href":"https:\/\/www.sedalinne.com\/blog\/wp-json\/wp\/v2\/posts\/320\/revisions"}],"predecessor-version":[{"id":5415,"href":"https:\/\/www.sedalinne.com\/blog\/wp-json\/wp\/v2\/posts\/320\/revisions\/5415"}],"wp:featuredmedia":[{"embeddable":true,"href":"https:\/\/www.sedalinne.com\/blog\/wp-json\/wp\/v2\/media\/2364"}],"wp:attachment":[{"href":"https:\/\/www.sedalinne.com\/blog\/wp-json\/wp\/v2\/media?parent=320"}],"wp:term":[{"taxonomy":"category","embeddable":true,"href":"https:\/\/www.sedalinne.com\/blog\/wp-json\/wp\/v2\/categories?post=320"},{"taxonomy":"post_tag","embeddable":true,"href":"https:\/\/www.sedalinne.com\/blog\/wp-json\/wp\/v2\/tags?post=320"}],"curies":[{"name":"wp","href":"https:\/\/api.w.org\/{rel}","templated":true}]}}