{"id":3195,"date":"2015-11-25T12:52:29","date_gmt":"2015-11-25T12:52:29","guid":{"rendered":"http:\/\/www.sedalinne.com\/blog\/?p=3195"},"modified":"2015-11-25T13:03:13","modified_gmt":"2015-11-25T13:03:13","slug":"fundas-sacos-y-rellenos-nordicos-para-cuna-el-kit-completo-para-calidos-suenos","status":"publish","type":"post","link":"https:\/\/www.sedalinne.com\/blog\/fundas-sacos-y-rellenos-nordicos-para-cuna-el-kit-completo-para-calidos-suenos\/","title":{"rendered":"Fundas, sacos y rellenos n\u00f3rdicos para cuna. El kit completo para c\u00e1lidos sue\u00f1os"},"content":{"rendered":"\n\n<div class=\"kk-star-ratings kksr-auto kksr-align-left kksr-valign-top\"\n    data-payload='{&quot;align&quot;:&quot;left&quot;,&quot;id&quot;:&quot;3195&quot;,&quot;slug&quot;:&quot;default&quot;,&quot;valign&quot;:&quot;top&quot;,&quot;ignore&quot;:&quot;&quot;,&quot;reference&quot;:&quot;auto&quot;,&quot;class&quot;:&quot;&quot;,&quot;count&quot;:&quot;0&quot;,&quot;legendonly&quot;:&quot;&quot;,&quot;readonly&quot;:&quot;&quot;,&quot;score&quot;:&quot;0&quot;,&quot;starsonly&quot;:&quot;&quot;,&quot;best&quot;:&quot;5&quot;,&quot;gap&quot;:&quot;5&quot;,&quot;greet&quot;:&quot;Rate this post&quot;,&quot;legend&quot;:&quot;0\\\/5 - (0 votos)&quot;,&quot;size&quot;:&quot;24&quot;,&quot;width&quot;:&quot;0&quot;,&quot;_legend&quot;:&quot;{score}\\\/{best} - ({count} {votes})&quot;,&quot;font_factor&quot;:&quot;1.25&quot;}'>\n            \n<div class=\"kksr-stars\">\n    \n<div class=\"kksr-stars-inactive\">\n            <div class=\"kksr-star\" data-star=\"1\" style=\"padding-right: 5px\">\n            \n\n<div class=\"kksr-icon\" style=\"width: 24px; height: 24px;\"><\/div>\n        <\/div>\n            <div class=\"kksr-star\" data-star=\"2\" style=\"padding-right: 5px\">\n            \n\n<div class=\"kksr-icon\" style=\"width: 24px; height: 24px;\"><\/div>\n        <\/div>\n            <div class=\"kksr-star\" data-star=\"3\" style=\"padding-right: 5px\">\n            \n\n<div class=\"kksr-icon\" style=\"width: 24px; height: 24px;\"><\/div>\n        <\/div>\n            <div class=\"kksr-star\" data-star=\"4\" style=\"padding-right: 5px\">\n            \n\n<div class=\"kksr-icon\" style=\"width: 24px; height: 24px;\"><\/div>\n        <\/div>\n            <div class=\"kksr-star\" data-star=\"5\" style=\"padding-right: 5px\">\n            \n\n<div class=\"kksr-icon\" style=\"width: 24px; height: 24px;\"><\/div>\n        <\/div>\n    <\/div>\n    \n<div class=\"kksr-stars-active\" style=\"width: 0px;\">\n            <div class=\"kksr-star\" style=\"padding-right: 5px\">\n            \n\n<div class=\"kksr-icon\" style=\"width: 24px; height: 24px;\"><\/div>\n        <\/div>\n            <div class=\"kksr-star\" style=\"padding-right: 5px\">\n            \n\n<div class=\"kksr-icon\" style=\"width: 24px; height: 24px;\"><\/div>\n        <\/div>\n            <div class=\"kksr-star\" style=\"padding-right: 5px\">\n            \n\n<div class=\"kksr-icon\" style=\"width: 24px; height: 24px;\"><\/div>\n        <\/div>\n            <div class=\"kksr-star\" style=\"padding-right: 5px\">\n            \n\n<div class=\"kksr-icon\" style=\"width: 24px; height: 24px;\"><\/div>\n        <\/div>\n            <div class=\"kksr-star\" style=\"padding-right: 5px\">\n            \n\n<div class=\"kksr-icon\" style=\"width: 24px; height: 24px;\"><\/div>\n        <\/div>\n    <\/div>\n<\/div>\n                \n\n<div class=\"kksr-legend\" style=\"font-size: 19.2px;\">\n            <span class=\"kksr-muted\">Rate this post<\/span>\n    <\/div>\n    <\/div>\n<p style=\"text-align: justify;\">\u00bfAcabas de tener un beb\u00e9? Entonces ya te habr\u00e1s dado cuenta de lo<strong> importante que resulta contar con una cuna de calidad que est\u00e9 perfectamente equipada.<\/strong><\/p>\n<p style=\"text-align: justify;\">Los m\u00e1s peque\u00f1os pasan gran parte del d\u00eda durmiendo, por lo que es imprescindible que cuenten con los mejores materiales para garantizar su descanso. Pero conforme van cumpliendo a\u00f1os, <strong>hay que saber ir adaptando la ropa de cama a sus necesidades para que puedan seguir disfrutando de las noches m\u00e1s pl\u00e1cidas.<\/strong><\/p>\n<p style=\"text-align: justify;\">El problema es que <strong>muchos padres se dejan llevar por la est\u00e9tica y por encontrar accesorios que encajen con la decoraci\u00f3n del dormitorio.<\/strong> Un aspecto a tener en cuenta, pero que quiz\u00e1s no resulte tan fundamental como escoger una ropa de cama que sea de calidad y que garantice el mayor descanso a los peques de la casa.<\/p>\n<p style=\"text-align: justify;\"><!--more--><\/p>\n<p style=\"text-align: justify;\">Por ello <strong>en Sedalinne hemos querido echarte una mano, y ofrecerte algunos de los elementos imprescindibles<\/strong> que no pueden faltar en la cuna de un beb\u00e9 o en la cama de tu hijo. Es muy importante acertar con la ropa, y en Sedalinne te damos las claves para ello.<\/p>\n<h2>Elementos b\u00e1sicos para la cama de los m\u00e1s peque\u00f1os<\/h2>\n<h3>S\u00e1banas para minicunas de invierno<\/h3>\n<p><a href=\"http:\/\/www.sedalinne.com\/sabanas-tela-bebe\"><img loading=\"lazy\" decoding=\"async\" class=\"aligncenter wp-image-3199 size-full\" src=\"http:\/\/www.sedalinne.com\/blog\/wp-content\/uploads\/2015\/11\/sabanas-de-cuna-pierre-cardin-bebe.jpg\" alt=\"sabanas-de-cuna-pierre-cardin-bebe\" width=\"527\" height=\"383\" srcset=\"https:\/\/www.sedalinne.com\/blog\/wp-content\/uploads\/2015\/11\/sabanas-de-cuna-pierre-cardin-bebe.jpg 527w, https:\/\/www.sedalinne.com\/blog\/wp-content\/uploads\/2015\/11\/sabanas-de-cuna-pierre-cardin-bebe-300x218.jpg 300w\" sizes=\"(max-width: 527px) 100vw, 527px\" \/><\/a><\/p>\n<p style=\"text-align: justify;\">Las s\u00e1banas para minicuna son uno de los <strong>elementos fundamentales para cualquier cuna de beb\u00e9.<\/strong> Son elementos de una enorme calidad que ayudar\u00e1n a conciliar el sue\u00f1o de los m\u00e1s peque\u00f1os. Es importante <strong>apostar por materiales que no produzcan ning\u00fan tipo de alergia o irritaci\u00f3n.<\/strong> Lo m\u00e1s recomendable es apostar por s\u00e1banas de 100% algod\u00f3n.<\/p>\n<h3>Sacos n\u00f3rdicos<\/h3>\n<p><a href=\"http:\/\/www.sedalinne.com\/sacos-nordicos-cuna\"><img loading=\"lazy\" decoding=\"async\" class=\"aligncenter wp-image-3200 size-large\" src=\"http:\/\/www.sedalinne.com\/blog\/wp-content\/uploads\/2015\/11\/LUNE-SN-1024x594.jpg\" alt=\"LUNE SN\" width=\"660\" height=\"383\" srcset=\"https:\/\/www.sedalinne.com\/blog\/wp-content\/uploads\/2015\/11\/LUNE-SN-1024x594.jpg 1024w, https:\/\/www.sedalinne.com\/blog\/wp-content\/uploads\/2015\/11\/LUNE-SN-300x174.jpg 300w, https:\/\/www.sedalinne.com\/blog\/wp-content\/uploads\/2015\/11\/LUNE-SN.jpg 1586w\" sizes=\"(max-width: 660px) 100vw, 660px\" \/><\/a><\/p>\n<p style=\"text-align: justify;\">Los sacos n\u00f3rdicos infantiles son la mejor opci\u00f3n para vestir la cuna de tu beb\u00e9 y preparar su salto a la cama. Se muestran perfectos porque a diferencia de otros elementos, <strong>consiguen mantener perfectamente tapado a los peques<\/strong>, ofreciendo una sensaci\u00f3n muy similar a la de los aut\u00e9nticos sacos de dormir. Permiten <strong>tener controlado al beb\u00e9 en todo momento<\/strong> y disfrutar de una mayor seguridad, ya que el saco restringe la libertad de movimientos y consigue que por ejemplo, los ni\u00f1os no se caigan de la cuna o de la cama. Son un elemento muy seguro.<\/p>\n<h3>Rellenos n\u00f3rdicos para cuna<\/h3>\n<p><a href=\"http:\/\/www.sedalinne.com\/nordicos-cuna\"><img loading=\"lazy\" decoding=\"async\" class=\"aligncenter wp-image-3201 size-full\" src=\"http:\/\/www.sedalinne.com\/blog\/wp-content\/uploads\/2015\/11\/relleno-nordico-para-sacos-canete.jpg\" alt=\"relleno-nordico-para-sacos-canete\" width=\"522\" height=\"402\" srcset=\"https:\/\/www.sedalinne.com\/blog\/wp-content\/uploads\/2015\/11\/relleno-nordico-para-sacos-canete.jpg 522w, https:\/\/www.sedalinne.com\/blog\/wp-content\/uploads\/2015\/11\/relleno-nordico-para-sacos-canete-300x231.jpg 300w\" sizes=\"(max-width: 522px) 100vw, 522px\" \/><\/a><\/p>\n<p>Una de las principales caracter\u00edsticas de los sacos n\u00f3rdicos es que ofrecen la <strong>posibilidad de extraer el relleno<\/strong>, pudiendo lavarlo en cualquier momento, o <strong>modificar su grosor en funci\u00f3n del fr\u00edo que haga<\/strong> y de la propia comodidad del peque\u00f1o. De modo que es imprescindible contar con diferentes rellenos n\u00f3rdicos que te aseguren tener siempre un relleno a tu disposici\u00f3n.<\/p>\n<p style=\"text-align: justify;\">Lo ideal es apostar por un relleno n\u00f3rdico infantil de primeras calidades que se asegure la mayor comodidad de los m\u00e1s peque\u00f1os.<\/p>\n<h3>Fundas n\u00f3rdicas<\/h3>\n<p><a href=\"http:\/\/www.sedalinne.com\/fundas-nordicas-infantiles\"><img loading=\"lazy\" decoding=\"async\" class=\"aligncenter wp-image-3202 size-large\" src=\"http:\/\/www.sedalinne.com\/blog\/wp-content\/uploads\/2015\/11\/FN-JUNIOR-582-1024x756.jpg\" alt=\"FN JUNIOR 582\" width=\"660\" height=\"487\" srcset=\"https:\/\/www.sedalinne.com\/blog\/wp-content\/uploads\/2015\/11\/FN-JUNIOR-582-1024x756.jpg 1024w, https:\/\/www.sedalinne.com\/blog\/wp-content\/uploads\/2015\/11\/FN-JUNIOR-582-300x221.jpg 300w\" sizes=\"(max-width: 660px) 100vw, 660px\" \/><\/a><\/p>\n<p style=\"text-align: justify;\">Pero cuando los peques ya no son tan peques, <strong>quiz\u00e1s se sientan algo limitados con los sacos n\u00f3rdicos<\/strong>. Hay que tener en cuenta que cada vez son m\u00e1s grandes y necesitan un mayor espacio que les permita disfrutar de la mayor comodidad. Y aqu\u00ed entran en juego las <a href=\"http:\/\/www.sedalinne.com\/fundas-nordicas-infantiles\" target=\"_blank\">fundas n\u00f3rdicas infantiles<\/a>, <strong>perfectas para las camas de ni\u00f1os a partir de los 6-7 a\u00f1os de edad.<\/strong><\/p>\n<p style=\"text-align: justify;\">Es una opci\u00f3n que <strong>asegurar\u00e1 que los m\u00e1s peque\u00f1os se mantengan perfectamente abrigados en las noches m\u00e1s fr\u00edas del invierno<\/strong> mientra disfrutan de la mayor comodidad, gracias a la libertad de movimientos que ofrecen.<\/p>\n<p style=\"text-align: justify;\">Resulta <strong>un elemento muy econ\u00f3mico y realmente c\u00f3modo<\/strong>, y es que su mantenimiento es muy sencillo, pues te bastar\u00e1 simplemente con airearlo un poco por las ma\u00f1anas. No tendr\u00e1s ning\u00fan problema en meterlas en la lavadora.<\/p>\n<h4 style=\"text-align: center;\">El descanso est\u00e1 garantizado<\/h4>\n","protected":false},"excerpt":{"rendered":"<p>\u00bfAcabas de tener un beb\u00e9? Entonces ya te habr\u00e1s dado cuenta de lo importante que resulta contar con una cuna de calidad que est\u00e9 perfectamente equipada. Los m\u00e1s peque\u00f1os pasan gran parte del d\u00eda durmiendo, por lo que es imprescindible que cuenten con los mejores materiales para garantizar su descanso. Pero conforme van cumpliendo a\u00f1os, &hellip; <a href=\"https:\/\/www.sedalinne.com\/blog\/fundas-sacos-y-rellenos-nordicos-para-cuna-el-kit-completo-para-calidos-suenos\/\" class=\"more-link\">Contin\u00faa leyendo <span class=\"screen-reader-text\">Fundas, sacos y rellenos n\u00f3rdicos para cuna. El kit completo para c\u00e1lidos sue\u00f1os<\/span><\/a><\/p>\n","protected":false},"author":2,"featured_media":3202,"comment_status":"open","ping_status":"closed","sticky":false,"template":"","format":"standard","meta":{"_mi_skip_tracking":false,"_jetpack_memberships_contains_paid_content":false,"footnotes":""},"categories":[1],"tags":[],"aioseo_notices":[],"jetpack_sharing_enabled":true,"jetpack_featured_media_url":"https:\/\/www.sedalinne.com\/blog\/wp-content\/uploads\/2015\/11\/FN-JUNIOR-582.jpg","_links":{"self":[{"href":"https:\/\/www.sedalinne.com\/blog\/wp-json\/wp\/v2\/posts\/3195"}],"collection":[{"href":"https:\/\/www.sedalinne.com\/blog\/wp-json\/wp\/v2\/posts"}],"about":[{"href":"https:\/\/www.sedalinne.com\/blog\/wp-json\/wp\/v2\/types\/post"}],"author":[{"embeddable":true,"href":"https:\/\/www.sedalinne.com\/blog\/wp-json\/wp\/v2\/users\/2"}],"replies":[{"embeddable":true,"href":"https:\/\/www.sedalinne.com\/blog\/wp-json\/wp\/v2\/comments?post=3195"}],"version-history":[{"count":5,"href":"https:\/\/www.sedalinne.com\/blog\/wp-json\/wp\/v2\/posts\/3195\/revisions"}],"predecessor-version":[{"id":3205,"href":"https:\/\/www.sedalinne.com\/blog\/wp-json\/wp\/v2\/posts\/3195\/revisions\/3205"}],"wp:featuredmedia":[{"embeddable":true,"href":"https:\/\/www.sedalinne.com\/blog\/wp-json\/wp\/v2\/media\/3202"}],"wp:attachment":[{"href":"https:\/\/www.sedalinne.com\/blog\/wp-json\/wp\/v2\/media?parent=3195"}],"wp:term":[{"taxonomy":"category","embeddable":true,"href":"https:\/\/www.sedalinne.com\/blog\/wp-json\/wp\/v2\/categories?post=3195"},{"taxonomy":"post_tag","embeddable":true,"href":"https:\/\/www.sedalinne.com\/blog\/wp-json\/wp\/v2\/tags?post=3195"}],"curies":[{"name":"wp","href":"https:\/\/api.w.org\/{rel}","templated":true}]}}