{"id":3190,"date":"2015-11-18T13:16:59","date_gmt":"2015-11-18T13:16:59","guid":{"rendered":"http:\/\/www.sedalinne.com\/blog\/?p=3190"},"modified":"2015-11-18T13:16:59","modified_gmt":"2015-11-18T13:16:59","slug":"5-diferencias-entre-los-sacos-nordicos-y-los-edredones-ajustables-identificalas","status":"publish","type":"post","link":"https:\/\/www.sedalinne.com\/blog\/5-diferencias-entre-los-sacos-nordicos-y-los-edredones-ajustables-identificalas\/","title":{"rendered":"5 Diferencias entre los sacos n\u00f3rdicos y los edredones ajustables. \u00a1Identif\u00edcalas!"},"content":{"rendered":"\n\n<div class=\"kk-star-ratings kksr-auto kksr-align-left kksr-valign-top\"\n    data-payload='{&quot;align&quot;:&quot;left&quot;,&quot;id&quot;:&quot;3190&quot;,&quot;slug&quot;:&quot;default&quot;,&quot;valign&quot;:&quot;top&quot;,&quot;ignore&quot;:&quot;&quot;,&quot;reference&quot;:&quot;auto&quot;,&quot;class&quot;:&quot;&quot;,&quot;count&quot;:&quot;0&quot;,&quot;legendonly&quot;:&quot;&quot;,&quot;readonly&quot;:&quot;&quot;,&quot;score&quot;:&quot;0&quot;,&quot;starsonly&quot;:&quot;&quot;,&quot;best&quot;:&quot;5&quot;,&quot;gap&quot;:&quot;5&quot;,&quot;greet&quot;:&quot;Rate this post&quot;,&quot;legend&quot;:&quot;0\\\/5 - (0 votos)&quot;,&quot;size&quot;:&quot;24&quot;,&quot;width&quot;:&quot;0&quot;,&quot;_legend&quot;:&quot;{score}\\\/{best} - ({count} {votes})&quot;,&quot;font_factor&quot;:&quot;1.25&quot;}'>\n            \n<div class=\"kksr-stars\">\n    \n<div class=\"kksr-stars-inactive\">\n            <div class=\"kksr-star\" data-star=\"1\" style=\"padding-right: 5px\">\n            \n\n<div class=\"kksr-icon\" style=\"width: 24px; height: 24px;\"><\/div>\n        <\/div>\n            <div class=\"kksr-star\" data-star=\"2\" style=\"padding-right: 5px\">\n            \n\n<div class=\"kksr-icon\" style=\"width: 24px; height: 24px;\"><\/div>\n        <\/div>\n            <div class=\"kksr-star\" data-star=\"3\" style=\"padding-right: 5px\">\n            \n\n<div class=\"kksr-icon\" style=\"width: 24px; height: 24px;\"><\/div>\n        <\/div>\n            <div class=\"kksr-star\" data-star=\"4\" style=\"padding-right: 5px\">\n            \n\n<div class=\"kksr-icon\" style=\"width: 24px; height: 24px;\"><\/div>\n        <\/div>\n            <div class=\"kksr-star\" data-star=\"5\" style=\"padding-right: 5px\">\n            \n\n<div class=\"kksr-icon\" style=\"width: 24px; height: 24px;\"><\/div>\n        <\/div>\n    <\/div>\n    \n<div class=\"kksr-stars-active\" style=\"width: 0px;\">\n            <div class=\"kksr-star\" style=\"padding-right: 5px\">\n            \n\n<div class=\"kksr-icon\" style=\"width: 24px; height: 24px;\"><\/div>\n        <\/div>\n            <div class=\"kksr-star\" style=\"padding-right: 5px\">\n            \n\n<div class=\"kksr-icon\" style=\"width: 24px; height: 24px;\"><\/div>\n        <\/div>\n            <div class=\"kksr-star\" style=\"padding-right: 5px\">\n            \n\n<div class=\"kksr-icon\" style=\"width: 24px; height: 24px;\"><\/div>\n        <\/div>\n            <div class=\"kksr-star\" style=\"padding-right: 5px\">\n            \n\n<div class=\"kksr-icon\" style=\"width: 24px; height: 24px;\"><\/div>\n        <\/div>\n            <div class=\"kksr-star\" style=\"padding-right: 5px\">\n            \n\n<div class=\"kksr-icon\" style=\"width: 24px; height: 24px;\"><\/div>\n        <\/div>\n    <\/div>\n<\/div>\n                \n\n<div class=\"kksr-legend\" style=\"font-size: 19.2px;\">\n            <span class=\"kksr-muted\">Rate this post<\/span>\n    <\/div>\n    <\/div>\n<p>El invierno ya est\u00e1 aqu\u00ed, y con \u00e9l llega el momento de preparar la cama para los meses m\u00e1s fr\u00edos del a\u00f1o. En este momento, <strong>mucha gente opta por vestir su cama con sacos n\u00f3rdicos o con edredones ajustables<\/strong>, dos piezas a las que se les puede considerar como dos elementos principales de la ropa de cama. Pero, <strong>\u00bfrealmente sabes las diferencias entre unos y otros?<\/strong> En Sedalinne te las vamos a explicar. \u00bfCu\u00e1l prefieres?<\/p>\n<p style=\"text-align: justify;\"><!--more--><\/p>\n<p style=\"text-align: justify;\">Y es que hay mucha gente que cree que basta con cualquier manta o s\u00e1bana algo m\u00e1s gruesa para protegerte del fr\u00edo, pero desde aqu\u00ed les decimos que est\u00e1n totalmente equivocados. <strong>La ropa de cama es el elemento m\u00e1s importante para asegurar nuestro descanso y disfrutar del m\u00e1ximo confort<\/strong>, por ello es imprescindible acertar con la ropa que escojas.<\/p>\n<h2>Principales diferencias<\/h2>\n<p style=\"text-align: justify;\">A simple vista, <strong>los edredones ajustables y los sacos n\u00f3rdicos<\/strong> pueden parecer id\u00e9nticos, pero <strong>cuentan con ciertas diferencias que har\u00e1n que se adapten en mayor o menor medida a lo que necesitas<\/strong>. A continuaci\u00f3n te contamos las 5 principales diferencias entre ambas prendas de cama.<\/p>\n<p style=\"text-align: justify;\">1. En primer lugar, hay que tener en cuenta que <strong>los sacos n\u00f3rdicos est\u00e1n formados por tres piezas<\/strong>; funda para la almohada, una s\u00e1bana bajera y el propio saco n\u00f3rdicos, que se une a la s\u00e1bana bajera por medio de una cremallera. Mientras que <strong>los edredones ajustables por el contrario \u00fanicamente se componen de una sola pieza<\/strong>, como los edredones convencionales.<\/p>\n<p style=\"text-align: justify;\">2. <strong>Los sacos cuentan con la particularidad de poder extraer el relleno en cualquier momento<\/strong>, pudiendo variar el grosor de \u00e9ste en funci\u00f3n de la \u00e9poca del a\u00f1o y del fr\u00edo que haga. En este caso, <strong>los edredones incluyen el relleno en su interior<\/strong> y est\u00e1 perfectamente cosido para que no se pueda extraer.<\/p>\n<p style=\"text-align: justify;\">3. Si tienes un beb\u00e9 o un ni\u00f1o peque\u00f1o en casa, quiz\u00e1s <strong>ser\u00eda m\u00e1s recomendable apostar por los sacos n\u00f3rdicos<\/strong>. Ofrecen una sensaci\u00f3n muy similar a la de estar dentro de un saco de dormir, quedando perfectamente tapados y protegidos del fr\u00edo durante toda la noche. En cambio <strong>el edred\u00f3n ajustable, que lleva una goma que se ajusta al colch\u00f3n como las s\u00e1banas, es perfecto para ni\u00f1os algo m\u00e1s mayores y para adultos de todas las edades<\/strong>. Ofrecen una mayor libertad de movimientos y te permiten sentirte mucho m\u00e1s c\u00f3modo.<\/p>\n<p style=\"text-align: justify;\">4. <strong>La facilidad a la hora de hacer la cama cuando tienes un edred\u00f3n ajustable es un aspecto fundamental<\/strong>. Al estar perfectamente ajustado al colch\u00f3n, \u00fanicamente te bastar\u00e1 con estirarla un poco para que quede perfectamente hecha. Los sacos no es que resulten muy complicados, pero s\u00ed que es cierto que no ofrecen las mismas facilidades.<\/p>\n<p style=\"text-align: justify;\">5. Quiz\u00e1s <strong>los sacos n\u00f3rdicos se muestren m\u00e1s seguros cuando tienes ni\u00f1os peque\u00f1os en casa<\/strong>. Estar dentro de un saco les mantendr\u00e1 tapados durante toda la noche sin que tengas que preocuparte de ir a taparle, y adem\u00e1s<strong> te asegurar\u00e1s de que no se caer\u00e1n de la cama<\/strong>. En este aspecto, los edredones ofrecen una mayor libertad, lo cual lejos de suponer un problema, es toda una ventaja, ya que est\u00e1n pensados para gente m\u00e1s mayor.<\/p>\n<h2>Algunos modelos que puedes encontrar en Sedalinne.com<\/h2>\n<h3>Saco VI\u00d1ETAS La Vol\u00e1til<\/h3>\n<p><a href=\"http:\/\/www.sedalinne.com\/sacos-nordicos-infantiles\/saco-nordico-vinetas-la-volatil\"><img loading=\"lazy\" decoding=\"async\" class=\"aligncenter wp-image-3191 size-large\" src=\"http:\/\/www.sedalinne.com\/blog\/wp-content\/uploads\/2015\/11\/VOL-VI\u00d1ETAS_SN-1024x833.jpg\" alt=\"VOL VI\u00d1ETAS_SN\" width=\"660\" height=\"537\" srcset=\"https:\/\/www.sedalinne.com\/blog\/wp-content\/uploads\/2015\/11\/VOL-VI\u00d1ETAS_SN-1024x833.jpg 1024w, https:\/\/www.sedalinne.com\/blog\/wp-content\/uploads\/2015\/11\/VOL-VI\u00d1ETAS_SN-300x244.jpg 300w, https:\/\/www.sedalinne.com\/blog\/wp-content\/uploads\/2015\/11\/VOL-VI\u00d1ETAS_SN.jpg 2000w\" sizes=\"(max-width: 660px) 100vw, 660px\" \/><\/a><\/p>\n<p style=\"text-align: justify;\">Es uno de los \u00faltimos <a href=\"http:\/\/www.sedalinne.com\/sacos-nordicos-infantiles\/saco-nordico-vinetas-la-volatil\" target=\"_blank\">sacos infantiles<\/a> que hemos recibido en Sedalinne, y se muestra como una opci\u00f3n ideal para los m\u00e1s peque\u00f1os. Con un dise\u00f1o muy original, con un estampado en forma de vi\u00f1etas, es un saco para camas de 90 cent\u00edmetros realizado con algod\u00f3n 100%. Lo puedes elegir con o sin relleno.<\/p>\n<p style=\"text-align: justify;\">En sedalinne tambi\u00e9n puedes encontrar los cojines decorativos que aparecen en la imagen.<\/p>\n<h3>Edred\u00f3n Ajustable Freedom JVR<\/h3>\n<p><a href=\"http:\/\/www.sedalinne.com\/edredones-ajustables\/edredon-ajustable-freedom-jvr\" target=\"_blank\"><img loading=\"lazy\" decoding=\"async\" class=\"aligncenter wp-image-3192 size-full\" src=\"http:\/\/www.sedalinne.com\/blog\/wp-content\/uploads\/2015\/11\/edredon-ajustable-freedom-jvr.jpg\" alt=\"edredon-ajustable-freedom-jvr\" width=\"800\" height=\"576\" srcset=\"https:\/\/www.sedalinne.com\/blog\/wp-content\/uploads\/2015\/11\/edredon-ajustable-freedom-jvr.jpg 800w, https:\/\/www.sedalinne.com\/blog\/wp-content\/uploads\/2015\/11\/edredon-ajustable-freedom-jvr-300x216.jpg 300w\" sizes=\"(max-width: 800px) 100vw, 800px\" \/><\/a><\/p>\n<p style=\"text-align: justify;\">Es la opci\u00f3n ideal para camas nido, literas o camas con canap\u00e9. Con una goma ajustable a modo de s\u00e1bana, se adapta perfectamente al colch\u00f3n quedando totalmente ajustado. Su dise\u00f1o retro lo hace un elemento perfecto para ofrecer un aire diferente a cualquier dormitorio, y sus 230 gramos de acolchado 100% algod\u00f3n, har\u00e1n que tus noches sean todo un para\u00edso. Un <a href=\"http:\/\/www.sedalinne.com\/edredones-ajustables\/edredon-ajustable-freedom-jvr\" target=\"_blank\">edred\u00f3n ajustable<\/a> con el que aprobar\u00e1s con nota.<\/p>\n<h4 style=\"text-align: center;\">\u00bfPreparado para los mejores sue\u00f1os?<\/h4>\n","protected":false},"excerpt":{"rendered":"<p>El invierno ya est\u00e1 aqu\u00ed, y con \u00e9l llega el momento de preparar la cama para los meses m\u00e1s fr\u00edos del a\u00f1o. En este momento, mucha gente opta por vestir su cama con sacos n\u00f3rdicos o con edredones ajustables, dos piezas a las que se les puede considerar como dos elementos principales de la ropa &hellip; <a href=\"https:\/\/www.sedalinne.com\/blog\/5-diferencias-entre-los-sacos-nordicos-y-los-edredones-ajustables-identificalas\/\" class=\"more-link\">Contin\u00faa leyendo <span class=\"screen-reader-text\">5 Diferencias entre los sacos n\u00f3rdicos y los edredones ajustables. \u00a1Identif\u00edcalas!<\/span><\/a><\/p>\n","protected":false},"author":2,"featured_media":3191,"comment_status":"open","ping_status":"closed","sticky":false,"template":"","format":"standard","meta":{"_mi_skip_tracking":false,"_jetpack_memberships_contains_paid_content":false,"footnotes":""},"categories":[5,14],"tags":[63,32,64],"aioseo_notices":[],"jetpack_sharing_enabled":true,"jetpack_featured_media_url":"https:\/\/www.sedalinne.com\/blog\/wp-content\/uploads\/2015\/11\/VOL-VI\u00d1ETAS_SN.jpg","_links":{"self":[{"href":"https:\/\/www.sedalinne.com\/blog\/wp-json\/wp\/v2\/posts\/3190"}],"collection":[{"href":"https:\/\/www.sedalinne.com\/blog\/wp-json\/wp\/v2\/posts"}],"about":[{"href":"https:\/\/www.sedalinne.com\/blog\/wp-json\/wp\/v2\/types\/post"}],"author":[{"embeddable":true,"href":"https:\/\/www.sedalinne.com\/blog\/wp-json\/wp\/v2\/users\/2"}],"replies":[{"embeddable":true,"href":"https:\/\/www.sedalinne.com\/blog\/wp-json\/wp\/v2\/comments?post=3190"}],"version-history":[{"count":2,"href":"https:\/\/www.sedalinne.com\/blog\/wp-json\/wp\/v2\/posts\/3190\/revisions"}],"predecessor-version":[{"id":3194,"href":"https:\/\/www.sedalinne.com\/blog\/wp-json\/wp\/v2\/posts\/3190\/revisions\/3194"}],"wp:featuredmedia":[{"embeddable":true,"href":"https:\/\/www.sedalinne.com\/blog\/wp-json\/wp\/v2\/media\/3191"}],"wp:attachment":[{"href":"https:\/\/www.sedalinne.com\/blog\/wp-json\/wp\/v2\/media?parent=3190"}],"wp:term":[{"taxonomy":"category","embeddable":true,"href":"https:\/\/www.sedalinne.com\/blog\/wp-json\/wp\/v2\/categories?post=3190"},{"taxonomy":"post_tag","embeddable":true,"href":"https:\/\/www.sedalinne.com\/blog\/wp-json\/wp\/v2\/tags?post=3190"}],"curies":[{"name":"wp","href":"https:\/\/api.w.org\/{rel}","templated":true}]}}