{"id":317,"date":"2012-02-28T17:01:00","date_gmt":"2012-02-28T17:01:00","guid":{"rendered":"http:\/\/www.sedalinne.com\/blog\/?p=317"},"modified":"2018-10-11T07:46:39","modified_gmt":"2018-10-11T07:46:39","slug":"vl-victorio-lucchino-suenos-2012","status":"publish","type":"post","link":"https:\/\/www.sedalinne.com\/blog\/vl-victorio-lucchino-suenos-2012\/","title":{"rendered":"V&amp;L VICTORIO  &amp; LUCCHINO Sue\u00f1os 2012."},"content":{"rendered":"\n\n<div class=\"kk-star-ratings kksr-auto kksr-align-left kksr-valign-top\"\n    data-payload='{&quot;align&quot;:&quot;left&quot;,&quot;id&quot;:&quot;317&quot;,&quot;slug&quot;:&quot;default&quot;,&quot;valign&quot;:&quot;top&quot;,&quot;ignore&quot;:&quot;&quot;,&quot;reference&quot;:&quot;auto&quot;,&quot;class&quot;:&quot;&quot;,&quot;count&quot;:&quot;0&quot;,&quot;legendonly&quot;:&quot;&quot;,&quot;readonly&quot;:&quot;&quot;,&quot;score&quot;:&quot;0&quot;,&quot;starsonly&quot;:&quot;&quot;,&quot;best&quot;:&quot;5&quot;,&quot;gap&quot;:&quot;5&quot;,&quot;greet&quot;:&quot;Rate this post&quot;,&quot;legend&quot;:&quot;0\\\/5 - (0 votos)&quot;,&quot;size&quot;:&quot;24&quot;,&quot;width&quot;:&quot;0&quot;,&quot;_legend&quot;:&quot;{score}\\\/{best} - ({count} {votes})&quot;,&quot;font_factor&quot;:&quot;1.25&quot;}'>\n            \n<div class=\"kksr-stars\">\n    \n<div class=\"kksr-stars-inactive\">\n            <div class=\"kksr-star\" data-star=\"1\" style=\"padding-right: 5px\">\n            \n\n<div class=\"kksr-icon\" style=\"width: 24px; height: 24px;\"><\/div>\n        <\/div>\n            <div class=\"kksr-star\" data-star=\"2\" style=\"padding-right: 5px\">\n            \n\n<div class=\"kksr-icon\" style=\"width: 24px; height: 24px;\"><\/div>\n        <\/div>\n            <div class=\"kksr-star\" data-star=\"3\" style=\"padding-right: 5px\">\n            \n\n<div class=\"kksr-icon\" style=\"width: 24px; height: 24px;\"><\/div>\n        <\/div>\n            <div class=\"kksr-star\" data-star=\"4\" style=\"padding-right: 5px\">\n            \n\n<div class=\"kksr-icon\" style=\"width: 24px; height: 24px;\"><\/div>\n        <\/div>\n            <div class=\"kksr-star\" data-star=\"5\" style=\"padding-right: 5px\">\n            \n\n<div class=\"kksr-icon\" style=\"width: 24px; height: 24px;\"><\/div>\n        <\/div>\n    <\/div>\n    \n<div class=\"kksr-stars-active\" style=\"width: 0px;\">\n            <div class=\"kksr-star\" style=\"padding-right: 5px\">\n            \n\n<div class=\"kksr-icon\" style=\"width: 24px; height: 24px;\"><\/div>\n        <\/div>\n            <div class=\"kksr-star\" style=\"padding-right: 5px\">\n            \n\n<div class=\"kksr-icon\" style=\"width: 24px; height: 24px;\"><\/div>\n        <\/div>\n            <div class=\"kksr-star\" style=\"padding-right: 5px\">\n            \n\n<div class=\"kksr-icon\" style=\"width: 24px; height: 24px;\"><\/div>\n        <\/div>\n            <div class=\"kksr-star\" style=\"padding-right: 5px\">\n            \n\n<div class=\"kksr-icon\" style=\"width: 24px; height: 24px;\"><\/div>\n        <\/div>\n            <div class=\"kksr-star\" style=\"padding-right: 5px\">\n            \n\n<div class=\"kksr-icon\" style=\"width: 24px; height: 24px;\"><\/div>\n        <\/div>\n    <\/div>\n<\/div>\n                \n\n<div class=\"kksr-legend\" style=\"font-size: 19.2px;\">\n            <span class=\"kksr-muted\">Rate this post<\/span>\n    <\/div>\n    <\/div>\n<div style=\"text-align: center\"><a href=\"http:\/\/www.sedalinne.com\/catalogo\/articulos2.php?fam=F1&amp;mar=MV03\"><img decoding=\"async\" style=\"cursor:pointer;cursor:hand;width: 320px;height: 230px\" src=\"http:\/\/www.sedalinne.com\/blog\/wp-content\/uploads\/2012\/02\/MV03-0055-300x216.jpg\" alt=\"\" id=\"BLOGGER_PHOTO_ID_5714236081201498322\" border=\"0\" \/><\/a><\/div>\n<div style=\"text-align: center\"><\/div>\n<div style=\"text-align: justify\">\n<div style=\"text-align: center\"><a style=\"font-weight: bold\" href=\"http:\/\/www.sedalinne.com\/catalogo\/articulos2.php?fam=F1&amp;mar=MV03\">V&amp;L VICTORIO &amp; LUCCHINO<\/a><a href=\"http:\/\/www.sedalinne.com\/catalogo\/articulos2.php?fam=F1&amp;mar=MV03\"> Sue\u00f1os<\/a>,<br \/>acaba de sacar el nuevo <span style=\"font-weight: bold\">cat\u00e1logo 2012<\/span>.<\/div>\n<p>En \u00e9l nos ofrece  8 dise\u00f1os nuevos y se mantienen 6 del cat\u00e1logo anterior.<\/p>\n<div style=\"text-align: center\"><a href=\"http:\/\/www.sedalinne.com\/catalogo\/articulos2.php?fam=F1&amp;mar=MV03\"><img decoding=\"async\" style=\"cursor:pointer;cursor:hand;width: 320px;height: 230px\" src=\"http:\/\/www.sedalinne.com\/blog\/wp-content\/uploads\/2012\/02\/MV03-0053-UNI-300x216.jpg\" alt=\"\" id=\"BLOGGER_PHOTO_ID_5714236397583777122\" border=\"0\" \/><\/a><a href=\"http:\/\/www.sedalinne.com\/catalogo\/articulos2.php?fam=F1&amp;mar=MV03\"><img decoding=\"async\" style=\"cursor:pointer;cursor:hand;width: 320px;height: 230px\" src=\"http:\/\/www.sedalinne.com\/blog\/wp-content\/uploads\/2012\/02\/MV03-0054-300x216.jpg\" alt=\"\" id=\"BLOGGER_PHOTO_ID_5714236171505614946\" border=\"0\" \/><\/a><\/p>\n<div style=\"text-align: center\"><a href=\"http:\/\/www.sedalinne.com\/catalogo\/articulos2.php?fam=F1&amp;mar=MV03\"><img decoding=\"async\" style=\"cursor:pointer;cursor:hand;width: 320px;height: 230px\" src=\"http:\/\/www.sedalinne.com\/blog\/wp-content\/uploads\/2012\/02\/MD01-0072-300x216.jpg\" alt=\"\" id=\"BLOGGER_PHOTO_ID_5714236449911229826\" border=\"0\" \/><\/a><\/div>\n<p><\/div>\n<p><br style=\"font-weight: bold\"><span style=\"font-weight: bold\">Moda de hogar<\/span> que nos aporta<span style=\"font-weight: bold\"> tendencias actual<\/span><span style=\"font-weight: bold\">es <\/span>en <a href=\"http:\/\/www.sedalinne.com\/catalogo\/articulos2.php?fam=F1F03&amp;mar=MV03\">Fundas n\u00f3rdicas<\/a>, <a href=\"http:\/\/www.sedalinne.com\/catalogo\/articulos2.php?fam=F1C05&amp;mar=MV03\">colchas bouti de algod\u00f3n<\/a>, <a href=\"http:\/\/www.sedalinne.com\/catalogo\/articulos2.php?fam=F1S07&amp;mar=MV03\">s\u00e1banas algod\u00f3n<\/a> y complementos como <a href=\"http:\/\/www.sedalinne.com\/catalogo\/articulos2.php?fam=F7C04&amp;mar=MV03\">cortinas<\/a>,<a href=\"http:\/\/www.sedalinne.com\/catalogo\/articulos2.php?fam=F7F02&amp;mar=MV03\"> foulards<\/a>, <a href=\"http:\/\/www.sedalinne.com\/catalogo\/articulos2.php?fam=F7P01&amp;mar=MV03\">plaids<\/a>, <a href=\"http:\/\/www.sedalinne.com\/catalogo\/articulos2.php?fam=F3T03&amp;mar=MV03\">toallas<\/a> y <a href=\"http:\/\/www.sedalinne.com\/catalogo\/articulos2.php?fam=F3A01&amp;mar=MV03\">albornoces<\/a>.<\/div>\n<div style=\"text-align: center\"><a href=\"http:\/\/www.sedalinne.com\/catalogo\/articulos2.php?fam=F7&amp;mar=MV03\"><img decoding=\"async\" style=\"cursor:pointer;cursor:hand;width: 320px;height: 230px\" src=\"http:\/\/www.sedalinne.com\/blog\/wp-content\/uploads\/2012\/02\/MV03-0066-300x216.jpg\" alt=\"\" id=\"BLOGGER_PHOTO_ID_5714235874223238114\" border=\"0\" \/><\/a><a href=\"http:\/\/www.sedalinne.com\/catalogo\/articulos2.php?fam=F3&amp;mar=MV03\"><img decoding=\"async\" style=\"cursor:pointer;cursor:hand;width: 320px;height: 230px\" src=\"http:\/\/www.sedalinne.com\/blog\/wp-content\/uploads\/2012\/02\/toallas-2Bclavel-300x216.jpg\" alt=\"\" id=\"BLOGGER_PHOTO_ID_5714238087100159090\" border=\"0\" \/><\/a><\/div>\n<p><!--more--><\/p>\n","protected":false},"excerpt":{"rendered":"<p>V&amp;L VICTORIO &amp; LUCCHINO Sue\u00f1os,acaba de sacar el nuevo cat\u00e1logo 2012. En \u00e9l nos ofrece 8 dise\u00f1os nuevos y se mantienen 6 del cat\u00e1logo anterior. Moda de hogar que nos aporta tendencias actuales en Fundas n\u00f3rdicas, colchas bouti de algod\u00f3n, s\u00e1banas algod\u00f3n y complementos como cortinas, foulards, plaids, toallas y albornoces.<\/p>\n","protected":false},"author":2,"featured_media":2350,"comment_status":"open","ping_status":"open","sticky":false,"template":"","format":"standard","meta":{"_mi_skip_tracking":false,"_jetpack_memberships_contains_paid_content":false,"footnotes":""},"categories":[11,2,7,8,4],"tags":[],"aioseo_notices":[],"jetpack_sharing_enabled":true,"jetpack_featured_media_url":"https:\/\/www.sedalinne.com\/blog\/wp-content\/uploads\/2012\/02\/MV03-0055.jpg","_links":{"self":[{"href":"https:\/\/www.sedalinne.com\/blog\/wp-json\/wp\/v2\/posts\/317"}],"collection":[{"href":"https:\/\/www.sedalinne.com\/blog\/wp-json\/wp\/v2\/posts"}],"about":[{"href":"https:\/\/www.sedalinne.com\/blog\/wp-json\/wp\/v2\/types\/post"}],"author":[{"embeddable":true,"href":"https:\/\/www.sedalinne.com\/blog\/wp-json\/wp\/v2\/users\/2"}],"replies":[{"embeddable":true,"href":"https:\/\/www.sedalinne.com\/blog\/wp-json\/wp\/v2\/comments?post=317"}],"version-history":[{"count":1,"href":"https:\/\/www.sedalinne.com\/blog\/wp-json\/wp\/v2\/posts\/317\/revisions"}],"predecessor-version":[{"id":4474,"href":"https:\/\/www.sedalinne.com\/blog\/wp-json\/wp\/v2\/posts\/317\/revisions\/4474"}],"wp:featuredmedia":[{"embeddable":true,"href":"https:\/\/www.sedalinne.com\/blog\/wp-json\/wp\/v2\/media\/2350"}],"wp:attachment":[{"href":"https:\/\/www.sedalinne.com\/blog\/wp-json\/wp\/v2\/media?parent=317"}],"wp:term":[{"taxonomy":"category","embeddable":true,"href":"https:\/\/www.sedalinne.com\/blog\/wp-json\/wp\/v2\/categories?post=317"},{"taxonomy":"post_tag","embeddable":true,"href":"https:\/\/www.sedalinne.com\/blog\/wp-json\/wp\/v2\/tags?post=317"}],"curies":[{"name":"wp","href":"https:\/\/api.w.org\/{rel}","templated":true}]}}