{"id":316,"date":"2012-02-28T17:30:00","date_gmt":"2012-02-28T17:30:00","guid":{"rendered":"http:\/\/www.sedalinne.com\/blog\/?p=316"},"modified":"2018-10-11T07:46:39","modified_gmt":"2018-10-11T07:46:39","slug":"amaya-arzuaga-inside-2012","status":"publish","type":"post","link":"https:\/\/www.sedalinne.com\/blog\/amaya-arzuaga-inside-2012\/","title":{"rendered":"AMAYA ARZUAGA inside 2012"},"content":{"rendered":"\n\n<div class=\"kk-star-ratings kksr-auto kksr-align-left kksr-valign-top\"\n    data-payload='{&quot;align&quot;:&quot;left&quot;,&quot;id&quot;:&quot;316&quot;,&quot;slug&quot;:&quot;default&quot;,&quot;valign&quot;:&quot;top&quot;,&quot;ignore&quot;:&quot;&quot;,&quot;reference&quot;:&quot;auto&quot;,&quot;class&quot;:&quot;&quot;,&quot;count&quot;:&quot;0&quot;,&quot;legendonly&quot;:&quot;&quot;,&quot;readonly&quot;:&quot;&quot;,&quot;score&quot;:&quot;0&quot;,&quot;starsonly&quot;:&quot;&quot;,&quot;best&quot;:&quot;5&quot;,&quot;gap&quot;:&quot;5&quot;,&quot;greet&quot;:&quot;Rate this post&quot;,&quot;legend&quot;:&quot;0\\\/5 - (0 votos)&quot;,&quot;size&quot;:&quot;24&quot;,&quot;width&quot;:&quot;0&quot;,&quot;_legend&quot;:&quot;{score}\\\/{best} - ({count} {votes})&quot;,&quot;font_factor&quot;:&quot;1.25&quot;}'>\n            \n<div class=\"kksr-stars\">\n    \n<div class=\"kksr-stars-inactive\">\n            <div class=\"kksr-star\" data-star=\"1\" style=\"padding-right: 5px\">\n            \n\n<div class=\"kksr-icon\" style=\"width: 24px; height: 24px;\"><\/div>\n        <\/div>\n            <div class=\"kksr-star\" data-star=\"2\" style=\"padding-right: 5px\">\n            \n\n<div class=\"kksr-icon\" style=\"width: 24px; height: 24px;\"><\/div>\n        <\/div>\n            <div class=\"kksr-star\" data-star=\"3\" style=\"padding-right: 5px\">\n            \n\n<div class=\"kksr-icon\" style=\"width: 24px; height: 24px;\"><\/div>\n        <\/div>\n            <div class=\"kksr-star\" data-star=\"4\" style=\"padding-right: 5px\">\n            \n\n<div class=\"kksr-icon\" style=\"width: 24px; height: 24px;\"><\/div>\n        <\/div>\n            <div class=\"kksr-star\" data-star=\"5\" style=\"padding-right: 5px\">\n            \n\n<div class=\"kksr-icon\" style=\"width: 24px; height: 24px;\"><\/div>\n        <\/div>\n    <\/div>\n    \n<div class=\"kksr-stars-active\" style=\"width: 0px;\">\n            <div class=\"kksr-star\" style=\"padding-right: 5px\">\n            \n\n<div class=\"kksr-icon\" style=\"width: 24px; height: 24px;\"><\/div>\n        <\/div>\n            <div class=\"kksr-star\" style=\"padding-right: 5px\">\n            \n\n<div class=\"kksr-icon\" style=\"width: 24px; height: 24px;\"><\/div>\n        <\/div>\n            <div class=\"kksr-star\" style=\"padding-right: 5px\">\n            \n\n<div class=\"kksr-icon\" style=\"width: 24px; height: 24px;\"><\/div>\n        <\/div>\n            <div class=\"kksr-star\" style=\"padding-right: 5px\">\n            \n\n<div class=\"kksr-icon\" style=\"width: 24px; height: 24px;\"><\/div>\n        <\/div>\n            <div class=\"kksr-star\" style=\"padding-right: 5px\">\n            \n\n<div class=\"kksr-icon\" style=\"width: 24px; height: 24px;\"><\/div>\n        <\/div>\n    <\/div>\n<\/div>\n                \n\n<div class=\"kksr-legend\" style=\"font-size: 19.2px;\">\n            <span class=\"kksr-muted\">Rate this post<\/span>\n    <\/div>\n    <\/div>\n<div style=\"text-align: center\">La dise\u00f1adora de moda <a style=\"font-weight: bold\" href=\"http:\/\/www.sedalinne.com\/catalogo\/articulos2.php?fam=F1&amp;mar=MA05\">AMAYA ARZUAGA<\/a> nos presenta su<span style=\"font-weight: bold\"> colecci\u00f3n de hogar 2012.<\/span><\/p>\n<\/div>\n<div style=\"text-align: center\"><\/div>\n<div style=\"text-align: center\"><a href=\"http:\/\/www.sedalinne.com\/catalogo\/articulos2.php?fam=F1F03&amp;mar=MA05\"><img decoding=\"async\" style=\"cursor: pointer;width: 199px;height: 143px\" src=\"http:\/\/www.sedalinne.com\/blog\/wp-content\/uploads\/2012\/02\/MA05-0055-300x216.jpg\" alt=\"\" id=\"BLOGGER_PHOTO_ID_5714242311411078178\" border=\"0\" \/><\/a><a href=\"http:\/\/www.sedalinne.com\/catalogo\/articulos2.php?fam=F1F03&amp;mar=MA05\"><img decoding=\"async\" style=\"cursor: pointer;width: 199px;height: 142px\" src=\"http:\/\/www.sedalinne.com\/blog\/wp-content\/uploads\/2012\/02\/MA05-0046-001-300x216.jpg\" alt=\"\" id=\"BLOGGER_PHOTO_ID_5714242576765110498\" border=\"0\" \/><\/a><\/p>\n<p><a href=\"http:\/\/www.sedalinne.com\/catalogo\/articulos2.php?fam=F1C05&amp;mar=MA05\"><img decoding=\"async\" style=\"cursor:pointer;cursor:hand;width: 320px;height: 230px\" src=\"http:\/\/www.sedalinne.com\/blog\/wp-content\/uploads\/2012\/02\/MA05-0045-300x216.jpg\" alt=\"\" id=\"BLOGGER_PHOTO_ID_5714242435782300530\" border=\"0\" \/><\/a><\/p>\n<p><br style=\"font-weight: bold\"><\/div>\n<div style=\"text-align: justify\"><span style=\"font-weight: bold\">Ropa de hogar <\/span>caracterizada por dise\u00f1os sencillos principalmente en color blanco, sobre los cuales estampa textos relacionados con el <span style=\"font-weight: bold\">descanso<\/span>.<\/div>\n<p>Dise\u00f1os en <a href=\"http:\/\/www.sedalinne.com\/catalogo\/marcas.php?fam=F1\"><span style=\"font-weight: bold\">ropa de cama<\/span><\/a>, ideales para ambientes modernos o minimalistas.<\/p>\n<div style=\"text-align: center\">\n<div style=\"text-align: justify\">Como novedad y a diferencia de otras colecciones, las <a href=\"http:\/\/www.sedalinne.com\/catalogo\/articulos2.php?fam=F1F03&amp;mar=MA05\">fundas n\u00f3rdicas <\/a>se presentan en d\u00edpticos en vez de tr\u00edpticos. De manera que el <span style=\"font-weight: bold\">juego de fundas n\u00f3rdicas<\/span> solamente incluye la funda n\u00f3rdica y la funda de almohada, siendo la <a style=\"font-weight: bold\" href=\"http:\/\/www.sedalinne.com\/catalogo\/articulos2.php?fam=F1S02&amp;mar=MA05\">s\u00e1bana bajera<\/a> opcional.<\/div>\n<p><a href=\"http:\/\/www.sedalinne.com\/catalogo\/articulos2.php?fam=F3&amp;mar=MA05\"><img decoding=\"async\" style=\"cursor:pointer;cursor:hand;width: 320px;height: 230px\" src=\"http:\/\/www.sedalinne.com\/blog\/wp-content\/uploads\/2012\/02\/MA05-0003-300x216.jpg\" alt=\"\" id=\"BLOGGER_PHOTO_ID_5714242117327528354\" border=\"0\" \/><\/a><a href=\"http:\/\/www.sedalinne.com\/catalogo\/articulos2.php?fam=F7&amp;mar=MA05\"><img decoding=\"async\" style=\"cursor:pointer;cursor:hand;width: 320px;height: 230px\" src=\"http:\/\/www.sedalinne.com\/blog\/wp-content\/uploads\/2012\/02\/amaya-2Barzuaga-2Bcortian-300x216.jpg\" alt=\"\" id=\"BLOGGER_PHOTO_ID_5714244454506597986\" border=\"0\" \/><\/a><\/div>\n<p><!--more--><\/p>\n","protected":false},"excerpt":{"rendered":"<p>La dise\u00f1adora de moda AMAYA ARZUAGA nos presenta su colecci\u00f3n de hogar 2012. Ropa de hogar caracterizada por dise\u00f1os sencillos principalmente en color blanco, sobre los cuales estampa textos relacionados con el descanso. Dise\u00f1os en ropa de cama, ideales para ambientes modernos o minimalistas. Como novedad y a diferencia de otras colecciones, las fundas n\u00f3rdicas &hellip; <a href=\"https:\/\/www.sedalinne.com\/blog\/amaya-arzuaga-inside-2012\/\" class=\"more-link\">Contin\u00faa leyendo <span class=\"screen-reader-text\">AMAYA ARZUAGA inside 2012<\/span><\/a><\/p>\n","protected":false},"author":2,"featured_media":2345,"comment_status":"open","ping_status":"open","sticky":false,"template":"","format":"standard","meta":{"_mi_skip_tracking":false,"_jetpack_memberships_contains_paid_content":false,"footnotes":""},"categories":[11,2,7,8],"tags":[],"aioseo_notices":[],"jetpack_sharing_enabled":true,"jetpack_featured_media_url":"https:\/\/www.sedalinne.com\/blog\/wp-content\/uploads\/2012\/02\/MA05-0055.jpg","_links":{"self":[{"href":"https:\/\/www.sedalinne.com\/blog\/wp-json\/wp\/v2\/posts\/316"}],"collection":[{"href":"https:\/\/www.sedalinne.com\/blog\/wp-json\/wp\/v2\/posts"}],"about":[{"href":"https:\/\/www.sedalinne.com\/blog\/wp-json\/wp\/v2\/types\/post"}],"author":[{"embeddable":true,"href":"https:\/\/www.sedalinne.com\/blog\/wp-json\/wp\/v2\/users\/2"}],"replies":[{"embeddable":true,"href":"https:\/\/www.sedalinne.com\/blog\/wp-json\/wp\/v2\/comments?post=316"}],"version-history":[{"count":1,"href":"https:\/\/www.sedalinne.com\/blog\/wp-json\/wp\/v2\/posts\/316\/revisions"}],"predecessor-version":[{"id":4473,"href":"https:\/\/www.sedalinne.com\/blog\/wp-json\/wp\/v2\/posts\/316\/revisions\/4473"}],"wp:featuredmedia":[{"embeddable":true,"href":"https:\/\/www.sedalinne.com\/blog\/wp-json\/wp\/v2\/media\/2345"}],"wp:attachment":[{"href":"https:\/\/www.sedalinne.com\/blog\/wp-json\/wp\/v2\/media?parent=316"}],"wp:term":[{"taxonomy":"category","embeddable":true,"href":"https:\/\/www.sedalinne.com\/blog\/wp-json\/wp\/v2\/categories?post=316"},{"taxonomy":"post_tag","embeddable":true,"href":"https:\/\/www.sedalinne.com\/blog\/wp-json\/wp\/v2\/tags?post=316"}],"curies":[{"name":"wp","href":"https:\/\/api.w.org\/{rel}","templated":true}]}}