{"id":311,"date":"2012-03-14T17:30:00","date_gmt":"2012-03-14T17:30:00","guid":{"rendered":"http:\/\/www.sedalinne.com\/blog\/?p=311"},"modified":"2018-10-11T07:46:38","modified_gmt":"2018-10-11T07:46:38","slug":"tendencias-en-textiles-de-hogar","status":"publish","type":"post","link":"https:\/\/www.sedalinne.com\/blog\/tendencias-en-textiles-de-hogar\/","title":{"rendered":"Tendencias en textiles de hogar."},"content":{"rendered":"\n\n<div class=\"kk-star-ratings kksr-auto kksr-align-left kksr-valign-top\"\n    data-payload='{&quot;align&quot;:&quot;left&quot;,&quot;id&quot;:&quot;311&quot;,&quot;slug&quot;:&quot;default&quot;,&quot;valign&quot;:&quot;top&quot;,&quot;ignore&quot;:&quot;&quot;,&quot;reference&quot;:&quot;auto&quot;,&quot;class&quot;:&quot;&quot;,&quot;count&quot;:&quot;0&quot;,&quot;legendonly&quot;:&quot;&quot;,&quot;readonly&quot;:&quot;&quot;,&quot;score&quot;:&quot;0&quot;,&quot;starsonly&quot;:&quot;&quot;,&quot;best&quot;:&quot;5&quot;,&quot;gap&quot;:&quot;5&quot;,&quot;greet&quot;:&quot;Rate this post&quot;,&quot;legend&quot;:&quot;0\\\/5 - (0 votos)&quot;,&quot;size&quot;:&quot;24&quot;,&quot;width&quot;:&quot;0&quot;,&quot;_legend&quot;:&quot;{score}\\\/{best} - ({count} {votes})&quot;,&quot;font_factor&quot;:&quot;1.25&quot;}'>\n            \n<div class=\"kksr-stars\">\n    \n<div class=\"kksr-stars-inactive\">\n            <div class=\"kksr-star\" data-star=\"1\" style=\"padding-right: 5px\">\n            \n\n<div class=\"kksr-icon\" style=\"width: 24px; height: 24px;\"><\/div>\n        <\/div>\n            <div class=\"kksr-star\" data-star=\"2\" style=\"padding-right: 5px\">\n            \n\n<div class=\"kksr-icon\" style=\"width: 24px; height: 24px;\"><\/div>\n        <\/div>\n            <div class=\"kksr-star\" data-star=\"3\" style=\"padding-right: 5px\">\n            \n\n<div class=\"kksr-icon\" style=\"width: 24px; height: 24px;\"><\/div>\n        <\/div>\n            <div class=\"kksr-star\" data-star=\"4\" style=\"padding-right: 5px\">\n            \n\n<div class=\"kksr-icon\" style=\"width: 24px; height: 24px;\"><\/div>\n        <\/div>\n            <div class=\"kksr-star\" data-star=\"5\" style=\"padding-right: 5px\">\n            \n\n<div class=\"kksr-icon\" style=\"width: 24px; height: 24px;\"><\/div>\n        <\/div>\n    <\/div>\n    \n<div class=\"kksr-stars-active\" style=\"width: 0px;\">\n            <div class=\"kksr-star\" style=\"padding-right: 5px\">\n            \n\n<div class=\"kksr-icon\" style=\"width: 24px; height: 24px;\"><\/div>\n        <\/div>\n            <div class=\"kksr-star\" style=\"padding-right: 5px\">\n            \n\n<div class=\"kksr-icon\" style=\"width: 24px; height: 24px;\"><\/div>\n        <\/div>\n            <div class=\"kksr-star\" style=\"padding-right: 5px\">\n            \n\n<div class=\"kksr-icon\" style=\"width: 24px; height: 24px;\"><\/div>\n        <\/div>\n            <div class=\"kksr-star\" style=\"padding-right: 5px\">\n            \n\n<div class=\"kksr-icon\" style=\"width: 24px; height: 24px;\"><\/div>\n        <\/div>\n            <div class=\"kksr-star\" style=\"padding-right: 5px\">\n            \n\n<div class=\"kksr-icon\" style=\"width: 24px; height: 24px;\"><\/div>\n        <\/div>\n    <\/div>\n<\/div>\n                \n\n<div class=\"kksr-legend\" style=\"font-size: 19.2px;\">\n            <span class=\"kksr-muted\">Rate this post<\/span>\n    <\/div>\n    <\/div>\n<p><!--[if gte mso 9]&gt;             Normal   0         21         false   false   false      ES   X-NONE   X-NONE                                                                                                                                                                                                                                                                                                                                                                                                                                                                                                                               &lt;![endif]-->  <\/p>\n<p style=\"text-align: center\"><span style=\"font-weight: bold\">Tendencias textiles <\/span>en <span style=\"font-weight: bold\">decoraci\u00f3n <\/span>.<\/p>\n<p style=\"text-align: center\"><\/p>\n<p style=\"text-align: center\"><\/p>\n<p style=\"text-align: center\"><a href=\"http:\/\/www.sedalinne.com\/blog\/wp-content\/uploads\/2012\/03\/flor-2Bvioleta.jpg\"><img decoding=\"async\" style=\"cursor: pointer;width: 150px;height: 108px\" src=\"http:\/\/www.sedalinne.com\/blog\/wp-content\/uploads\/2012\/03\/flor-2Bvioleta-300x216.jpg\" alt=\"\" id=\"BLOGGER_PHOTO_ID_5719811086127048402\" border=\"0\" \/><\/a><a href=\"http:\/\/www.sedalinne.com\/catalogo\/marcas.php?fam=F1C02\"><img decoding=\"async\" style=\"cursor: pointer;width: 154px;height: 110px\" src=\"http:\/\/www.sedalinne.com\/blog\/wp-content\/uploads\/2012\/03\/amapolas-300x216.jpg\" alt=\"\" id=\"BLOGGER_PHOTO_ID_5719809623361779714\" border=\"0\" \/><\/a><a href=\"http:\/\/www.sedalinne.com\/catalogo\/marcas.php?fam=F1C02\"><img decoding=\"async\" style=\"cursor: pointer;width: 151px;height: 110px\" src=\"http:\/\/www.sedalinne.com\/blog\/wp-content\/uploads\/2012\/03\/flor-2Bgirasol-300x216.jpg\" alt=\"\" id=\"BLOGGER_PHOTO_ID_5719807807048877586\" border=\"0\" \/><\/a><\/p>\n<p style=\"text-align: justify\">Si te gusta la naturaleza, est\u00e1s de suerte. La<span>  <\/span>\u00faltimas propuestas para este a\u00f1o, est\u00e1n basadas en <span style=\"font-weight: bold\">texturas<\/span> artesanales. Es el <span style=\"font-weight: bold\">estilo r\u00fastico<\/span> el que nos aporta <span style=\"font-weight: bold\">fibras naturales<\/span> con dibujos inspirados  en animales, <span style=\"font-weight: bold\">flore<\/span><span style=\"font-weight: bold\">s,<\/span> etc.<\/p>\n<p style=\"text-align: center\"><\/p>\n<p style=\"text-align: center\"><\/p>\n<p style=\"text-align: center\"><\/p>\n<p style=\"text-align: center\"><a href=\"http:\/\/www.sedalinne.com\/catalogo\/articulos2.php?fam=F1&amp;mar=MN01\"><img decoding=\"async\" style=\"cursor: pointer;width: 213px;height: 153px\" src=\"http:\/\/www.sedalinne.com\/blog\/wp-content\/uploads\/2012\/03\/perrito-300x216.jpg\" alt=\"\" id=\"BLOGGER_PHOTO_ID_5719808057262262418\" border=\"0\" \/><\/a><a href=\"http:\/\/www.sedalinne.com\/catalogo\/articulos2.php?fam=F1&amp;mar=MN01\"><img decoding=\"async\" style=\"cursor: pointer;width: 213px;height: 152px\" src=\"http:\/\/www.sedalinne.com\/blog\/wp-content\/uploads\/2012\/03\/leopardo-300x216.jpg\" alt=\"\" id=\"BLOGGER_PHOTO_ID_5719807984537837170\" border=\"0\" \/><\/a><\/p>\n<p><a href=\"http:\/\/3.bp.blogspot.com\/-SB9eygqE9GQ\/T2DW5UqnhhI\/AAAAAAAACDk\/cWE5I3BDFYg\/s1600\/flor%2Bgirasol.jpg\"><\/a><\/p>\n<p style=\"text-align: justify\">Por supuesto, no dejamos de lado el <span style=\"font-weight: bold\">estilo<\/span><span style=\"font-weight: bold\"> minimalista<\/span>, el cual se acopla con el paso del tiempo a las \u00e9pocas actuales.<\/p>\n<p><\/p>\n<p><a href=\"http:\/\/www.sedalinne.com\/blog\/?p=446\">minimalismo en ropa de cama<\/a><\/p>\n<p><a href=\"http:\/\/www.sedalinne.com\/blog\/?p=398\">textiles de flores<\/a><\/p>\n<p><\/p>\n<\/p>\n<p><!--more--><\/p>\n","protected":false},"excerpt":{"rendered":"<p>Tendencias textiles en decoraci\u00f3n . Si te gusta la naturaleza, est\u00e1s de suerte. La \u00faltimas propuestas para este a\u00f1o, est\u00e1n basadas en texturas artesanales. Es el estilo r\u00fastico el que nos aporta fibras naturales con dibujos inspirados en animales, flores, etc. Por supuesto, no dejamos de lado el estilo minimalista, el cual se acopla con &hellip; <a href=\"https:\/\/www.sedalinne.com\/blog\/tendencias-en-textiles-de-hogar\/\" class=\"more-link\">Contin\u00faa leyendo <span class=\"screen-reader-text\">Tendencias en textiles de hogar.<\/span><\/a><\/p>\n","protected":false},"author":2,"featured_media":2322,"comment_status":"open","ping_status":"open","sticky":false,"template":"","format":"standard","meta":{"_mi_skip_tracking":false,"_jetpack_memberships_contains_paid_content":false,"footnotes":""},"categories":[4,13],"tags":[],"aioseo_notices":[],"jetpack_sharing_enabled":true,"jetpack_featured_media_url":"https:\/\/www.sedalinne.com\/blog\/wp-content\/uploads\/2012\/03\/amapolas.jpg","_links":{"self":[{"href":"https:\/\/www.sedalinne.com\/blog\/wp-json\/wp\/v2\/posts\/311"}],"collection":[{"href":"https:\/\/www.sedalinne.com\/blog\/wp-json\/wp\/v2\/posts"}],"about":[{"href":"https:\/\/www.sedalinne.com\/blog\/wp-json\/wp\/v2\/types\/post"}],"author":[{"embeddable":true,"href":"https:\/\/www.sedalinne.com\/blog\/wp-json\/wp\/v2\/users\/2"}],"replies":[{"embeddable":true,"href":"https:\/\/www.sedalinne.com\/blog\/wp-json\/wp\/v2\/comments?post=311"}],"version-history":[{"count":1,"href":"https:\/\/www.sedalinne.com\/blog\/wp-json\/wp\/v2\/posts\/311\/revisions"}],"predecessor-version":[{"id":4468,"href":"https:\/\/www.sedalinne.com\/blog\/wp-json\/wp\/v2\/posts\/311\/revisions\/4468"}],"wp:featuredmedia":[{"embeddable":true,"href":"https:\/\/www.sedalinne.com\/blog\/wp-json\/wp\/v2\/media\/2322"}],"wp:attachment":[{"href":"https:\/\/www.sedalinne.com\/blog\/wp-json\/wp\/v2\/media?parent=311"}],"wp:term":[{"taxonomy":"category","embeddable":true,"href":"https:\/\/www.sedalinne.com\/blog\/wp-json\/wp\/v2\/categories?post=311"},{"taxonomy":"post_tag","embeddable":true,"href":"https:\/\/www.sedalinne.com\/blog\/wp-json\/wp\/v2\/tags?post=311"}],"curies":[{"name":"wp","href":"https:\/\/api.w.org\/{rel}","templated":true}]}}