{"id":308,"date":"2012-03-21T16:50:00","date_gmt":"2012-03-21T16:50:00","guid":{"rendered":"http:\/\/www.sedalinne.com\/blog\/?p=308"},"modified":"2018-10-11T07:46:38","modified_gmt":"2018-10-11T07:46:38","slug":"terraza-vela-vondom-de-ramon-esteve","status":"publish","type":"post","link":"https:\/\/www.sedalinne.com\/blog\/terraza-vela-vondom-de-ramon-esteve\/","title":{"rendered":"Terraza VELA VONDOM de Ram\u00f3n Esteve"},"content":{"rendered":"\n\n<div class=\"kk-star-ratings kksr-auto kksr-align-left kksr-valign-top\"\n    data-payload='{&quot;align&quot;:&quot;left&quot;,&quot;id&quot;:&quot;308&quot;,&quot;slug&quot;:&quot;default&quot;,&quot;valign&quot;:&quot;top&quot;,&quot;ignore&quot;:&quot;&quot;,&quot;reference&quot;:&quot;auto&quot;,&quot;class&quot;:&quot;&quot;,&quot;count&quot;:&quot;0&quot;,&quot;legendonly&quot;:&quot;&quot;,&quot;readonly&quot;:&quot;&quot;,&quot;score&quot;:&quot;0&quot;,&quot;starsonly&quot;:&quot;&quot;,&quot;best&quot;:&quot;5&quot;,&quot;gap&quot;:&quot;5&quot;,&quot;greet&quot;:&quot;Rate this post&quot;,&quot;legend&quot;:&quot;0\\\/5 - (0 votos)&quot;,&quot;size&quot;:&quot;24&quot;,&quot;width&quot;:&quot;0&quot;,&quot;_legend&quot;:&quot;{score}\\\/{best} - ({count} {votes})&quot;,&quot;font_factor&quot;:&quot;1.25&quot;}'>\n            \n<div class=\"kksr-stars\">\n    \n<div class=\"kksr-stars-inactive\">\n            <div class=\"kksr-star\" data-star=\"1\" style=\"padding-right: 5px\">\n            \n\n<div class=\"kksr-icon\" style=\"width: 24px; height: 24px;\"><\/div>\n        <\/div>\n            <div class=\"kksr-star\" data-star=\"2\" style=\"padding-right: 5px\">\n            \n\n<div class=\"kksr-icon\" style=\"width: 24px; height: 24px;\"><\/div>\n        <\/div>\n            <div class=\"kksr-star\" data-star=\"3\" style=\"padding-right: 5px\">\n            \n\n<div class=\"kksr-icon\" style=\"width: 24px; height: 24px;\"><\/div>\n        <\/div>\n            <div class=\"kksr-star\" data-star=\"4\" style=\"padding-right: 5px\">\n            \n\n<div class=\"kksr-icon\" style=\"width: 24px; height: 24px;\"><\/div>\n        <\/div>\n            <div class=\"kksr-star\" data-star=\"5\" style=\"padding-right: 5px\">\n            \n\n<div class=\"kksr-icon\" style=\"width: 24px; height: 24px;\"><\/div>\n        <\/div>\n    <\/div>\n    \n<div class=\"kksr-stars-active\" style=\"width: 0px;\">\n            <div class=\"kksr-star\" style=\"padding-right: 5px\">\n            \n\n<div class=\"kksr-icon\" style=\"width: 24px; height: 24px;\"><\/div>\n        <\/div>\n            <div class=\"kksr-star\" style=\"padding-right: 5px\">\n            \n\n<div class=\"kksr-icon\" style=\"width: 24px; height: 24px;\"><\/div>\n        <\/div>\n            <div class=\"kksr-star\" style=\"padding-right: 5px\">\n            \n\n<div class=\"kksr-icon\" style=\"width: 24px; height: 24px;\"><\/div>\n        <\/div>\n            <div class=\"kksr-star\" style=\"padding-right: 5px\">\n            \n\n<div class=\"kksr-icon\" style=\"width: 24px; height: 24px;\"><\/div>\n        <\/div>\n            <div class=\"kksr-star\" style=\"padding-right: 5px\">\n            \n\n<div class=\"kksr-icon\" style=\"width: 24px; height: 24px;\"><\/div>\n        <\/div>\n    <\/div>\n<\/div>\n                \n\n<div class=\"kksr-legend\" style=\"font-size: 19.2px;\">\n            <span class=\"kksr-muted\">Rate this post<\/span>\n    <\/div>\n    <\/div>\n<p><a href=\"http:\/\/www.sedalinne.com\/catalogo\/articulo.php?ref=MV01-0039&amp;fam=&amp;col=&amp;tam=&amp;mar=\"><img decoding=\"async\" style=\"margin: 0px auto 10px;text-align: center;cursor: pointer;width: 257px;height: 192px\" src=\"http:\/\/www.sedalinne.com\/blog\/wp-content\/uploads\/2012\/03\/EmptyName-2B3-300x225.jpg\" alt=\"\" id=\"BLOGGER_PHOTO_ID_5722396637969857490\" border=\"0\" \/><\/a><a href=\"http:\/\/www.sedalinne.com\/catalogo\/articulo.php?ref=MV01-0039&amp;fam=&amp;col=&amp;tam=&amp;mar=\"><br \/><\/a><\/p>\n<div style=\"text-align: justify\"><a href=\"http:\/\/www.sedalinne.com\/catalogo\/articulo.php?ref=MV01-0039&amp;fam=&amp;col=&amp;tam=&amp;mar=\">VELA <\/a>ha sido dise\u00f1ado por el arquitecto <span style=\"font-weight: bold\">Ram\u00f3n Esteve<\/span>.<br \/>Continuidad, esencialidad y pureza se perciben en los proyectos del arquitecto. Desde su estudio en Valencia realiza proyectos de muy diversa \u00edndole: edificios p\u00fablicos, sanitarios, educativos, culturales, oficinas&#8230; La b\u00fasqueda de la relaci\u00f3n entre contenedor y contenido le lleva en muchos de sus proyectos a dise\u00f1ar tambi\u00e9n el<a href=\"http:\/\/www.sedalinne.com\/catalogo\/articulo.php?ref=MV01-0039&amp;fam=&amp;col=&amp;tam=&amp;mar=\"> mobiliario<\/a>.<\/p>\n<p><a href=\"http:\/\/www.sedalinne.com\/catalogo\/articulo.php?ref=MV01-0041&amp;fam=F7T02&amp;col=&amp;tam=&amp;mar=\"><img decoding=\"async\" style=\"margin: 0px auto 10px;text-align: center;cursor: pointer;width: 242px;height: 181px\" src=\"http:\/\/www.sedalinne.com\/blog\/wp-content\/uploads\/2012\/03\/EmptyName-2B7-300x225.jpg\" alt=\"\" id=\"BLOGGER_PHOTO_ID_5722397306362263746\" border=\"0\" \/><\/a><a href=\"http:\/\/www.sedalinne.com\/catalogo\/articulo.php?ref=MV01-0041&amp;fam=F7T02&amp;col=&amp;tam=&amp;mar=\"><br \/>VELA <\/a>es la nueva colecci\u00f3n dise\u00f1ada por el arquitecto Ram\u00f3n Esteve para <a href=\"http:\/\/www.sedalinne.com\/catalogo\/articulos2.php?fam=F7T02&amp;mar=MV01\">VONDOM<\/a>. Esta extensa colecci\u00f3n de <span style=\"font-weight: bold\">muebles y <a href=\"http:\/\/www.sedalinne.com\/catalogo\/articulo.php?ref=MV01-0033&amp;fam=F7T02&amp;col=&amp;tam=&amp;mar=MV01\">maceteros<\/a><\/span> para exterior busca ofrecer el confort y la calidez de los muebles de interior sin perder sus cualidades de origen.<\/p>\n<p><a href=\"http:\/\/www.sedalinne.com\/catalogo\/articulo.php?ref=MV01-0040&amp;fam=F7T02&amp;col=&amp;tam=&amp;mar=\"><img decoding=\"async\" style=\"margin: 0px auto 10px;text-align: center;cursor: pointer;width: 146px;height: 219px\" src=\"http:\/\/www.sedalinne.com\/blog\/wp-content\/uploads\/2012\/03\/19Q2518-200x300.jpg\" alt=\"\" id=\"BLOGGER_PHOTO_ID_5722398337458923874\" border=\"0\" \/><\/a><br \/><a href=\"http:\/\/www.sedalinne.com\/catalogo\/articulo.php?ref=MV01-0040&amp;fam=F7T02&amp;col=&amp;tam=&amp;mar=MV01\">VELA<\/a> es un sistema modular con una geometr\u00eda elemental prism\u00e1tica que basa su singularidad en el equilibrio de sus proporciones. Los elementos se pueden combinar entre s\u00ed para poder convivir en cualquier espacio. Sus vol\u00famenes rotundos parecen flotar a unos cent\u00edmetros del suelo y cuando se iluminan se transforman en arquitecturas livianas.<br \/>Se obtiene por moldeo rotacional de polietileno lineal de baja densidad. Es un material 100% reciclable que soporta condiciones clim\u00e1ticas extremas, desde -60\u00baC hasta 80\u00baC, adem\u00e1s de resistente a los rayos UVI y dota ligereza al producto.<\/p>\n<p><a href=\"http:\/\/www.sedalinne.com\/catalogo\/articulos2.php?fam=F7T02&amp;mar=MV01\"><span style=\"font-weight: bold\">VONDOM<\/span><\/a> ofrece esta colecci\u00f3n acabados mate, brillo o de color y est\u00e1 preparada para incorporar luz.<\/p>\n<\/div>\n<p><!--more--><\/p>\n","protected":false},"excerpt":{"rendered":"<p>VELA ha sido dise\u00f1ado por el arquitecto Ram\u00f3n Esteve.Continuidad, esencialidad y pureza se perciben en los proyectos del arquitecto. Desde su estudio en Valencia realiza proyectos de muy diversa \u00edndole: edificios p\u00fablicos, sanitarios, educativos, culturales, oficinas&#8230; La b\u00fasqueda de la relaci\u00f3n entre contenedor y contenido le lleva en muchos de sus proyectos a dise\u00f1ar tambi\u00e9n &hellip; <a href=\"https:\/\/www.sedalinne.com\/blog\/terraza-vela-vondom-de-ramon-esteve\/\" class=\"more-link\">Contin\u00faa leyendo <span class=\"screen-reader-text\">Terraza VELA VONDOM de Ram\u00f3n Esteve<\/span><\/a><\/p>\n","protected":false},"author":2,"featured_media":2317,"comment_status":"open","ping_status":"open","sticky":false,"template":"","format":"standard","meta":{"_mi_skip_tracking":false,"_jetpack_memberships_contains_paid_content":false,"footnotes":""},"categories":[4,20],"tags":[],"aioseo_notices":[],"jetpack_sharing_enabled":true,"jetpack_featured_media_url":"https:\/\/www.sedalinne.com\/blog\/wp-content\/uploads\/2012\/03\/EmptyName-2B3.jpg","_links":{"self":[{"href":"https:\/\/www.sedalinne.com\/blog\/wp-json\/wp\/v2\/posts\/308"}],"collection":[{"href":"https:\/\/www.sedalinne.com\/blog\/wp-json\/wp\/v2\/posts"}],"about":[{"href":"https:\/\/www.sedalinne.com\/blog\/wp-json\/wp\/v2\/types\/post"}],"author":[{"embeddable":true,"href":"https:\/\/www.sedalinne.com\/blog\/wp-json\/wp\/v2\/users\/2"}],"replies":[{"embeddable":true,"href":"https:\/\/www.sedalinne.com\/blog\/wp-json\/wp\/v2\/comments?post=308"}],"version-history":[{"count":1,"href":"https:\/\/www.sedalinne.com\/blog\/wp-json\/wp\/v2\/posts\/308\/revisions"}],"predecessor-version":[{"id":4465,"href":"https:\/\/www.sedalinne.com\/blog\/wp-json\/wp\/v2\/posts\/308\/revisions\/4465"}],"wp:featuredmedia":[{"embeddable":true,"href":"https:\/\/www.sedalinne.com\/blog\/wp-json\/wp\/v2\/media\/2317"}],"wp:attachment":[{"href":"https:\/\/www.sedalinne.com\/blog\/wp-json\/wp\/v2\/media?parent=308"}],"wp:term":[{"taxonomy":"category","embeddable":true,"href":"https:\/\/www.sedalinne.com\/blog\/wp-json\/wp\/v2\/categories?post=308"},{"taxonomy":"post_tag","embeddable":true,"href":"https:\/\/www.sedalinne.com\/blog\/wp-json\/wp\/v2\/tags?post=308"}],"curies":[{"name":"wp","href":"https:\/\/api.w.org\/{rel}","templated":true}]}}