{"id":304,"date":"2012-03-28T11:39:00","date_gmt":"2012-03-28T11:39:00","guid":{"rendered":"http:\/\/www.sedalinne.com\/blog\/?p=304"},"modified":"2018-10-11T07:46:38","modified_gmt":"2018-10-11T07:46:38","slug":"nuevos-colores-en-sabanas-de-saten-ninfa","status":"publish","type":"post","link":"https:\/\/www.sedalinne.com\/blog\/nuevos-colores-en-sabanas-de-saten-ninfa\/","title":{"rendered":"Nuevos colores en s\u00e1banas de sat\u00e9n NINFA."},"content":{"rendered":"\n\n<div class=\"kk-star-ratings kksr-auto kksr-align-left kksr-valign-top\"\n    data-payload='{&quot;align&quot;:&quot;left&quot;,&quot;id&quot;:&quot;304&quot;,&quot;slug&quot;:&quot;default&quot;,&quot;valign&quot;:&quot;top&quot;,&quot;ignore&quot;:&quot;&quot;,&quot;reference&quot;:&quot;auto&quot;,&quot;class&quot;:&quot;&quot;,&quot;count&quot;:&quot;0&quot;,&quot;legendonly&quot;:&quot;&quot;,&quot;readonly&quot;:&quot;&quot;,&quot;score&quot;:&quot;0&quot;,&quot;starsonly&quot;:&quot;&quot;,&quot;best&quot;:&quot;5&quot;,&quot;gap&quot;:&quot;5&quot;,&quot;greet&quot;:&quot;Rate this post&quot;,&quot;legend&quot;:&quot;0\\\/5 - (0 votos)&quot;,&quot;size&quot;:&quot;24&quot;,&quot;width&quot;:&quot;0&quot;,&quot;_legend&quot;:&quot;{score}\\\/{best} - ({count} {votes})&quot;,&quot;font_factor&quot;:&quot;1.25&quot;}'>\n            \n<div class=\"kksr-stars\">\n    \n<div class=\"kksr-stars-inactive\">\n            <div class=\"kksr-star\" data-star=\"1\" style=\"padding-right: 5px\">\n            \n\n<div class=\"kksr-icon\" style=\"width: 24px; height: 24px;\"><\/div>\n        <\/div>\n            <div class=\"kksr-star\" data-star=\"2\" style=\"padding-right: 5px\">\n            \n\n<div class=\"kksr-icon\" style=\"width: 24px; height: 24px;\"><\/div>\n        <\/div>\n            <div class=\"kksr-star\" data-star=\"3\" style=\"padding-right: 5px\">\n            \n\n<div class=\"kksr-icon\" style=\"width: 24px; height: 24px;\"><\/div>\n        <\/div>\n            <div class=\"kksr-star\" data-star=\"4\" style=\"padding-right: 5px\">\n            \n\n<div class=\"kksr-icon\" style=\"width: 24px; height: 24px;\"><\/div>\n        <\/div>\n            <div class=\"kksr-star\" data-star=\"5\" style=\"padding-right: 5px\">\n            \n\n<div class=\"kksr-icon\" style=\"width: 24px; height: 24px;\"><\/div>\n        <\/div>\n    <\/div>\n    \n<div class=\"kksr-stars-active\" style=\"width: 0px;\">\n            <div class=\"kksr-star\" style=\"padding-right: 5px\">\n            \n\n<div class=\"kksr-icon\" style=\"width: 24px; height: 24px;\"><\/div>\n        <\/div>\n            <div class=\"kksr-star\" style=\"padding-right: 5px\">\n            \n\n<div class=\"kksr-icon\" style=\"width: 24px; height: 24px;\"><\/div>\n        <\/div>\n            <div class=\"kksr-star\" style=\"padding-right: 5px\">\n            \n\n<div class=\"kksr-icon\" style=\"width: 24px; height: 24px;\"><\/div>\n        <\/div>\n            <div class=\"kksr-star\" style=\"padding-right: 5px\">\n            \n\n<div class=\"kksr-icon\" style=\"width: 24px; height: 24px;\"><\/div>\n        <\/div>\n            <div class=\"kksr-star\" style=\"padding-right: 5px\">\n            \n\n<div class=\"kksr-icon\" style=\"width: 24px; height: 24px;\"><\/div>\n        <\/div>\n    <\/div>\n<\/div>\n                \n\n<div class=\"kksr-legend\" style=\"font-size: 19.2px;\">\n            <span class=\"kksr-muted\">Rate this post<\/span>\n    <\/div>\n    <\/div>\n<p><a href=\"http:\/\/www.sedalinne.com\/catalogo\/articulo.php?ref=MR02-0035&amp;fam=F1S07&amp;col=&amp;tam=&amp;mar=MR02\"><img decoding=\"async\" style=\"margin:0px auto 10px;text-align:center;cursor:pointer;cursor:hand;width: 400px;height: 288px\" src=\"http:\/\/www.sedalinne.com\/blog\/wp-content\/uploads\/2012\/03\/MR02-0035-102-300x216.jpg\" alt=\"\" id=\"BLOGGER_PHOTO_ID_5724912524817475170\" border=\"0\" \/><\/a><\/p>\n<div style=\"text-align: center\">Ahora, disponemos de <span style=\"font-weight: bold\">nuevo colorido<\/span> en <a href=\"http:\/\/www.sedalinne.com\/catalogo\/articulo.php?ref=MR02-0035&amp;fam=F1S07&amp;col=&amp;tam=&amp;mar=MR02\"><span style=\"font-weight: bold\">s\u00e1banas de algod\u00f3n sat\u00e9n NINFA<\/span><\/a>.<br \/><a href=\"http:\/\/www.sedalinne.com\/catalogo\/marcas.php?fam=F1S07\">S\u00e1banas<\/a> de <span style=\"font-weight: bold\">alta calidad<\/span>, <span style=\"font-weight: bold\">lisas<\/span> con <span style=\"font-weight: bold\">bi\u00e9s<\/span> en el embozo en la <a href=\"http:\/\/www.sedalinne.com\/catalogo\/marcas.php?fam=F1S06\">funda de almohada<\/a>.<\/div>\n<p><a href=\"http:\/\/www.sedalinne.com\/catalogo\/articulo.php?ref=MR02-0035&amp;fam=F1S07&amp;col=&amp;tam=&amp;mar=MR02\"><img decoding=\"async\" style=\"margin:0px auto 10px;text-align:center;cursor:pointer;cursor:hand;width: 400px;height: 288px\" src=\"http:\/\/www.sedalinne.com\/blog\/wp-content\/uploads\/2012\/03\/MR02-0035-851-300x216.jpg\" alt=\"\" id=\"BLOGGER_PHOTO_ID_5724912589713790546\" border=\"0\" \/><\/a><\/p>\n<div style=\"text-align: center\"><br style=\"font-weight: bold\"><span style=\"font-weight: bold\">Colores<\/span> de <span style=\"font-weight: bold\">actualidad <\/span>y <span style=\"font-weight: bold\">neutros<\/span>, que coordinan a la perfecci\u00f3n con<span style=\"font-weight: bold\"> <\/span><a style=\"font-weight: bold\" href=\"http:\/\/www.sedalinne.com\/catalogo\/marcas.php?fam=F1C02\">colchas<\/a><span style=\"font-weight: bold\"> <\/span>de la colecci\u00f3n <a href=\"http:\/\/www.sedalinne.com\/catalogo\/articulos2.php?fam=F1&amp;mar=MR02\"><span style=\"font-weight: bold\">Revert<\/span>.<\/a><\/p>\n<p><a href=\"http:\/\/www.sedalinne.com\/blog\/?p=601\">s\u00e1banas de algod\u00f3n<\/a><\/p>\n<p><\/div>\n<p><!--more--><\/p>\n","protected":false},"excerpt":{"rendered":"<p>Ahora, disponemos de nuevo colorido en s\u00e1banas de algod\u00f3n sat\u00e9n NINFA.S\u00e1banas de alta calidad, lisas con bi\u00e9s en el embozo en la funda de almohada. Colores de actualidad y neutros, que coordinan a la perfecci\u00f3n con colchas de la colecci\u00f3n Revert. s\u00e1banas de algod\u00f3n<\/p>\n","protected":false},"author":2,"featured_media":2309,"comment_status":"open","ping_status":"open","sticky":false,"template":"","format":"standard","meta":{"_mi_skip_tracking":false,"_jetpack_memberships_contains_paid_content":false,"footnotes":""},"categories":[5,2,7,3],"tags":[],"aioseo_notices":[],"jetpack_sharing_enabled":true,"jetpack_featured_media_url":"https:\/\/www.sedalinne.com\/blog\/wp-content\/uploads\/2012\/03\/MR02-0035-102.jpg","_links":{"self":[{"href":"https:\/\/www.sedalinne.com\/blog\/wp-json\/wp\/v2\/posts\/304"}],"collection":[{"href":"https:\/\/www.sedalinne.com\/blog\/wp-json\/wp\/v2\/posts"}],"about":[{"href":"https:\/\/www.sedalinne.com\/blog\/wp-json\/wp\/v2\/types\/post"}],"author":[{"embeddable":true,"href":"https:\/\/www.sedalinne.com\/blog\/wp-json\/wp\/v2\/users\/2"}],"replies":[{"embeddable":true,"href":"https:\/\/www.sedalinne.com\/blog\/wp-json\/wp\/v2\/comments?post=304"}],"version-history":[{"count":1,"href":"https:\/\/www.sedalinne.com\/blog\/wp-json\/wp\/v2\/posts\/304\/revisions"}],"predecessor-version":[{"id":4461,"href":"https:\/\/www.sedalinne.com\/blog\/wp-json\/wp\/v2\/posts\/304\/revisions\/4461"}],"wp:featuredmedia":[{"embeddable":true,"href":"https:\/\/www.sedalinne.com\/blog\/wp-json\/wp\/v2\/media\/2309"}],"wp:attachment":[{"href":"https:\/\/www.sedalinne.com\/blog\/wp-json\/wp\/v2\/media?parent=304"}],"wp:term":[{"taxonomy":"category","embeddable":true,"href":"https:\/\/www.sedalinne.com\/blog\/wp-json\/wp\/v2\/categories?post=304"},{"taxonomy":"post_tag","embeddable":true,"href":"https:\/\/www.sedalinne.com\/blog\/wp-json\/wp\/v2\/tags?post=304"}],"curies":[{"name":"wp","href":"https:\/\/api.w.org\/{rel}","templated":true}]}}