{"id":302,"date":"2012-04-02T13:01:00","date_gmt":"2012-04-02T13:01:00","guid":{"rendered":"http:\/\/www.sedalinne.com\/blog\/?p=302"},"modified":"2018-10-11T07:46:38","modified_gmt":"2018-10-11T07:46:38","slug":"terraza-y-jardin-de-vanguardia","status":"publish","type":"post","link":"https:\/\/www.sedalinne.com\/blog\/terraza-y-jardin-de-vanguardia\/","title":{"rendered":"Terraza y jard\u00edn de vanguardia."},"content":{"rendered":"\n\n<div class=\"kk-star-ratings kksr-auto kksr-align-left kksr-valign-top\"\n    data-payload='{&quot;align&quot;:&quot;left&quot;,&quot;id&quot;:&quot;302&quot;,&quot;slug&quot;:&quot;default&quot;,&quot;valign&quot;:&quot;top&quot;,&quot;ignore&quot;:&quot;&quot;,&quot;reference&quot;:&quot;auto&quot;,&quot;class&quot;:&quot;&quot;,&quot;count&quot;:&quot;0&quot;,&quot;legendonly&quot;:&quot;&quot;,&quot;readonly&quot;:&quot;&quot;,&quot;score&quot;:&quot;0&quot;,&quot;starsonly&quot;:&quot;&quot;,&quot;best&quot;:&quot;5&quot;,&quot;gap&quot;:&quot;5&quot;,&quot;greet&quot;:&quot;Rate this post&quot;,&quot;legend&quot;:&quot;0\\\/5 - (0 votos)&quot;,&quot;size&quot;:&quot;24&quot;,&quot;width&quot;:&quot;0&quot;,&quot;_legend&quot;:&quot;{score}\\\/{best} - ({count} {votes})&quot;,&quot;font_factor&quot;:&quot;1.25&quot;}'>\n            \n<div class=\"kksr-stars\">\n    \n<div class=\"kksr-stars-inactive\">\n            <div class=\"kksr-star\" data-star=\"1\" style=\"padding-right: 5px\">\n            \n\n<div class=\"kksr-icon\" style=\"width: 24px; height: 24px;\"><\/div>\n        <\/div>\n            <div class=\"kksr-star\" data-star=\"2\" style=\"padding-right: 5px\">\n            \n\n<div class=\"kksr-icon\" style=\"width: 24px; height: 24px;\"><\/div>\n        <\/div>\n            <div class=\"kksr-star\" data-star=\"3\" style=\"padding-right: 5px\">\n            \n\n<div class=\"kksr-icon\" style=\"width: 24px; height: 24px;\"><\/div>\n        <\/div>\n            <div class=\"kksr-star\" data-star=\"4\" style=\"padding-right: 5px\">\n            \n\n<div class=\"kksr-icon\" style=\"width: 24px; height: 24px;\"><\/div>\n        <\/div>\n            <div class=\"kksr-star\" data-star=\"5\" style=\"padding-right: 5px\">\n            \n\n<div class=\"kksr-icon\" style=\"width: 24px; height: 24px;\"><\/div>\n        <\/div>\n    <\/div>\n    \n<div class=\"kksr-stars-active\" style=\"width: 0px;\">\n            <div class=\"kksr-star\" style=\"padding-right: 5px\">\n            \n\n<div class=\"kksr-icon\" style=\"width: 24px; height: 24px;\"><\/div>\n        <\/div>\n            <div class=\"kksr-star\" style=\"padding-right: 5px\">\n            \n\n<div class=\"kksr-icon\" style=\"width: 24px; height: 24px;\"><\/div>\n        <\/div>\n            <div class=\"kksr-star\" style=\"padding-right: 5px\">\n            \n\n<div class=\"kksr-icon\" style=\"width: 24px; height: 24px;\"><\/div>\n        <\/div>\n            <div class=\"kksr-star\" style=\"padding-right: 5px\">\n            \n\n<div class=\"kksr-icon\" style=\"width: 24px; height: 24px;\"><\/div>\n        <\/div>\n            <div class=\"kksr-star\" style=\"padding-right: 5px\">\n            \n\n<div class=\"kksr-icon\" style=\"width: 24px; height: 24px;\"><\/div>\n        <\/div>\n    <\/div>\n<\/div>\n                \n\n<div class=\"kksr-legend\" style=\"font-size: 19.2px;\">\n            <span class=\"kksr-muted\">Rate this post<\/span>\n    <\/div>\n    <\/div>\n<p>La firma <a href=\"http:\/\/www.sedalinne.com\/catalogo\/articulos2.php?fam=F7T02&amp;mar=MV01\">VONDOM s<\/a>orprende con mobiliario y maceteros \u00fanicos, elevando la decoraci\u00f3n de exteriores al punto m\u00e1s sublime de originalidad y distinci\u00f3n.<\/p>\n<p>El cat\u00e1logo online de<a href=\"http:\/\/www.sedalinne.com\/catalogo\/articulos2.php?fam=F7T02&amp;mar=MV01\"><span> <\/span><\/a><b style=\"margin-top: 0px;margin-right: 0px;margin-bottom: 0px;margin-left: 0px;padding-top: 0px;padding-right: 0px;padding-bottom: 0px;padding-left: 0px;border-top-width: 0px;border-right-width: 0px;border-bottom-width: 0px;border-left-width: 0px;border-style: initial;border-color: initial;font-size: 12px;vertical-align: baseline;background-color: transparent\"><a target=\"_blank\">Sedalinne<\/a><\/b><span> <\/span>pone el acento en la <span style=\"font-weight: bold\">decoraci\u00f3n de jardines y terrazas c<\/span>on innovadoras ideas, todas ellas esculpidas bajo la maestr\u00eda de <span style=\"font-weight: bold\">VONDOM<\/span>, nombre con may\u00fasculas en el dise\u00f1o de mobiliario y <span style=\"font-weight: bold\">decoraci\u00f3n de exteriores e interiores<\/span>. <span style=\"font-weight: bold\">Mesas, tumbonas, maceteros, pufs, taburetes o sillas<\/span> son solo algunas de las creaciones seleccionadas por <span style=\"font-weight: bold\">Sedalinne <\/span>para vestir con singularidad, <span style=\"font-weight: bold\">vanguardia<\/span>, exclusividad y belleza las terrazas y jardines m\u00e1s excepcionales.<span> <\/span><\/p>\n<p>Con piezas fabricadas bajo la <span style=\"font-weight: bold\">t\u00e9cnica del moldeo rotaciona<\/span>l, la colecci\u00f3n de <span style=\"font-weight: bold\">maceteros y muebles de jard\u00edn<\/span> disponible en <span style=\"font-weight: bold\">Sedalinne<\/span> invita a mantener vivo ese espacio clave de todo <span style=\"font-weight: bold\">hogar<\/span>, donde disfrutar al m\u00e1ximo de las noches de verano y del buen tiempo en la mejor compa\u00f1\u00eda y con el buen gusto como perfecto aliado.<span> <\/span><\/p>\n<p><b style=\"margin-top: 0px;margin-right: 0px;margin-bottom: 0px;margin-left: 0px;padding-top: 0px;padding-right: 0px;padding-bottom: 0px;padding-left: 0px;border-top-width: 0px;border-right-width: 0px;border-bottom-width: 0px;border-left-width: 0px;border-style: initial;border-color: initial;font-size: 12px;vertical-align: baseline;background-color: transparent\">Mobiliario VONDOM para terrazas contempor\u00e1neas<\/b><\/p>\n<p><a href=\"http:\/\/www.sedalinne.com\/catalogo\/articulos2.php?fam=F7T02&amp;mar=MV01\"><img decoding=\"async\" style=\"margin:0px auto 10px;text-align:center;cursor:pointer;cursor:hand;width: 400px;height: 288px\" src=\"http:\/\/www.sedalinne.com\/blog\/wp-content\/uploads\/2012\/04\/vela-300x216.jpg\" alt=\"\" id=\"BLOGGER_PHOTO_ID_5726799324519693138\" border=\"0\" \/><\/a><br \/>Desde Sedalinne proponemos la \u00faltima tendencia en decoraci\u00f3n de exteriores, tomando como mejor gu\u00eda las creaciones de <a href=\"http:\/\/www.sedalinne.com\/catalogo\/articulos2.php?fam=F7T02&amp;mar=MV01\"><span style=\"font-weight: bold\">VONDOM<\/span><\/a>. Lejos de convencionalismos, sus innovadoras propuestas visten un jard\u00edn din\u00e1mico, bello, que respira pureza y elegancia, donde la nota distintiva est\u00e1 en el \u00abmenos es m\u00e1s\u00bb.<span> <\/span><\/p>\n<p>Apostando por la <span style=\"font-weight: bold\">calidad <\/span>y las novedades m\u00e1s sobresalientes, la tienda online de complementos para el hogar Sedalinne cuenta con art\u00edculos sublimes procedentes de las \u00faltimas colecciones de la marca.<span> <\/span><\/p>\n<p>La l\u00ednea Stone dise\u00f1ada por Stefano Giovannoni y Elisa Gargan para VONDOM combina a la perfecci\u00f3n elegancia y naturaleza creando \u00abuna sinergia perfecta entre el paisaje natural y el artificial\u00bb, seg\u00fan declaraciones de los responsables de Sedalinne. Magn\u00edficos acabados y diversidad de colores en sof\u00e1s, mesas y maceteros dise\u00f1ados con opciones autorriego y la posibilidad de disponer de iluminaci\u00f3n de bajo consumo.<span> <\/span><\/p>\n<p><a href=\"http:\/\/www.sedalinne.com\/catalogo\/articulos2.php?fam=F7T02&amp;mar=MV01\"><img decoding=\"async\" style=\"margin:0px auto 10px;text-align:center;cursor:pointer;cursor:hand;width: 400px;height: 288px\" src=\"http:\/\/www.sedalinne.com\/blog\/wp-content\/uploads\/2012\/04\/sillas-2Bvertes-300x216.jpg\" alt=\"\" id=\"BLOGGER_PHOTO_ID_5726799460052643202\" border=\"0\" \/><\/a><\/p>\n<p>Forma, ergonom\u00eda, funcionalidad, ecolog\u00eda y una enorme capacidad para dejar sin palabras definen las colecciones <a href=\"http:\/\/www.sedalinne.com\/catalogo\/articulo.php?ref=MV01-0013&amp;fam=F7T02&amp;col=&amp;tam=&amp;mar=MV01\">Jut <\/a>y <a href=\"http:\/\/www.sedalinne.com\/catalogo\/articulo.php?ref=MV01-0024&amp;fam=F7T02&amp;col=&amp;tam=&amp;mar=MV01\">Vertex<\/a>, todas ellas fabricadas en resina de polietileno y materiales reciclables que garantizan un uso prolongado favoreciendo la conservaci\u00f3n del color en cada creaci\u00f3n. Desde el ultra-contempor\u00e1neo<span> <\/span><b style=\"margin: 0px;padding: 0px;border-width: 0px;vertical-align: baseline;font-size:12px;color:transparent\"><span>mobiliario para terrazas y jard\u00edn<\/span><\/b><span style=\"font-weight: bold\"> <\/span>de la l\u00ednea Vertex con formas triangulares \u2013 una de sus propuestas m\u00e1s rompedoras \u2013; o ese abanico de color que oscila entre el blanco inmaculado a las tonalidades m\u00e1s en\u00e9rgicas en las tumbonas, sillas, mesas, sillones, taburetes, sof\u00e1s y butacas de la <span style=\"font-weight: bold\">colecci\u00f3n Jut<\/span>. Estas creaciones VONDOM se integran en cualquier espacio dotando al ambiente de una elegancia vanguardista.<span> <\/span><a href=\"http:\/\/www.sedalinne.com\/catalogo\/articulos2.php?fam=F7T02&amp;mar=MV01\"><img decoding=\"async\" style=\"margin:0px auto 10px;text-align:center;cursor:pointer;cursor:hand;width: 400px;height: 288px\" src=\"http:\/\/www.sedalinne.com\/blog\/wp-content\/uploads\/2012\/04\/jut-300x216.jpg\" alt=\"\" id=\"BLOGGER_PHOTO_ID_5726800260886231378\" border=\"0\" \/><\/a><\/p>\n<p>Los grandes maestros del dise\u00f1o de mobiliario espa\u00f1ol tambi\u00e9n han dando forma a creaciones exclusivas que, bajo la la marca VONDOM, vienen decorando los jardines y terrazas de multitud de clientes. Desde Sedalinne presentamos Vela, colecci\u00f3n de muebles y maceteros<span style=\"font-weight: bold\"> dise\u00f1ados por Ram\u00f3n Esteve<\/span> cuyas l\u00edneas puras y continuas aportan un plus de \u00absingularidad en el equilibrio de las proporciones\u00bb, como destacan desde Sedalinne. Para VONDOM: <a href=\"http:\/\/www.sedalinne.com\/catalogo\/articulo.php?ref=MV01-0029&amp;fam=F7T02&amp;col=&amp;tam=&amp;mar=MV01\">REST<\/a>, el estudio A-Cero &#8211; con<span style=\"font-weight: bold\"> Joaqu\u00edn Torres y Rafael Llamazares<\/span> como insignes creadores &#8211; propone una colecci\u00f3n de tumbonas, sillones, mesas y sof\u00e1s para exteriores basados en el origami japon\u00e9s, cuyas estructuras modulares permitir\u00e1n que \u00abel cliente amolde el mobiliario a sus necesidades y espacio\u00bb.<span> <\/span><\/p>\n<p><b style=\"margin: 0px;padding: 0px;border-width: 0px;font-size: 12px;vertical-align: baseline;background-color: transparent\">Con Sedalinne, la elecci\u00f3n de <\/b><span style=\"margin: 0px;padding: 0px;border-width: 0px;vertical-align: baseline;font-size:12px;color:transparent\"><a href=\"http:\/\/www.sedalinne.com\/catalogo\/articulo.php?ref=MV01-0027&amp;fam=F7T02&amp;col=&amp;tam=&amp;mar=MV01\">maceteros <\/a>e<\/span><b style=\"margin-top: 0px;margin-right: 0px;margin-bottom: 0px;margin-left: 0px;padding-top: 0px;padding-right: 0px;padding-bottom: 0px;padding-left: 0px;border-top-width: 0px;border-right-width: 0px;border-bottom-width: 0px;border-left-width: 0px;border-style: initial;border-color: initial;font-size: 12px;vertical-align: baseline;background-color: transparent\">s una apuesta por el dise\u00f1o de vanguardia<\/b><\/p>\n<p><\/p>\n<p><a href=\"http:\/\/www.sedalinne.com\/catalogo\/articulos2.php?fam=F7T02&amp;mar=MV01\"><img decoding=\"async\" style=\"margin:0px auto 10px;text-align:center;cursor:pointer;cursor:hand;width: 400px;height: 288px\" src=\"http:\/\/www.sedalinne.com\/blog\/wp-content\/uploads\/2012\/04\/alma-300x216.jpg\" alt=\"\" id=\"BLOGGER_PHOTO_ID_5726799568444205122\" border=\"0\" \/><\/a><\/p>\n<p>En un jard\u00edn, las flores, arbustos y plantas son un elemento esencial para el que Sedalinne ha dado con los complementos perfectos. Desde las creaciones de <span style=\"font-weight: bold\">VONDOM,<\/span> el <span style=\"font-weight: bold\">dise\u00f1o <\/span>m\u00e1s <span style=\"font-weight: bold\">innovador y minimalista<\/span> reinventa los cl\u00e1sicos maceteros dando resultados \u00fanicos. Desde los <span style=\"font-weight: bold\">maceteros<\/span> de formas rocosas de la l\u00ednea <a href=\"http:\/\/www.sedalinne.com\/catalogo\/articulo.php?ref=MV01-0035&amp;fam=F7T02&amp;col=&amp;tam=&amp;mar=MV01\">Stone<\/a>, la magia y la sencilla elegancia sorprende en la colecci\u00f3n<a href=\"http:\/\/www.sedalinne.com\/catalogo\/articulo.php?ref=MV01-0028&amp;fam=F7T02&amp;col=&amp;tam=&amp;mar=MV01\"> Alma<\/a> con maceteros blancos inspirados en la naturaleza cuyas formas estilizadas recuerdan al tallo de las plantas. Ideales tanto para su ubicaci\u00f3n en <span style=\"font-weight: bold\">interiores y exteriores<\/span>, forman un magn\u00edfica conjunci\u00f3n decorativa y funcional.<span> <\/span><\/p>\n<p>Con sofisticadas texturas, los <span style=\"font-weight: bold\"><a href=\"http:\/\/www.sedalinne.com\/catalogo\/articulo.php?ref=MV01-0026&amp;fam=F7T02&amp;col=&amp;tam=&amp;mar=MV01\">maceteros Fang<\/a> <\/span>se presentan en todo tipo de formas y colores. <span style=\"font-weight: bold\">Cil\u00edndricos<\/span> o <span style=\"font-weight: bold\">cuadrados<\/span>, en tonalidades discretas o vibrantes, Sedalinne lleva hasta su casa una de las colecciones m\u00e1s exitosas de VONDOM por su fuerza, belleza y calidez.<span> <\/span><\/p>\n<p><a href=\"http:\/\/www.sedalinne.com\/catalogo\/articulos2.php?fam=F7T02&amp;mar=MV01\"><img decoding=\"async\" style=\"margin:0px auto 10px;text-align:center;cursor:pointer;cursor:hand;width: 400px;height: 288px\" src=\"http:\/\/www.sedalinne.com\/blog\/wp-content\/uploads\/2012\/04\/fanc-300x216.jpg\" alt=\"\" id=\"BLOGGER_PHOTO_ID_5726800338282200914\" border=\"0\" \/><\/a><\/p>\n<p>Los <a href=\"http:\/\/www.sedalinne.com\/catalogo\/articulo.php?ref=MV01-0037&amp;fam=F7T02&amp;col=&amp;tam=&amp;mar=MV01\">maceteros Momas<\/a> son la gran aportaci\u00f3n de <span style=\"font-weight: bold\">Javier Mariscal<\/span>, nombre clave del dise\u00f1o espa\u00f1ol, a la firma VONDOM. Sedalinne pone al alcance del cliente unos maceteros coloristas y atemporales que, gracias a su juego de formas \u00abbarrigudas\u00bb, facilitan su adaptaci\u00f3n a todo tipo de espacio.<span> <\/span><\/p>\n<p>La <span style=\"font-weight: bold\">arquitectura de vanguardia <\/span>se integra en <span style=\"font-weight: bold\">terrazas y jardines <\/span>de la mano de las numerosas propuestas seleccionadas por Sedalinne, la tienda online de referencia en moda de hogar que lleva hasta los hogares las <span style=\"font-weight: bold\">\u00faltimas tendencias en decoraci\u00f3n de exteriores dise\u00f1adas por VONDOM<\/span>.<\/p>\n<p><!--more--><\/p>\n","protected":false},"excerpt":{"rendered":"<p>La firma VONDOM sorprende con mobiliario y maceteros \u00fanicos, elevando la decoraci\u00f3n de exteriores al punto m\u00e1s sublime de originalidad y distinci\u00f3n. El cat\u00e1logo online de Sedalinne pone el acento en la decoraci\u00f3n de jardines y terrazas con innovadoras ideas, todas ellas esculpidas bajo la maestr\u00eda de VONDOM, nombre con may\u00fasculas en el dise\u00f1o de &hellip; <a href=\"https:\/\/www.sedalinne.com\/blog\/terraza-y-jardin-de-vanguardia\/\" class=\"more-link\">Contin\u00faa leyendo <span class=\"screen-reader-text\">Terraza y jard\u00edn de vanguardia.<\/span><\/a><\/p>\n","protected":false},"author":2,"featured_media":2302,"comment_status":"open","ping_status":"open","sticky":false,"template":"","format":"standard","meta":{"_mi_skip_tracking":false,"_jetpack_memberships_contains_paid_content":false,"footnotes":""},"categories":[7,4,23,20],"tags":[],"aioseo_notices":[],"jetpack_sharing_enabled":true,"jetpack_featured_media_url":"https:\/\/www.sedalinne.com\/blog\/wp-content\/uploads\/2012\/04\/vela.jpg","_links":{"self":[{"href":"https:\/\/www.sedalinne.com\/blog\/wp-json\/wp\/v2\/posts\/302"}],"collection":[{"href":"https:\/\/www.sedalinne.com\/blog\/wp-json\/wp\/v2\/posts"}],"about":[{"href":"https:\/\/www.sedalinne.com\/blog\/wp-json\/wp\/v2\/types\/post"}],"author":[{"embeddable":true,"href":"https:\/\/www.sedalinne.com\/blog\/wp-json\/wp\/v2\/users\/2"}],"replies":[{"embeddable":true,"href":"https:\/\/www.sedalinne.com\/blog\/wp-json\/wp\/v2\/comments?post=302"}],"version-history":[{"count":1,"href":"https:\/\/www.sedalinne.com\/blog\/wp-json\/wp\/v2\/posts\/302\/revisions"}],"predecessor-version":[{"id":4459,"href":"https:\/\/www.sedalinne.com\/blog\/wp-json\/wp\/v2\/posts\/302\/revisions\/4459"}],"wp:featuredmedia":[{"embeddable":true,"href":"https:\/\/www.sedalinne.com\/blog\/wp-json\/wp\/v2\/media\/2302"}],"wp:attachment":[{"href":"https:\/\/www.sedalinne.com\/blog\/wp-json\/wp\/v2\/media?parent=302"}],"wp:term":[{"taxonomy":"category","embeddable":true,"href":"https:\/\/www.sedalinne.com\/blog\/wp-json\/wp\/v2\/categories?post=302"},{"taxonomy":"post_tag","embeddable":true,"href":"https:\/\/www.sedalinne.com\/blog\/wp-json\/wp\/v2\/tags?post=302"}],"curies":[{"name":"wp","href":"https:\/\/api.w.org\/{rel}","templated":true}]}}