{"id":286,"date":"2012-05-11T13:26:00","date_gmt":"2012-05-11T13:26:00","guid":{"rendered":"http:\/\/www.sedalinne.com\/blog\/?p=286"},"modified":"2018-10-11T07:46:37","modified_gmt":"2018-10-11T07:46:37","slug":"nuevos-disenos-en-textiles-de-agatha-ruiz-de-la-prada","status":"publish","type":"post","link":"https:\/\/www.sedalinne.com\/blog\/nuevos-disenos-en-textiles-de-agatha-ruiz-de-la-prada\/","title":{"rendered":"Nuevos dise\u00f1os en textiles de AGATHA RUIZ DE LA PRADA."},"content":{"rendered":"\n\n<div class=\"kk-star-ratings kksr-auto kksr-align-left kksr-valign-top\"\n    data-payload='{&quot;align&quot;:&quot;left&quot;,&quot;id&quot;:&quot;286&quot;,&quot;slug&quot;:&quot;default&quot;,&quot;valign&quot;:&quot;top&quot;,&quot;ignore&quot;:&quot;&quot;,&quot;reference&quot;:&quot;auto&quot;,&quot;class&quot;:&quot;&quot;,&quot;count&quot;:&quot;0&quot;,&quot;legendonly&quot;:&quot;&quot;,&quot;readonly&quot;:&quot;&quot;,&quot;score&quot;:&quot;0&quot;,&quot;starsonly&quot;:&quot;&quot;,&quot;best&quot;:&quot;5&quot;,&quot;gap&quot;:&quot;5&quot;,&quot;greet&quot;:&quot;Rate this post&quot;,&quot;legend&quot;:&quot;0\\\/5 - (0 votos)&quot;,&quot;size&quot;:&quot;24&quot;,&quot;width&quot;:&quot;0&quot;,&quot;_legend&quot;:&quot;{score}\\\/{best} - ({count} {votes})&quot;,&quot;font_factor&quot;:&quot;1.25&quot;}'>\n            \n<div class=\"kksr-stars\">\n    \n<div class=\"kksr-stars-inactive\">\n            <div class=\"kksr-star\" data-star=\"1\" style=\"padding-right: 5px\">\n            \n\n<div class=\"kksr-icon\" style=\"width: 24px; height: 24px;\"><\/div>\n        <\/div>\n            <div class=\"kksr-star\" data-star=\"2\" style=\"padding-right: 5px\">\n            \n\n<div class=\"kksr-icon\" style=\"width: 24px; height: 24px;\"><\/div>\n        <\/div>\n            <div class=\"kksr-star\" data-star=\"3\" style=\"padding-right: 5px\">\n            \n\n<div class=\"kksr-icon\" style=\"width: 24px; height: 24px;\"><\/div>\n        <\/div>\n            <div class=\"kksr-star\" data-star=\"4\" style=\"padding-right: 5px\">\n            \n\n<div class=\"kksr-icon\" style=\"width: 24px; height: 24px;\"><\/div>\n        <\/div>\n            <div class=\"kksr-star\" data-star=\"5\" style=\"padding-right: 5px\">\n            \n\n<div class=\"kksr-icon\" style=\"width: 24px; height: 24px;\"><\/div>\n        <\/div>\n    <\/div>\n    \n<div class=\"kksr-stars-active\" style=\"width: 0px;\">\n            <div class=\"kksr-star\" style=\"padding-right: 5px\">\n            \n\n<div class=\"kksr-icon\" style=\"width: 24px; height: 24px;\"><\/div>\n        <\/div>\n            <div class=\"kksr-star\" style=\"padding-right: 5px\">\n            \n\n<div class=\"kksr-icon\" style=\"width: 24px; height: 24px;\"><\/div>\n        <\/div>\n            <div class=\"kksr-star\" style=\"padding-right: 5px\">\n            \n\n<div class=\"kksr-icon\" style=\"width: 24px; height: 24px;\"><\/div>\n        <\/div>\n            <div class=\"kksr-star\" style=\"padding-right: 5px\">\n            \n\n<div class=\"kksr-icon\" style=\"width: 24px; height: 24px;\"><\/div>\n        <\/div>\n            <div class=\"kksr-star\" style=\"padding-right: 5px\">\n            \n\n<div class=\"kksr-icon\" style=\"width: 24px; height: 24px;\"><\/div>\n        <\/div>\n    <\/div>\n<\/div>\n                \n\n<div class=\"kksr-legend\" style=\"font-size: 19.2px;\">\n            <span class=\"kksr-muted\">Rate this post<\/span>\n    <\/div>\n    <\/div>\n<h2> <a href=\"http:\/\/www.sedalinne.com\/catalogo\/articulos2.php?fam=F4&amp;mar=MA06\">Agatha Ru\u00edz de la Prada<\/a>, ha incorparado recientemente dos <b>dise\u00f1os nuevos <\/b>a su <b>cat\u00e1logo<\/b> de rizo y noche.<\/h2>\n<h3>Hablamos de los modelos <b>GILDA y ASTRID<\/b>. Estos dise\u00f1os est\u00e1n disponibles en <a href=\"http:\/\/www.sedalinne.com\/catalogo\/articulos2.php?fam=F4S01&amp;mar=MA06\">s\u00e1banas<\/a>, <a href=\"http:\/\/www.sedalinne.com\/catalogo\/articulos2.php?fam=F4F01&amp;mar=MA06\">fundas n\u00f3rdicas <\/a>&nbsp;y <a href=\"http:\/\/www.sedalinne.com\/catalogo\/articulos2.php?fam=F4T02&amp;mar=MA06\">toallas<\/a>. <\/h3>\n<p><\/p>\n<table align=\"center\" cellpadding=\"0\" cellspacing=\"0\" style=\"float: left;margin-right: 1em;text-align: left\">\n<tbody>\n<tr>\n<td style=\"text-align: center\"><span style=\"margin-left: auto;margin-right: auto\"><a href=\"http:\/\/www.blogger.com\/goog_312057711\"><img loading=\"lazy\" decoding=\"async\" alt=\"s\u00e1banas astrid AGATHA RUIZ DE LA PRADA\" border=\"0\" height=\"143\" src=\"http:\/\/www.sedalinne.com\/blog\/wp-content\/uploads\/2012\/05\/MA06-0043-300x216.jpg\" title=\"\" width=\"200\" \/><\/a><\/span><\/td>\n<\/tr>\n<tr>\n<td style=\"text-align: center\"><a href=\"http:\/\/www.sedalinne.com\/catalogo\/articulo.php?ref=MA06-0043&amp;fam=F4T02&amp;col=&amp;tam=&amp;mar=MA06\">s\u00e1banas astrid<\/a><\/td>\n<\/tr>\n<\/tbody>\n<\/table>\n<p><\/p>\n<table align=\"center\" cellpadding=\"0\" cellspacing=\"0\" style=\"margin-left: auto;margin-right: auto;text-align: center\">\n<tbody>\n<tr>\n<td style=\"text-align: center\"><span style=\"margin-left: auto;margin-right: auto\"><a href=\"http:\/\/www.blogger.com\/goog_312057716\"><img loading=\"lazy\" decoding=\"async\" border=\"0\" height=\"143\" src=\"http:\/\/www.sedalinne.com\/blog\/wp-content\/uploads\/2012\/05\/MA06-0044-300x216.jpg\" width=\"200\" \/><\/a><\/span><\/td>\n<\/tr>\n<tr>\n<td style=\"text-align: center\"><a href=\"http:\/\/www.sedalinne.com\/catalogo\/articulo.php?ref=MA06-0044&amp;fam=F4S01&amp;col=&amp;tam=&amp;mar=MA06\">fundas n\u00f3rdicas astrid<\/a><\/td>\n<\/tr>\n<\/tbody>\n<\/table>\n<table align=\"center\" cellpadding=\"0\" cellspacing=\"0\" style=\"float: left;margin-right: 1em;text-align: left\">\n<tbody>\n<tr>\n<td style=\"text-align: center\"><span style=\"margin-left: auto;margin-right: auto\"><a href=\"http:\/\/www.blogger.com\/goog_312057721\"><img loading=\"lazy\" decoding=\"async\" border=\"0\" height=\"143\" src=\"http:\/\/www.sedalinne.com\/blog\/wp-content\/uploads\/2012\/05\/MA06-0045-300x216.jpg\" width=\"200\" \/><\/a><\/span><\/td>\n<\/tr>\n<tr>\n<td style=\"text-align: center\"><a href=\"http:\/\/www.sedalinne.com\/catalogo\/articulo.php?ref=MA06-0045&amp;fam=&amp;col=&amp;tam=&amp;mar=\">s\u00e1banas gilda<\/a><\/td>\n<\/tr>\n<\/tbody>\n<\/table>\n<p><\/p>\n<table align=\"center\" cellpadding=\"0\" cellspacing=\"0\" style=\"margin-left: auto;margin-right: auto;text-align: center\">\n<tbody>\n<tr>\n<td><span style=\"margin-left: auto;margin-right: auto\"><a href=\"http:\/\/www.blogger.com\/goog_312057726\"><img loading=\"lazy\" decoding=\"async\" border=\"0\" height=\"143\" src=\"http:\/\/www.sedalinne.com\/blog\/wp-content\/uploads\/2012\/05\/MA06-0046-400-300x216.jpg\" width=\"200\" \/><\/a><\/span><\/td>\n<\/tr>\n<tr>\n<td style=\"font-size: 13px\"><a href=\"http:\/\/www.sedalinne.com\/catalogo\/articulo.php?ref=MA06-0046&amp;fam=F4T02&amp;col=&amp;tam=&amp;mar=\">fundas n\u00f3rdicas gilda<\/a><\/td>\n<\/tr>\n<\/tbody>\n<\/table>\n<p><\/p>\n<table align=\"center\" cellpadding=\"0\" cellspacing=\"0\" style=\"clear: right;float: left;margin-bottom: 1em;margin-right: 1em;text-align: left\">\n<tbody>\n<tr>\n<td style=\"text-align: center\"><span style=\"margin-left: auto;margin-right: auto\"><a href=\"http:\/\/www.blogger.com\/goog_312057738\"><img loading=\"lazy\" decoding=\"async\" border=\"0\" height=\"143\" src=\"http:\/\/www.sedalinne.com\/blog\/wp-content\/uploads\/2012\/05\/MA06-0048-400-300x216.jpg\" width=\"200\" \/><\/a><\/span><\/td>\n<\/tr>\n<tr>\n<td style=\"text-align: center\"><a href=\"http:\/\/www.sedalinne.com\/catalogo\/articulo.php?ref=MA06-0048&amp;fam=F4F01&amp;col=&amp;tam=&amp;mar=\">toallas gilda<\/a><\/td>\n<\/tr>\n<\/tbody>\n<\/table>\n<table align=\"center\" cellpadding=\"0\" cellspacing=\"0\" style=\"margin-left: auto;margin-right: auto;text-align: center\">\n<tbody>\n<tr>\n<td style=\"text-align: center\"><span style=\"margin-left: auto;margin-right: auto\"><a href=\"http:\/\/www.blogger.com\/goog_312057706\"><img loading=\"lazy\" decoding=\"async\" border=\"0\" height=\"143\" src=\"http:\/\/www.sedalinne.com\/blog\/wp-content\/uploads\/2012\/05\/MA06-0047-900-300x216.jpg\" width=\"200\" \/><\/a><\/span><\/td>\n<\/tr>\n<tr>\n<td style=\"font-size: 13px;text-align: center\"><a href=\"http:\/\/www.sedalinne.com\/catalogo\/articulo.php?ref=MA06-0047&amp;fam=F4T02&amp;col=&amp;tam=&amp;mar=MA06\">toallas astrid<\/a><\/td>\n<\/tr>\n<\/tbody>\n<\/table>\n<div style=\"text-align: left\"><\/div>\n<div style=\"text-align: left\"><\/div>\n<div style=\"text-align: left\"><a href=\"http:\/\/www.sedalinne.com\/blog\/?p=375\">Agatha Ru\u00edz de la Prada en el hogar.<\/a><\/div>\n<div style=\"clear: both;text-align: center\"><\/div>\n<p><!--more--><\/p>\n","protected":false},"excerpt":{"rendered":"<p>Agatha Ru\u00edz de la Prada, ha incorparado recientemente dos dise\u00f1os nuevos a su cat\u00e1logo de rizo y noche. Hablamos de los modelos GILDA y ASTRID. Estos dise\u00f1os est\u00e1n disponibles en s\u00e1banas, fundas n\u00f3rdicas &nbsp;y toallas. s\u00e1banas astrid fundas n\u00f3rdicas astrid s\u00e1banas gilda fundas n\u00f3rdicas gilda toallas gilda toallas astrid Agatha Ru\u00edz de la Prada en &hellip; <a href=\"https:\/\/www.sedalinne.com\/blog\/nuevos-disenos-en-textiles-de-agatha-ruiz-de-la-prada\/\" class=\"more-link\">Contin\u00faa leyendo <span class=\"screen-reader-text\">Nuevos dise\u00f1os en textiles de AGATHA RUIZ DE LA PRADA.<\/span><\/a><\/p>\n","protected":false},"author":2,"featured_media":2240,"comment_status":"open","ping_status":"open","sticky":false,"template":"","format":"standard","meta":{"_mi_skip_tracking":false,"_jetpack_memberships_contains_paid_content":false,"footnotes":""},"categories":[5,11,2,7,17],"tags":[],"aioseo_notices":[],"jetpack_sharing_enabled":true,"jetpack_featured_media_url":"https:\/\/www.sedalinne.com\/blog\/wp-content\/uploads\/2012\/05\/MA06-0043.jpg","_links":{"self":[{"href":"https:\/\/www.sedalinne.com\/blog\/wp-json\/wp\/v2\/posts\/286"}],"collection":[{"href":"https:\/\/www.sedalinne.com\/blog\/wp-json\/wp\/v2\/posts"}],"about":[{"href":"https:\/\/www.sedalinne.com\/blog\/wp-json\/wp\/v2\/types\/post"}],"author":[{"embeddable":true,"href":"https:\/\/www.sedalinne.com\/blog\/wp-json\/wp\/v2\/users\/2"}],"replies":[{"embeddable":true,"href":"https:\/\/www.sedalinne.com\/blog\/wp-json\/wp\/v2\/comments?post=286"}],"version-history":[{"count":1,"href":"https:\/\/www.sedalinne.com\/blog\/wp-json\/wp\/v2\/posts\/286\/revisions"}],"predecessor-version":[{"id":4443,"href":"https:\/\/www.sedalinne.com\/blog\/wp-json\/wp\/v2\/posts\/286\/revisions\/4443"}],"wp:featuredmedia":[{"embeddable":true,"href":"https:\/\/www.sedalinne.com\/blog\/wp-json\/wp\/v2\/media\/2240"}],"wp:attachment":[{"href":"https:\/\/www.sedalinne.com\/blog\/wp-json\/wp\/v2\/media?parent=286"}],"wp:term":[{"taxonomy":"category","embeddable":true,"href":"https:\/\/www.sedalinne.com\/blog\/wp-json\/wp\/v2\/categories?post=286"},{"taxonomy":"post_tag","embeddable":true,"href":"https:\/\/www.sedalinne.com\/blog\/wp-json\/wp\/v2\/tags?post=286"}],"curies":[{"name":"wp","href":"https:\/\/api.w.org\/{rel}","templated":true}]}}