{"id":283,"date":"2012-05-16T16:06:00","date_gmt":"2012-05-16T16:06:00","guid":{"rendered":"http:\/\/www.sedalinne.com\/blog\/?p=283"},"modified":"2018-10-11T07:46:36","modified_gmt":"2018-10-11T07:46:36","slug":"decoracion-veraniega","status":"publish","type":"post","link":"https:\/\/www.sedalinne.com\/blog\/decoracion-veraniega\/","title":{"rendered":"Decoraci\u00f3n veraniega."},"content":{"rendered":"\n\n<div class=\"kk-star-ratings kksr-auto kksr-align-left kksr-valign-top\"\n    data-payload='{&quot;align&quot;:&quot;left&quot;,&quot;id&quot;:&quot;283&quot;,&quot;slug&quot;:&quot;default&quot;,&quot;valign&quot;:&quot;top&quot;,&quot;ignore&quot;:&quot;&quot;,&quot;reference&quot;:&quot;auto&quot;,&quot;class&quot;:&quot;&quot;,&quot;count&quot;:&quot;0&quot;,&quot;legendonly&quot;:&quot;&quot;,&quot;readonly&quot;:&quot;&quot;,&quot;score&quot;:&quot;0&quot;,&quot;starsonly&quot;:&quot;&quot;,&quot;best&quot;:&quot;5&quot;,&quot;gap&quot;:&quot;5&quot;,&quot;greet&quot;:&quot;Rate this post&quot;,&quot;legend&quot;:&quot;0\\\/5 - (0 votos)&quot;,&quot;size&quot;:&quot;24&quot;,&quot;width&quot;:&quot;0&quot;,&quot;_legend&quot;:&quot;{score}\\\/{best} - ({count} {votes})&quot;,&quot;font_factor&quot;:&quot;1.25&quot;}'>\n            \n<div class=\"kksr-stars\">\n    \n<div class=\"kksr-stars-inactive\">\n            <div class=\"kksr-star\" data-star=\"1\" style=\"padding-right: 5px\">\n            \n\n<div class=\"kksr-icon\" style=\"width: 24px; height: 24px;\"><\/div>\n        <\/div>\n            <div class=\"kksr-star\" data-star=\"2\" style=\"padding-right: 5px\">\n            \n\n<div class=\"kksr-icon\" style=\"width: 24px; height: 24px;\"><\/div>\n        <\/div>\n            <div class=\"kksr-star\" data-star=\"3\" style=\"padding-right: 5px\">\n            \n\n<div class=\"kksr-icon\" style=\"width: 24px; height: 24px;\"><\/div>\n        <\/div>\n            <div class=\"kksr-star\" data-star=\"4\" style=\"padding-right: 5px\">\n            \n\n<div class=\"kksr-icon\" style=\"width: 24px; height: 24px;\"><\/div>\n        <\/div>\n            <div class=\"kksr-star\" data-star=\"5\" style=\"padding-right: 5px\">\n            \n\n<div class=\"kksr-icon\" style=\"width: 24px; height: 24px;\"><\/div>\n        <\/div>\n    <\/div>\n    \n<div class=\"kksr-stars-active\" style=\"width: 0px;\">\n            <div class=\"kksr-star\" style=\"padding-right: 5px\">\n            \n\n<div class=\"kksr-icon\" style=\"width: 24px; height: 24px;\"><\/div>\n        <\/div>\n            <div class=\"kksr-star\" style=\"padding-right: 5px\">\n            \n\n<div class=\"kksr-icon\" style=\"width: 24px; height: 24px;\"><\/div>\n        <\/div>\n            <div class=\"kksr-star\" style=\"padding-right: 5px\">\n            \n\n<div class=\"kksr-icon\" style=\"width: 24px; height: 24px;\"><\/div>\n        <\/div>\n            <div class=\"kksr-star\" style=\"padding-right: 5px\">\n            \n\n<div class=\"kksr-icon\" style=\"width: 24px; height: 24px;\"><\/div>\n        <\/div>\n            <div class=\"kksr-star\" style=\"padding-right: 5px\">\n            \n\n<div class=\"kksr-icon\" style=\"width: 24px; height: 24px;\"><\/div>\n        <\/div>\n    <\/div>\n<\/div>\n                \n\n<div class=\"kksr-legend\" style=\"font-size: 19.2px;\">\n            <span class=\"kksr-muted\">Rate this post<\/span>\n    <\/div>\n    <\/div>\n<h3 style=\"text-align: justify\">      El aumento de horas de luz y temperatura,&nbsp; nos abre el instinto de <b>decorar<\/b> con <b>colores alegres<\/b> que llenen de luz nuestras estancias.<\/h3>\n<table cellpadding=\"0\" cellspacing=\"0\" style=\"float: left;text-align: left\">\n<tbody>\n<tr>\n<td style=\"text-align: center\"><a href=\"http:\/\/www.blogger.com\/goog_47903447\" style=\"clear: left;margin-bottom: 1em;margin-left: auto;margin-right: auto\"><img loading=\"lazy\" decoding=\"async\" border=\"0\" height=\"143\" src=\"http:\/\/www.sedalinne.com\/blog\/wp-content\/uploads\/2012\/05\/sabanas-devota-300x216.jpg\" width=\"200\" \/><\/a><\/td>\n<\/tr>\n<tr>\n<td style=\"text-align: center\"><a href=\"http:\/\/www.sedalinne.com\/catalogo\/articulos2.php?fam=F1&amp;mar=MD01\">s\u00e1banas Devota &amp; Lomba<\/a><\/td>\n<\/tr>\n<\/tbody>\n<\/table>\n<table cellpadding=\"0\" cellspacing=\"0\" style=\"clear: right;float: right;margin-bottom: 1em;text-align: right\">\n<tbody>\n<tr>\n<td style=\"text-align: center\"><a href=\"http:\/\/www.blogger.com\/goog_47903394\" style=\"clear: right;margin-bottom: 1em;margin-left: auto;margin-right: auto\"><img loading=\"lazy\" decoding=\"async\" border=\"0\" height=\"143\" src=\"http:\/\/www.sedalinne.com\/blog\/wp-content\/uploads\/2012\/05\/sabanas-verdi-300x216.jpg\" width=\"200\" \/><\/a><\/td>\n<\/tr>\n<tr>\n<td style=\"text-align: center\"><a href=\"http:\/\/www.sedalinne.com\/catalogo\/articulos2.php?fam=F1&amp;mar=MM05\">s\u00e1banas Mar Flores<\/a><\/td>\n<\/tr>\n<\/tbody>\n<\/table>\n<h3 style=\"text-align: justify\">   &nbsp;<\/h3>\n<h3 style=\"text-align: justify\">   &nbsp;<\/h3>\n<h3 style=\"text-align: justify\">   <\/h3>\n<h3 style=\"text-align: justify\">  &nbsp;<\/h3>\n<h3 style=\"text-align: justify\"> &nbsp;<\/h3>\n<h3 style=\"text-align: justify\"> &nbsp;<\/h3>\n<h3 style=\"text-align: justify\"> Es el momento de aprovechar para renovar colores y aportar m\u00e1s luminosidad a nuestro<a href=\"http:\/\/www.sedalinne.com\/catalogo\/marcas.php?fam=F1\"><b> hogar<\/b><\/a> .<\/h3>\n<div style=\"text-align: justify\">\n<table cellpadding=\"0\" cellspacing=\"0\" style=\"float: left;text-align: left\">\n<tbody>\n<tr>\n<td style=\"text-align: center\"><a href=\"http:\/\/www.blogger.com\/goog_47903400\" style=\"clear: left;margin-bottom: 1em;margin-left: auto;margin-right: auto\"><img loading=\"lazy\" decoding=\"async\" border=\"0\" height=\"143\" src=\"http:\/\/www.sedalinne.com\/blog\/wp-content\/uploads\/2012\/05\/colcha-liverpool-300x216.jpg\" width=\"200\" \/><\/a><\/td>\n<\/tr>\n<tr>\n<td style=\"text-align: center\"><a href=\"http:\/\/www.sedalinne.com\/catalogo\/articulos2.php?fam=F1&amp;mar=MP02\">colcha Pierre Cardin<\/a><\/td>\n<\/tr>\n<\/tbody>\n<\/table>\n<table cellpadding=\"0\" cellspacing=\"0\" style=\"float: right;text-align: right\">\n<tbody>\n<tr>\n<td style=\"text-align: center\"><a href=\"http:\/\/www.blogger.com\/goog_47903406\" style=\"clear: right;margin-bottom: 1em;margin-left: auto;margin-right: auto\"><img loading=\"lazy\" decoding=\"async\" border=\"0\" height=\"143\" src=\"http:\/\/www.sedalinne.com\/blog\/wp-content\/uploads\/2012\/05\/colcha-narbona-300x216.jpg\" width=\"200\" \/><\/a><\/td>\n<\/tr>\n<tr>\n<td style=\"text-align: center\"><a href=\"http:\/\/www.sedalinne.com\/catalogo\/articulos2.php?fam=F1&amp;mar=MR02\">Colcha Revert<\/a><\/td>\n<\/tr>\n<\/tbody>\n<\/table>\n<p><\/div>\n<div style=\"text-align: justify\">Para conseguir una <b>decoraci\u00f3n veraniega<\/b> te damos unos <b>consejos<\/b>:<\/div>\n<div style=\"text-align: justify\">\n<\/div>\n<ul style=\"text-align: justify\">\n<li>La frescura la podemos conseguir por medio de los <b>textiles<\/b> de colores, <a href=\"http:\/\/www.sedalinne.com\/catalogo\/articulos2.php?fam=F7C01&amp;buscador=1&amp;col=&amp;tam=&amp;mar=&amp;x=26&amp;y=17\"><b>cojines<\/b><\/a> y<a href=\"http:\/\/www.sedalinne.com\/catalogo\/marcas.php?fam=F7\"> <b>complentos<\/b><\/a>.<\/li>\n<li>Intenta elegir art\u00edculos de <a href=\"http:\/\/www.sedalinne.com\/catalogo\/marcas.php?fam=F1\"><b>cama<\/b><\/a> (<a href=\"http:\/\/www.sedalinne.com\/catalogo\/marcas.php?fam=F1S07\">s\u00e1banas<\/a>, <a href=\"http:\/\/www.sedalinne.com\/catalogo\/marcas.php?fam=F1C05\">colchas<\/a>, <a href=\"http:\/\/www.sedalinne.com\/catalogo\/marcas.php?fam=F1F03\">fundas n\u00f3rdicas<\/a>) de <b>algod\u00f3n,<\/b> porque son m\u00e1s <b>frescos<\/b> y son m\u00e1s<b> transpirables<\/b>.<\/li>\n<\/ul>\n<ul style=\"text-align: justify\">\n<li>Si va a pintar una habitaci\u00f3n de color, no lo haga en sus cuatro paredes. Es mejor pintar una o m\u00e1ximo dos paredes y el resto en blanco. As\u00ed crearemos contraste y adem\u00e1s dejaremos que el blanco atraiga la luz.<\/li>\n<\/ul>\n<ul style=\"text-align: justify\">\n<li>Cambie sus <a href=\"http:\/\/www.sedalinne.com\/catalogo\/marcas.php?fam=F7C04\"><b>cortinas<\/b><\/a><b> <\/b>gruesas por unas m\u00e1s livianas.<\/li>\n<\/ul>\n<ul style=\"text-align: justify\">\n<li>Las <b>flores <\/b>llenan de colororido y aroma, ( se recomienda colocarlas en los lugares m\u00e1s apagados.)<\/li>\n<\/ul>\n<div style=\"clear: both;text-align: center\"><\/div>\n<p><a href=\"http:\/\/www.sedalinne.com\/catalogo\/articulos2.php?fam=F1&amp;mar=MD01\"><\/a><\/p>\n<div style=\"clear: both;text-align: center\"><a href=\"http:\/\/3.bp.blogspot.com\/-lYDw4BLlIrY\/T7POovtzJ1I\/AAAAAAAACW4\/_XeLoCrX_NE\/s1600\/sabanas+devota.jpg\" style=\"clear: left;float: left;margin-bottom: 1em;margin-right: 1em\"><\/a> <a href=\"http:\/\/3.bp.blogspot.com\/-lYDw4BLlIrY\/T7POovtzJ1I\/AAAAAAAACW4\/_XeLoCrX_NE\/s1600\/sabanas+devota.jpg\" style=\"clear: left;float: left;margin-bottom: 1em;margin-right: 1em\"><br \/><\/a><\/div>\n<div style=\"clear: both;text-align: center\"><\/div>\n<table cellpadding=\"0\" cellspacing=\"0\" style=\"float: left;text-align: left\">\n<tbody>\n<tr>\n<td style=\"text-align: center\"><a href=\"http:\/\/www.blogger.com\/goog_47903412\" style=\"clear: left;margin-bottom: 1em;margin-left: auto;margin-right: auto\"><img loading=\"lazy\" decoding=\"async\" border=\"0\" height=\"228\" src=\"http:\/\/www.sedalinne.com\/blog\/wp-content\/uploads\/2012\/05\/cojin-elis-300x216.jpg\" width=\"320\" \/><\/a><\/td>\n<\/tr>\n<tr>\n<td style=\"text-align: center\"><a href=\"http:\/\/www.sedalinne.com\/catalogo\/articulos2.php?fam=F7&amp;mar=MA01\">cojines Antilo<\/a><\/td>\n<\/tr>\n<\/tbody>\n<\/table>\n<table cellpadding=\"0\" cellspacing=\"0\" style=\"float: right;text-align: right\">\n<tbody>\n<tr>\n<td style=\"text-align: center\"><a href=\"http:\/\/www.blogger.com\/goog_47903418\" style=\"clear: right;margin-bottom: 1em;margin-left: auto;margin-right: auto\"><img loading=\"lazy\" decoding=\"async\" border=\"0\" height=\"228\" src=\"http:\/\/www.sedalinne.com\/blog\/wp-content\/uploads\/2012\/05\/cojin-lunar-300x216.jpg\" width=\"320\" \/><\/a><\/td>\n<\/tr>\n<tr>\n<td style=\"text-align: center\"><a href=\"http:\/\/www.sedalinne.com\/catalogo\/articulos2.php?fam=F7&amp;mar=MV03\">cojines V &amp; L<\/a><\/td>\n<\/tr>\n<\/tbody>\n<\/table>\n<p><!--more--><\/p>\n","protected":false},"excerpt":{"rendered":"<p>El aumento de horas de luz y temperatura,&nbsp; nos abre el instinto de decorar con colores alegres que llenen de luz nuestras estancias. s\u00e1banas Devota &amp; Lomba s\u00e1banas Mar Flores &nbsp; &nbsp; &nbsp; &nbsp; &nbsp; Es el momento de aprovechar para renovar colores y aportar m\u00e1s luminosidad a nuestro hogar . colcha Pierre Cardin Colcha &hellip; <a href=\"https:\/\/www.sedalinne.com\/blog\/decoracion-veraniega\/\" class=\"more-link\">Contin\u00faa leyendo <span class=\"screen-reader-text\">Decoraci\u00f3n veraniega.<\/span><\/a><\/p>\n","protected":false},"author":2,"featured_media":2227,"comment_status":"open","ping_status":"open","sticky":false,"template":"","format":"standard","meta":{"_mi_skip_tracking":false,"_jetpack_memberships_contains_paid_content":false,"footnotes":""},"categories":[1],"tags":[],"aioseo_notices":[],"jetpack_sharing_enabled":true,"jetpack_featured_media_url":"https:\/\/www.sedalinne.com\/blog\/wp-content\/uploads\/2012\/05\/sabanas-devota.jpg","_links":{"self":[{"href":"https:\/\/www.sedalinne.com\/blog\/wp-json\/wp\/v2\/posts\/283"}],"collection":[{"href":"https:\/\/www.sedalinne.com\/blog\/wp-json\/wp\/v2\/posts"}],"about":[{"href":"https:\/\/www.sedalinne.com\/blog\/wp-json\/wp\/v2\/types\/post"}],"author":[{"embeddable":true,"href":"https:\/\/www.sedalinne.com\/blog\/wp-json\/wp\/v2\/users\/2"}],"replies":[{"embeddable":true,"href":"https:\/\/www.sedalinne.com\/blog\/wp-json\/wp\/v2\/comments?post=283"}],"version-history":[{"count":1,"href":"https:\/\/www.sedalinne.com\/blog\/wp-json\/wp\/v2\/posts\/283\/revisions"}],"predecessor-version":[{"id":4440,"href":"https:\/\/www.sedalinne.com\/blog\/wp-json\/wp\/v2\/posts\/283\/revisions\/4440"}],"wp:featuredmedia":[{"embeddable":true,"href":"https:\/\/www.sedalinne.com\/blog\/wp-json\/wp\/v2\/media\/2227"}],"wp:attachment":[{"href":"https:\/\/www.sedalinne.com\/blog\/wp-json\/wp\/v2\/media?parent=283"}],"wp:term":[{"taxonomy":"category","embeddable":true,"href":"https:\/\/www.sedalinne.com\/blog\/wp-json\/wp\/v2\/categories?post=283"},{"taxonomy":"post_tag","embeddable":true,"href":"https:\/\/www.sedalinne.com\/blog\/wp-json\/wp\/v2\/tags?post=283"}],"curies":[{"name":"wp","href":"https:\/\/api.w.org\/{rel}","templated":true}]}}