{"id":261,"date":"2012-07-17T16:21:00","date_gmt":"2012-07-17T16:21:00","guid":{"rendered":"http:\/\/www.sedalinne.com\/blog\/?p=261"},"modified":"2018-10-11T07:46:17","modified_gmt":"2018-10-11T07:46:17","slug":"naturals-lanza-su-nuevo-catalogo","status":"publish","type":"post","link":"https:\/\/www.sedalinne.com\/blog\/naturals-lanza-su-nuevo-catalogo\/","title":{"rendered":"Naturals lanza su nuevo cat\u00e1logo."},"content":{"rendered":"\n\n<div class=\"kk-star-ratings kksr-auto kksr-align-left kksr-valign-top\"\n    data-payload='{&quot;align&quot;:&quot;left&quot;,&quot;id&quot;:&quot;261&quot;,&quot;slug&quot;:&quot;default&quot;,&quot;valign&quot;:&quot;top&quot;,&quot;ignore&quot;:&quot;&quot;,&quot;reference&quot;:&quot;auto&quot;,&quot;class&quot;:&quot;&quot;,&quot;count&quot;:&quot;0&quot;,&quot;legendonly&quot;:&quot;&quot;,&quot;readonly&quot;:&quot;&quot;,&quot;score&quot;:&quot;0&quot;,&quot;starsonly&quot;:&quot;&quot;,&quot;best&quot;:&quot;5&quot;,&quot;gap&quot;:&quot;5&quot;,&quot;greet&quot;:&quot;Rate this post&quot;,&quot;legend&quot;:&quot;0\\\/5 - (0 votos)&quot;,&quot;size&quot;:&quot;24&quot;,&quot;width&quot;:&quot;0&quot;,&quot;_legend&quot;:&quot;{score}\\\/{best} - ({count} {votes})&quot;,&quot;font_factor&quot;:&quot;1.25&quot;}'>\n            \n<div class=\"kksr-stars\">\n    \n<div class=\"kksr-stars-inactive\">\n            <div class=\"kksr-star\" data-star=\"1\" style=\"padding-right: 5px\">\n            \n\n<div class=\"kksr-icon\" style=\"width: 24px; height: 24px;\"><\/div>\n        <\/div>\n            <div class=\"kksr-star\" data-star=\"2\" style=\"padding-right: 5px\">\n            \n\n<div class=\"kksr-icon\" style=\"width: 24px; height: 24px;\"><\/div>\n        <\/div>\n            <div class=\"kksr-star\" data-star=\"3\" style=\"padding-right: 5px\">\n            \n\n<div class=\"kksr-icon\" style=\"width: 24px; height: 24px;\"><\/div>\n        <\/div>\n            <div class=\"kksr-star\" data-star=\"4\" style=\"padding-right: 5px\">\n            \n\n<div class=\"kksr-icon\" style=\"width: 24px; height: 24px;\"><\/div>\n        <\/div>\n            <div class=\"kksr-star\" data-star=\"5\" style=\"padding-right: 5px\">\n            \n\n<div class=\"kksr-icon\" style=\"width: 24px; height: 24px;\"><\/div>\n        <\/div>\n    <\/div>\n    \n<div class=\"kksr-stars-active\" style=\"width: 0px;\">\n            <div class=\"kksr-star\" style=\"padding-right: 5px\">\n            \n\n<div class=\"kksr-icon\" style=\"width: 24px; height: 24px;\"><\/div>\n        <\/div>\n            <div class=\"kksr-star\" style=\"padding-right: 5px\">\n            \n\n<div class=\"kksr-icon\" style=\"width: 24px; height: 24px;\"><\/div>\n        <\/div>\n            <div class=\"kksr-star\" style=\"padding-right: 5px\">\n            \n\n<div class=\"kksr-icon\" style=\"width: 24px; height: 24px;\"><\/div>\n        <\/div>\n            <div class=\"kksr-star\" style=\"padding-right: 5px\">\n            \n\n<div class=\"kksr-icon\" style=\"width: 24px; height: 24px;\"><\/div>\n        <\/div>\n            <div class=\"kksr-star\" style=\"padding-right: 5px\">\n            \n\n<div class=\"kksr-icon\" style=\"width: 24px; height: 24px;\"><\/div>\n        <\/div>\n    <\/div>\n<\/div>\n                \n\n<div class=\"kksr-legend\" style=\"font-size: 19.2px;\">\n            <span class=\"kksr-muted\">Rate this post<\/span>\n    <\/div>\n    <\/div>\n<p>La firma <b><a href=\"http:\/\/www.sedalinne.com\/catalogo\/articulos2.php?fam=F1&amp;mar=MN01\">natural<\/a><\/b>s, acaba de lanzar su nuevo cat\u00e1logo.<\/p>\n<p><a href=\"http:\/\/www.sedalinne.com\/catalogo\/articulos2.php?fam=F1&amp;mar=MN01\">Naturals<\/a> nos ofrece &nbsp;infinidad de <b>dise\u00f1os<\/b> destinados a<b> decorar<\/b> nuestros <b>hogares<\/b>, en especial&nbsp;<span style=\"background-color: white\">el <a href=\"http:\/\/www.sedalinne.com\/catalogo\/marcas.php?fam=F1\"><b>dormitorio<\/b><\/a>. Podemos hablar de <b>dise\u00f1os juveniles<\/b> destinados para aquella gente que renueva a menudo la <b>ropa de cama<\/b> y que busca las <b>\u00faltimas tendencias <\/b>en <b>moda textil hogar<\/b>.<\/span><\/p>\n<p><span style=\"background-color: white\">Podemos afirmar que la relaci\u00f3n <b>calidad &#8211; precio<\/b> es <b>excelente<\/b>, precios muy asequibles y calidades garantizadas.<\/span><br \/><span style=\"background-color: white\"><br \/><\/span><br \/><span style=\"background-color: white\">Los Art\u00edculos del nuevo cat\u00e1logo son, mostramos algunos de los dise\u00f1os:<\/span><br \/><span style=\"background-color: white\"><b><br \/><\/b><\/span><br \/><a href=\"http:\/\/www.sedalinne.com\/catalogo\/articulos2.php?fam=F1C02&amp;mar=MN01\"><b>Colchas bouti,<\/b><\/a><\/p>\n<div style=\"clear: both;text-align: center\"><a href=\"http:\/\/www.sedalinne.com\/catalogo\/articulos2.php?fam=F1&amp;mar=MN01\">colchas bouti naturals<\/a><\/div>\n<div style=\"clear: both;text-align: center\"><a href=\"http:\/\/www.sedalinne.com\/catalogo\/articulos2.php?fam=F1&amp;mar=MN01\">colchas bouti naturals<\/a><\/div>\n<div style=\"clear: both;text-align: center\"><a href=\"http:\/\/www.sedalinne.com\/blog\/wp-content\/uploads\/2012\/07\/naturals7.jpg\" style=\"margin-left: 1em;margin-right: 1em\"><img loading=\"lazy\" decoding=\"async\" border=\"0\" height=\"143\" src=\"http:\/\/www.sedalinne.com\/blog\/wp-content\/uploads\/2012\/07\/naturals7-300x216.jpg\" width=\"200\" \/><\/a><a href=\"http:\/\/www.sedalinne.com\/blog\/wp-content\/uploads\/2012\/07\/esenza.jpg\" style=\"margin-left: 1em;margin-right: 1em\"><img loading=\"lazy\" decoding=\"async\" border=\"0\" height=\"143\" src=\"http:\/\/www.sedalinne.com\/blog\/wp-content\/uploads\/2012\/07\/esenza-300x216.jpg\" width=\"200\" \/><\/a><a href=\"http:\/\/www.sedalinne.com\/catalogo\/articulos2.php?fam=F1&amp;mar=MN01\" style=\"margin-left: 1em;margin-right: 1em\"><img loading=\"lazy\" decoding=\"async\" border=\"0\" height=\"143\" src=\"http:\/\/www.sedalinne.com\/blog\/wp-content\/uploads\/2012\/07\/naturls-2-300x216.jpg\" width=\"200\" \/><\/a><a href=\"http:\/\/www.sedalinne.com\/catalogo\/articulos2.php?fam=F1&amp;mar=MN01\" style=\"margin-left: 1em;margin-right: 1em\"><img loading=\"lazy\" decoding=\"async\" border=\"0\" height=\"143\" src=\"http:\/\/www.sedalinne.com\/blog\/wp-content\/uploads\/2012\/07\/colcha-london-300x216.jpg\" width=\"200\" \/><\/a><\/div>\n<p><b><a href=\"http:\/\/www.sedalinne.com\/catalogo\/articulos2.php?fam=F1F03&amp;mar=MN01\">Fundas n\u00f3rdicas<\/a>,<\/b><\/p>\n<div style=\"clear: both;text-align: center\"><a href=\"http:\/\/www.sedalinne.com\/catalogo\/articulos2.php?fam=F1&amp;mar=MN01\"><img loading=\"lazy\" decoding=\"async\" border=\"0\" height=\"143\" src=\"http:\/\/www.sedalinne.com\/blog\/wp-content\/uploads\/2012\/07\/naturals-6-300x216.jpg\" width=\"200\" \/><\/a><img loading=\"lazy\" decoding=\"async\" border=\"0\" height=\"143\" src=\"http:\/\/www.sedalinne.com\/blog\/wp-content\/uploads\/2012\/07\/naturals1-300x216.jpg\" width=\"200\" \/><a href=\"http:\/\/www.sedalinne.com\/catalogo\/articulos2.php?fam=F1&amp;mar=MN01\">fundas nordicas naturals<\/a><\/div>\n<p><b><br \/><\/b><br \/><b><span style=\"background-color: white\">&nbsp;&nbsp;<\/span><a href=\"http:\/\/www.sedalinne.com\/catalogo\/articulos2.php?fam=F1C09&amp;mar=MN01\" style=\"background-color: white\">Edredones<\/a><span style=\"background-color: white\">&nbsp;<\/span><\/b><\/p>\n<p><\/p>\n<div style=\"clear: both;text-align: center\"><a href=\"http:\/\/www.sedalinne.com\/catalogo\/articulos2.php?fam=F1&amp;mar=MN01\"><img loading=\"lazy\" decoding=\"async\" border=\"0\" height=\"143\" src=\"http:\/\/www.sedalinne.com\/blog\/wp-content\/uploads\/2012\/07\/naturals-3-300x216.jpg\" width=\"200\" \/><\/a><img loading=\"lazy\" decoding=\"async\" border=\"0\" height=\"143\" src=\"http:\/\/www.sedalinne.com\/blog\/wp-content\/uploads\/2012\/07\/naturals-5-300x216.jpg\" width=\"200\" \/><a href=\"http:\/\/www.sedalinne.com\/catalogo\/articulos2.php?fam=F1&amp;mar=MN01\">edredones naturals<\/a><\/div>\n<div style=\"clear: both;text-align: center\"><img loading=\"lazy\" decoding=\"async\" border=\"0\" height=\"143\" src=\"http:\/\/www.sedalinne.com\/blog\/wp-content\/uploads\/2012\/07\/naturals-4-300x216.jpg\" width=\"200\" \/><a href=\"http:\/\/www.sedalinne.com\/catalogo\/articulos2.php?fam=F1&amp;mar=MN01\">edredones naturals<\/a><\/div>\n<p><b><a href=\"http:\/\/www.sedalinne.com\/catalogo\/articulos2.php?fam=F4S02&amp;mar=MN01\">Sacos n\u00f3rdicos<\/a>.<\/b><br \/><span style=\"background-color: white\"><br \/><\/span><\/p>\n<div style=\"clear: both;text-align: center\"><img loading=\"lazy\" decoding=\"async\" border=\"0\" height=\"143\" src=\"http:\/\/www.sedalinne.com\/blog\/wp-content\/uploads\/2012\/07\/naturals-8-300x216.jpg\" width=\"200\" \/><a href=\"http:\/\/www.sedalinne.com\/catalogo\/articulos2.php?fam=F4&amp;mar=MN01\">sacos nordicos naturals<\/a><a href=\"http:\/\/www.sedalinne.com\/catalogo\/articulos2.php?fam=F4&amp;mar=MN01\"><img loading=\"lazy\" decoding=\"async\" border=\"0\" height=\"143\" src=\"http:\/\/www.sedalinne.com\/blog\/wp-content\/uploads\/2012\/07\/saco-nordico-buhos-300x216.jpg\" width=\"200\" \/><\/a><\/div>\n<p><!--more--><\/p>\n","protected":false},"excerpt":{"rendered":"<p>La firma naturals, acaba de lanzar su nuevo cat\u00e1logo. Naturals nos ofrece &nbsp;infinidad de dise\u00f1os destinados a decorar nuestros hogares, en especial&nbsp;el dormitorio. Podemos hablar de dise\u00f1os juveniles destinados para aquella gente que renueva a menudo la ropa de cama y que busca las \u00faltimas tendencias en moda textil hogar. Podemos afirmar que la relaci\u00f3n &hellip; <a href=\"https:\/\/www.sedalinne.com\/blog\/naturals-lanza-su-nuevo-catalogo\/\" class=\"more-link\">Contin\u00faa leyendo <span class=\"screen-reader-text\">Naturals lanza su nuevo cat\u00e1logo.<\/span><\/a><\/p>\n","protected":false},"author":2,"featured_media":2126,"comment_status":"open","ping_status":"open","sticky":false,"template":"","format":"standard","meta":{"_mi_skip_tracking":false,"_jetpack_memberships_contains_paid_content":false,"footnotes":""},"categories":[5,2,7,14,17],"tags":[],"aioseo_notices":[],"jetpack_sharing_enabled":true,"jetpack_featured_media_url":"https:\/\/www.sedalinne.com\/blog\/wp-content\/uploads\/2012\/07\/naturls-2.jpg","_links":{"self":[{"href":"https:\/\/www.sedalinne.com\/blog\/wp-json\/wp\/v2\/posts\/261"}],"collection":[{"href":"https:\/\/www.sedalinne.com\/blog\/wp-json\/wp\/v2\/posts"}],"about":[{"href":"https:\/\/www.sedalinne.com\/blog\/wp-json\/wp\/v2\/types\/post"}],"author":[{"embeddable":true,"href":"https:\/\/www.sedalinne.com\/blog\/wp-json\/wp\/v2\/users\/2"}],"replies":[{"embeddable":true,"href":"https:\/\/www.sedalinne.com\/blog\/wp-json\/wp\/v2\/comments?post=261"}],"version-history":[{"count":1,"href":"https:\/\/www.sedalinne.com\/blog\/wp-json\/wp\/v2\/posts\/261\/revisions"}],"predecessor-version":[{"id":4418,"href":"https:\/\/www.sedalinne.com\/blog\/wp-json\/wp\/v2\/posts\/261\/revisions\/4418"}],"wp:featuredmedia":[{"embeddable":true,"href":"https:\/\/www.sedalinne.com\/blog\/wp-json\/wp\/v2\/media\/2126"}],"wp:attachment":[{"href":"https:\/\/www.sedalinne.com\/blog\/wp-json\/wp\/v2\/media?parent=261"}],"wp:term":[{"taxonomy":"category","embeddable":true,"href":"https:\/\/www.sedalinne.com\/blog\/wp-json\/wp\/v2\/categories?post=261"},{"taxonomy":"post_tag","embeddable":true,"href":"https:\/\/www.sedalinne.com\/blog\/wp-json\/wp\/v2\/tags?post=261"}],"curies":[{"name":"wp","href":"https:\/\/api.w.org\/{rel}","templated":true}]}}