{"id":244,"date":"2012-09-26T15:23:00","date_gmt":"2012-09-26T15:23:00","guid":{"rendered":"http:\/\/www.sedalinne.com\/blog\/?p=244"},"modified":"2018-10-11T07:46:15","modified_gmt":"2018-10-11T07:46:15","slug":"wats-amplia-sus-disenos-de-fundas-nordicas","status":"publish","type":"post","link":"https:\/\/www.sedalinne.com\/blog\/wats-amplia-sus-disenos-de-fundas-nordicas\/","title":{"rendered":"WA*TS amplia sus dise\u00f1os de fundas n\u00f3rdicas."},"content":{"rendered":"\n\n<div class=\"kk-star-ratings kksr-auto kksr-align-left kksr-valign-top\"\n    data-payload='{&quot;align&quot;:&quot;left&quot;,&quot;id&quot;:&quot;244&quot;,&quot;slug&quot;:&quot;default&quot;,&quot;valign&quot;:&quot;top&quot;,&quot;ignore&quot;:&quot;&quot;,&quot;reference&quot;:&quot;auto&quot;,&quot;class&quot;:&quot;&quot;,&quot;count&quot;:&quot;0&quot;,&quot;legendonly&quot;:&quot;&quot;,&quot;readonly&quot;:&quot;&quot;,&quot;score&quot;:&quot;0&quot;,&quot;starsonly&quot;:&quot;&quot;,&quot;best&quot;:&quot;5&quot;,&quot;gap&quot;:&quot;5&quot;,&quot;greet&quot;:&quot;Rate this post&quot;,&quot;legend&quot;:&quot;0\\\/5 - (0 votos)&quot;,&quot;size&quot;:&quot;24&quot;,&quot;width&quot;:&quot;0&quot;,&quot;_legend&quot;:&quot;{score}\\\/{best} - ({count} {votes})&quot;,&quot;font_factor&quot;:&quot;1.25&quot;}'>\n            \n<div class=\"kksr-stars\">\n    \n<div class=\"kksr-stars-inactive\">\n            <div class=\"kksr-star\" data-star=\"1\" style=\"padding-right: 5px\">\n            \n\n<div class=\"kksr-icon\" style=\"width: 24px; height: 24px;\"><\/div>\n        <\/div>\n            <div class=\"kksr-star\" data-star=\"2\" style=\"padding-right: 5px\">\n            \n\n<div class=\"kksr-icon\" style=\"width: 24px; height: 24px;\"><\/div>\n        <\/div>\n            <div class=\"kksr-star\" data-star=\"3\" style=\"padding-right: 5px\">\n            \n\n<div class=\"kksr-icon\" style=\"width: 24px; height: 24px;\"><\/div>\n        <\/div>\n            <div class=\"kksr-star\" data-star=\"4\" style=\"padding-right: 5px\">\n            \n\n<div class=\"kksr-icon\" style=\"width: 24px; height: 24px;\"><\/div>\n        <\/div>\n            <div class=\"kksr-star\" data-star=\"5\" style=\"padding-right: 5px\">\n            \n\n<div class=\"kksr-icon\" style=\"width: 24px; height: 24px;\"><\/div>\n        <\/div>\n    <\/div>\n    \n<div class=\"kksr-stars-active\" style=\"width: 0px;\">\n            <div class=\"kksr-star\" style=\"padding-right: 5px\">\n            \n\n<div class=\"kksr-icon\" style=\"width: 24px; height: 24px;\"><\/div>\n        <\/div>\n            <div class=\"kksr-star\" style=\"padding-right: 5px\">\n            \n\n<div class=\"kksr-icon\" style=\"width: 24px; height: 24px;\"><\/div>\n        <\/div>\n            <div class=\"kksr-star\" style=\"padding-right: 5px\">\n            \n\n<div class=\"kksr-icon\" style=\"width: 24px; height: 24px;\"><\/div>\n        <\/div>\n            <div class=\"kksr-star\" style=\"padding-right: 5px\">\n            \n\n<div class=\"kksr-icon\" style=\"width: 24px; height: 24px;\"><\/div>\n        <\/div>\n            <div class=\"kksr-star\" style=\"padding-right: 5px\">\n            \n\n<div class=\"kksr-icon\" style=\"width: 24px; height: 24px;\"><\/div>\n        <\/div>\n    <\/div>\n<\/div>\n                \n\n<div class=\"kksr-legend\" style=\"font-size: 19.2px;\">\n            <span class=\"kksr-muted\">Rate this post<\/span>\n    <\/div>\n    <\/div>\n<div style=\"text-align: justify\"><a href=\"http:\/\/www.sedalinne.com\/catalogo\/articulo.php?ref=MW03-0030&amp;fam=&amp;col=&amp;tam=&amp;mar=\"><img loading=\"lazy\" decoding=\"async\" border=\"0\" height=\"460\" src=\"http:\/\/www.sedalinne.com\/blog\/wp-content\/uploads\/2012\/09\/MW03-0030-300x216.jpg\" width=\"640\" \/><\/a><\/div>\n<div style=\"text-align: justify\"><span style=\"font-size: large\">Hace un a\u00f1o aproximadamente, incorporamos la firma <a href=\"http:\/\/www.sedalinne.com\/catalogo\/articulos2.php?fam=F4&amp;mar=MW03\">WA*TS<\/a> a nuestro escaparate. Entre sus art\u00edculos encontramos <b>ropa de cama juvenil <\/b>con un <b>ESTILO URBANO<\/b> (<a href=\"http:\/\/www.sedalinne.com\/catalogo\/articulos2.php?fam=F1S01&amp;mar=MW03\">s\u00e1banas<\/a>, <a href=\"http:\/\/www.sedalinne.com\/catalogo\/articulos2.php?fam=F1F03&amp;mar=MW03\">fundas n\u00f3rdicas<\/a>, <a href=\"http:\/\/www.sedalinne.com\/catalogo\/articulos2.php?fam=F1B01&amp;mar=MW03\">colchas de verano<\/a>, <a href=\"http:\/\/www.sedalinne.com\/catalogo\/articulos2.php?fam=F4S02&amp;mar=MW03\">sacos n\u00f3rdicos<\/a> y <a href=\"http:\/\/www.sedalinne.com\/catalogo\/articulos2.php?fam=F7C01&amp;mar=MW03\">cojines<\/a>, <b>complementos<\/b> para <b>decorar <\/b>las camas).<\/span><\/div>\n<div style=\"text-align: justify\"><span style=\"font-size: large\"><br \/><\/span><\/div>\n<div style=\"text-align: justify\">\n<div style=\"clear: both;text-align: center\"><a href=\"http:\/\/www.sedalinne.com\/catalogo\/articulo.php?ref=MW03-0029&amp;fam=&amp;col=&amp;tam=&amp;mar=\"><img loading=\"lazy\" decoding=\"async\" border=\"0\" height=\"287\" src=\"http:\/\/www.sedalinne.com\/blog\/wp-content\/uploads\/2012\/09\/MW03-0029-300x216.jpg\" width=\"400\" \/><\/a><\/div>\n<p><\/div>\n<p><\/p>\n<div style=\"text-align: justify\">\n<p><span style=\"font-size: large\">&nbsp; &nbsp; &nbsp; &nbsp; &nbsp; &nbsp; &nbsp; &nbsp; &nbsp; &nbsp; &nbsp; &nbsp;Un a\u00f1o m\u00e1s tarde, tras el gran \u00e9xito obtenido, la firma apuesta&nbsp;<\/span><span style=\"font-size: large\">por ofrecernos 4 modelos m\u00e1s de&nbsp;<\/span><b style=\"font-size: x-large\">fundas n\u00f3rdicas<\/b><span style=\"font-size: large\">&nbsp;con sus correspondientes cuadrantes.<\/span><\/p>\n<div style=\"clear: both;text-align: center\"><a href=\"http:\/\/www.sedalinne.com\/catalogo\/articulo.php?ref=MW03-0031&amp;fam=&amp;col=&amp;tam=&amp;mar=\"><img loading=\"lazy\" decoding=\"async\" border=\"0\" height=\"229\" src=\"http:\/\/www.sedalinne.com\/blog\/wp-content\/uploads\/2012\/09\/MW03-0031-300x216.jpg\" width=\"320\" \/><\/a><\/div>\n<p><span style=\"font-size: large\"><a href=\"http:\/\/www.sedalinne.com\/catalogo\/articulos2.php?fam=F1&amp;mar=MW03\">WA*TS<\/a>, ha sabido captar lo que la gente joven busca, y adaptar diferentes modelos de ropa de cama, basados en &nbsp;aportar el ambiente oportuno y conseguir el estilo preciso para que los dormitorios juveniles queden a su gusto.<\/span><\/div>\n<div style=\"clear: both;text-align: center\"><a href=\"http:\/\/www.sedalinne.com\/catalogo\/articulo.php?ref=MW03-0032&amp;fam=&amp;col=&amp;tam=&amp;mar=\">funda nordica grafiti wats<\/a><\/div>\n<p><\/p>\n<div style=\"text-align: justify\"><\/p>\n<div style=\"clear: both;text-align: center\"><a href=\"http:\/\/www.sedalinne.com\/blog\/wp-content\/uploads\/2012\/09\/MW03-0032.jpg\" style=\"margin-left: 1em;margin-right: 1em\"><img loading=\"lazy\" decoding=\"async\" border=\"0\" height=\"230\" src=\"http:\/\/www.sedalinne.com\/blog\/wp-content\/uploads\/2012\/09\/MW03-0032-300x216.jpg\" width=\"320\" \/><\/a><\/div>\n<p><\/p>\n<div style=\"clear: both;text-align: center\"><a href=\"http:\/\/www.sedalinne.com\/blog\/wp-content\/uploads\/2012\/09\/MW03-0032-200.jpg\" style=\"margin-left: 1em;margin-right: 1em\"><img loading=\"lazy\" decoding=\"async\" border=\"0\" height=\"230\" src=\"http:\/\/www.sedalinne.com\/blog\/wp-content\/uploads\/2012\/09\/MW03-0032-200-300x216.jpg\" width=\"320\" \/><\/a><\/div>\n<p><\/div>\n<p><a href=\"http:\/\/www.sedalinne.com\/blog\/?p=357\">http:\/\/www.sedalinne.com\/blog\/?p=357<\/a><!--more--><\/p>\n","protected":false},"excerpt":{"rendered":"<p>Hace un a\u00f1o aproximadamente, incorporamos la firma WA*TS a nuestro escaparate. Entre sus art\u00edculos encontramos ropa de cama juvenil con un ESTILO URBANO (s\u00e1banas, fundas n\u00f3rdicas, colchas de verano, sacos n\u00f3rdicos y cojines, complementos para decorar las camas). &nbsp; &nbsp; &nbsp; &nbsp; &nbsp; &nbsp; &nbsp; &nbsp; &nbsp; &nbsp; &nbsp; &nbsp;Un a\u00f1o m\u00e1s tarde, tras el &hellip; <a href=\"https:\/\/www.sedalinne.com\/blog\/wats-amplia-sus-disenos-de-fundas-nordicas\/\" class=\"more-link\">Contin\u00faa leyendo <span class=\"screen-reader-text\">WA*TS amplia sus dise\u00f1os de fundas n\u00f3rdicas.<\/span><\/a><\/p>\n","protected":false},"author":2,"featured_media":2044,"comment_status":"open","ping_status":"open","sticky":false,"template":"","format":"standard","meta":{"_mi_skip_tracking":false,"_jetpack_memberships_contains_paid_content":false,"footnotes":""},"categories":[5,2,7,8,17],"tags":[],"aioseo_notices":[],"jetpack_sharing_enabled":true,"jetpack_featured_media_url":"https:\/\/www.sedalinne.com\/blog\/wp-content\/uploads\/2012\/09\/MW03-0030.jpg","_links":{"self":[{"href":"https:\/\/www.sedalinne.com\/blog\/wp-json\/wp\/v2\/posts\/244"}],"collection":[{"href":"https:\/\/www.sedalinne.com\/blog\/wp-json\/wp\/v2\/posts"}],"about":[{"href":"https:\/\/www.sedalinne.com\/blog\/wp-json\/wp\/v2\/types\/post"}],"author":[{"embeddable":true,"href":"https:\/\/www.sedalinne.com\/blog\/wp-json\/wp\/v2\/users\/2"}],"replies":[{"embeddable":true,"href":"https:\/\/www.sedalinne.com\/blog\/wp-json\/wp\/v2\/comments?post=244"}],"version-history":[{"count":1,"href":"https:\/\/www.sedalinne.com\/blog\/wp-json\/wp\/v2\/posts\/244\/revisions"}],"predecessor-version":[{"id":4401,"href":"https:\/\/www.sedalinne.com\/blog\/wp-json\/wp\/v2\/posts\/244\/revisions\/4401"}],"wp:featuredmedia":[{"embeddable":true,"href":"https:\/\/www.sedalinne.com\/blog\/wp-json\/wp\/v2\/media\/2044"}],"wp:attachment":[{"href":"https:\/\/www.sedalinne.com\/blog\/wp-json\/wp\/v2\/media?parent=244"}],"wp:term":[{"taxonomy":"category","embeddable":true,"href":"https:\/\/www.sedalinne.com\/blog\/wp-json\/wp\/v2\/categories?post=244"},{"taxonomy":"post_tag","embeddable":true,"href":"https:\/\/www.sedalinne.com\/blog\/wp-json\/wp\/v2\/tags?post=244"}],"curies":[{"name":"wp","href":"https:\/\/api.w.org\/{rel}","templated":true}]}}