{"id":243,"date":"2012-09-28T14:24:00","date_gmt":"2012-09-28T14:24:00","guid":{"rendered":"http:\/\/www.sedalinne.com\/blog\/?p=243"},"modified":"2018-10-11T07:46:15","modified_gmt":"2018-10-11T07:46:15","slug":"sabanas-de-invierno","status":"publish","type":"post","link":"https:\/\/www.sedalinne.com\/blog\/sabanas-de-invierno\/","title":{"rendered":"S\u00e1banas de invierno"},"content":{"rendered":"\n\n<div class=\"kk-star-ratings kksr-auto kksr-align-left kksr-valign-top\"\n    data-payload='{&quot;align&quot;:&quot;left&quot;,&quot;id&quot;:&quot;243&quot;,&quot;slug&quot;:&quot;default&quot;,&quot;valign&quot;:&quot;top&quot;,&quot;ignore&quot;:&quot;&quot;,&quot;reference&quot;:&quot;auto&quot;,&quot;class&quot;:&quot;&quot;,&quot;count&quot;:&quot;0&quot;,&quot;legendonly&quot;:&quot;&quot;,&quot;readonly&quot;:&quot;&quot;,&quot;score&quot;:&quot;0&quot;,&quot;starsonly&quot;:&quot;&quot;,&quot;best&quot;:&quot;5&quot;,&quot;gap&quot;:&quot;5&quot;,&quot;greet&quot;:&quot;Rate this post&quot;,&quot;legend&quot;:&quot;0\\\/5 - (0 votos)&quot;,&quot;size&quot;:&quot;24&quot;,&quot;width&quot;:&quot;0&quot;,&quot;_legend&quot;:&quot;{score}\\\/{best} - ({count} {votes})&quot;,&quot;font_factor&quot;:&quot;1.25&quot;}'>\n            \n<div class=\"kksr-stars\">\n    \n<div class=\"kksr-stars-inactive\">\n            <div class=\"kksr-star\" data-star=\"1\" style=\"padding-right: 5px\">\n            \n\n<div class=\"kksr-icon\" style=\"width: 24px; height: 24px;\"><\/div>\n        <\/div>\n            <div class=\"kksr-star\" data-star=\"2\" style=\"padding-right: 5px\">\n            \n\n<div class=\"kksr-icon\" style=\"width: 24px; height: 24px;\"><\/div>\n        <\/div>\n            <div class=\"kksr-star\" data-star=\"3\" style=\"padding-right: 5px\">\n            \n\n<div class=\"kksr-icon\" style=\"width: 24px; height: 24px;\"><\/div>\n        <\/div>\n            <div class=\"kksr-star\" data-star=\"4\" style=\"padding-right: 5px\">\n            \n\n<div class=\"kksr-icon\" style=\"width: 24px; height: 24px;\"><\/div>\n        <\/div>\n            <div class=\"kksr-star\" data-star=\"5\" style=\"padding-right: 5px\">\n            \n\n<div class=\"kksr-icon\" style=\"width: 24px; height: 24px;\"><\/div>\n        <\/div>\n    <\/div>\n    \n<div class=\"kksr-stars-active\" style=\"width: 0px;\">\n            <div class=\"kksr-star\" style=\"padding-right: 5px\">\n            \n\n<div class=\"kksr-icon\" style=\"width: 24px; height: 24px;\"><\/div>\n        <\/div>\n            <div class=\"kksr-star\" style=\"padding-right: 5px\">\n            \n\n<div class=\"kksr-icon\" style=\"width: 24px; height: 24px;\"><\/div>\n        <\/div>\n            <div class=\"kksr-star\" style=\"padding-right: 5px\">\n            \n\n<div class=\"kksr-icon\" style=\"width: 24px; height: 24px;\"><\/div>\n        <\/div>\n            <div class=\"kksr-star\" style=\"padding-right: 5px\">\n            \n\n<div class=\"kksr-icon\" style=\"width: 24px; height: 24px;\"><\/div>\n        <\/div>\n            <div class=\"kksr-star\" style=\"padding-right: 5px\">\n            \n\n<div class=\"kksr-icon\" style=\"width: 24px; height: 24px;\"><\/div>\n        <\/div>\n    <\/div>\n<\/div>\n                \n\n<div class=\"kksr-legend\" style=\"font-size: 19.2px;\">\n            <span class=\"kksr-muted\">Rate this post<\/span>\n    <\/div>\n    <\/div>\n<h4>La firma <b><a href=\"http:\/\/www.sedalinne.com\/catalogo\/articulos2.php?fam=F1&amp;mar=MC06\">Catotex<\/a><\/b>, lanza su nuevo <b>cat\u00e1logo de S\u00c1BANAS DE INVIERNO<\/b>.<br \/><b>Juegos de cama<\/b> para el fr\u00edo que clasificamos en 3 acabados diferentes:<\/h4>\n<p><\/p>\n<div style=\"clear: both;text-align: center\"><a href=\"http:\/\/www.sedalinne.com\/catalogo\/articulos2.php?fam=F1S05&amp;mar=MC06\">s\u00e1banas franela<\/a><\/div>\n<h4><a href=\"http:\/\/www.sedalinne.com\/blog\/wp-content\/uploads\/2012\/09\/FRANELA-ARES.jpg\" style=\"clear: left;float: left;margin-bottom: 1em;margin-right: 1em\"><img loading=\"lazy\" decoding=\"async\" border=\"0\" height=\"267\" src=\"http:\/\/www.sedalinne.com\/blog\/wp-content\/uploads\/2012\/09\/FRANELA-ARES-300x250.jpg\" width=\"320\" \/><\/a><span style=\"font-size: large\">1. <a href=\"http:\/\/www.sedalinne.com\/catalogo\/articulos2.php?fam=F1S05&amp;mar=MC06\">Juegos de s\u00e1banas de franela.<\/a><\/span><\/h4>\n<p><span style=\"font-size: large\">&nbsp; &nbsp; Se caracterizan por estar compuestas en su gran mayor\u00eda de<b> algod\u00f3n<\/b>.&nbsp;<\/span><br \/><span style=\"font-size: large\">&nbsp; &nbsp; El <b>tacto <\/b>es como de<b> melocot\u00f3n<\/b>.<\/span><\/p>\n<h4><\/h4>\n<h4><\/h4>\n<h4><\/h4>\n<h4><\/h4>\n<h4><\/h4>\n<h4><a href=\"http:\/\/www.sedalinne.com\/catalogo\/articulos2.php?fam=F1S04&amp;mar=MC06\" style=\"clear: right;float: right;margin-bottom: 1em;margin-left: 1em\"><img loading=\"lazy\" decoding=\"async\" border=\"0\" height=\"213\" src=\"http:\/\/www.sedalinne.com\/blog\/wp-content\/uploads\/2012\/09\/TER.-SERENA-ULISES-MALVA-300x200.jpg\" width=\"320\" \/><\/a><span style=\"font-size: large\">2.<a href=\"http:\/\/www.sedalinne.com\/catalogo\/articulos2.php?fam=F1S04&amp;mar=MC06\"> <b>Juegos de s\u00e1banas t\u00e9rmicas, polares o pirineo<\/b><\/a>.<\/span><\/h4>\n<p><span style=\"font-size: large\">&nbsp; &nbsp;Se asemejan a una mantita <b>polar<\/b>, el tejido es m\u00e1s grueso que el anterior.<\/span><br \/><span style=\"font-size: large\">&nbsp; &nbsp;La composici\u00f3n es <b>100% poli\u00e9ster<\/b>. Secado r\u00e1pido.<\/span><br \/><span style=\"font-size: large\"><\/span><\/p>\n<h4><\/h4>\n<h4><\/h4>\n<h4><\/h4>\n<h4><span style=\"font-size: large\">3. <a href=\"http:\/\/www.sedalinne.com\/catalogo\/articulos2.php?fam=F1S09&amp;mar=MC06\">Juegos de s\u00e1banas coral o coralina<\/a>.<\/span><\/h4>\n<p><a href=\"http:\/\/www.sedalinne.com\/catalogo\/articulos2.php?fam=F1S09&amp;mar=MC06\" style=\"clear: right;float: right;margin-bottom: 1em;margin-left: 1em\"><img loading=\"lazy\" decoding=\"async\" border=\"0\" height=\"320\" src=\"http:\/\/www.sedalinne.com\/blog\/wp-content\/uploads\/2012\/09\/CORALINA-STIL-AMBAR-BEIG-6-300x300.jpg\" width=\"320\" \/><\/a><span style=\"font-size: large\">&nbsp; &nbsp;<b>S\u00e1banas extra-suave<\/b>s, con una acabado <b>aterciopelado <\/b>y tejido <b>mullido<\/b>.<\/span><br \/><span style=\"font-size: large\">&nbsp; &nbsp;La calidad es <b>microfibra<\/b> 100% poli\u00e9ster con un secado r\u00e1pido.<\/span><br \/><span style=\"font-size: large\"><br \/><\/span><\/p>\n<p><span style=\"font-size: large\">Disponibles para camas de ancho; 90, 105, 135, 150, 160, 180 y 200 cm. Aptas para largos de cama 190\/200 cm.<\/span><br \/><span style=\"font-size: large\"><br \/><\/span><\/p>\n<p><span style=\"font-size: large\">En medidas de 160,180 y 200, disponibilidad limitada hasta fin de exitencias. Ahora es el momento de no quedarte sin ellas!<\/span><br \/><span style=\"font-size: large\"><br \/><\/span><a href=\"http:\/\/www.sedalinne.com\/blog\/?p=504\">s\u00e1banas de invierno<\/a><\/p>\n<p><a href=\"http:\/\/www.sedalinne.com\/blog\/?p=369\">elegir las s\u00e1banas de invierno<\/a><!--more--><\/p>\n","protected":false},"excerpt":{"rendered":"<p>La firma Catotex, lanza su nuevo cat\u00e1logo de S\u00c1BANAS DE INVIERNO.Juegos de cama para el fr\u00edo que clasificamos en 3 acabados diferentes: s\u00e1banas franela 1. Juegos de s\u00e1banas de franela. &nbsp; &nbsp; Se caracterizan por estar compuestas en su gran mayor\u00eda de algod\u00f3n.&nbsp;&nbsp; &nbsp; El tacto es como de melocot\u00f3n. 2. Juegos de s\u00e1banas t\u00e9rmicas, &hellip; <a href=\"https:\/\/www.sedalinne.com\/blog\/sabanas-de-invierno\/\" class=\"more-link\">Contin\u00faa leyendo <span class=\"screen-reader-text\">S\u00e1banas de invierno<\/span><\/a><\/p>\n","protected":false},"author":2,"featured_media":2041,"comment_status":"open","ping_status":"open","sticky":false,"template":"","format":"standard","meta":{"_mi_skip_tracking":false,"_jetpack_memberships_contains_paid_content":false,"footnotes":""},"categories":[5,2,7],"tags":[],"aioseo_notices":[],"jetpack_sharing_enabled":true,"jetpack_featured_media_url":"https:\/\/www.sedalinne.com\/blog\/wp-content\/uploads\/2012\/09\/TER.-SERENA-ULISES-MALVA.jpg","_links":{"self":[{"href":"https:\/\/www.sedalinne.com\/blog\/wp-json\/wp\/v2\/posts\/243"}],"collection":[{"href":"https:\/\/www.sedalinne.com\/blog\/wp-json\/wp\/v2\/posts"}],"about":[{"href":"https:\/\/www.sedalinne.com\/blog\/wp-json\/wp\/v2\/types\/post"}],"author":[{"embeddable":true,"href":"https:\/\/www.sedalinne.com\/blog\/wp-json\/wp\/v2\/users\/2"}],"replies":[{"embeddable":true,"href":"https:\/\/www.sedalinne.com\/blog\/wp-json\/wp\/v2\/comments?post=243"}],"version-history":[{"count":1,"href":"https:\/\/www.sedalinne.com\/blog\/wp-json\/wp\/v2\/posts\/243\/revisions"}],"predecessor-version":[{"id":4400,"href":"https:\/\/www.sedalinne.com\/blog\/wp-json\/wp\/v2\/posts\/243\/revisions\/4400"}],"wp:featuredmedia":[{"embeddable":true,"href":"https:\/\/www.sedalinne.com\/blog\/wp-json\/wp\/v2\/media\/2041"}],"wp:attachment":[{"href":"https:\/\/www.sedalinne.com\/blog\/wp-json\/wp\/v2\/media?parent=243"}],"wp:term":[{"taxonomy":"category","embeddable":true,"href":"https:\/\/www.sedalinne.com\/blog\/wp-json\/wp\/v2\/categories?post=243"},{"taxonomy":"post_tag","embeddable":true,"href":"https:\/\/www.sedalinne.com\/blog\/wp-json\/wp\/v2\/tags?post=243"}],"curies":[{"name":"wp","href":"https:\/\/api.w.org\/{rel}","templated":true}]}}