{"id":231,"date":"2012-11-13T09:20:00","date_gmt":"2012-11-13T09:20:00","guid":{"rendered":"http:\/\/www.sedalinne.com\/blog\/?p=231"},"modified":"2018-10-11T07:46:14","modified_gmt":"2018-10-11T07:46:14","slug":"la-firma-de-descanso-velfont-entra-en-nuestro-escaparate","status":"publish","type":"post","link":"https:\/\/www.sedalinne.com\/blog\/la-firma-de-descanso-velfont-entra-en-nuestro-escaparate\/","title":{"rendered":"La firma de descanso VELFONT entra en nuestro escaparate."},"content":{"rendered":"\n\n<div class=\"kk-star-ratings kksr-auto kksr-align-left kksr-valign-top\"\n    data-payload='{&quot;align&quot;:&quot;left&quot;,&quot;id&quot;:&quot;231&quot;,&quot;slug&quot;:&quot;default&quot;,&quot;valign&quot;:&quot;top&quot;,&quot;ignore&quot;:&quot;&quot;,&quot;reference&quot;:&quot;auto&quot;,&quot;class&quot;:&quot;&quot;,&quot;count&quot;:&quot;0&quot;,&quot;legendonly&quot;:&quot;&quot;,&quot;readonly&quot;:&quot;&quot;,&quot;score&quot;:&quot;0&quot;,&quot;starsonly&quot;:&quot;&quot;,&quot;best&quot;:&quot;5&quot;,&quot;gap&quot;:&quot;5&quot;,&quot;greet&quot;:&quot;Rate this post&quot;,&quot;legend&quot;:&quot;0\\\/5 - (0 votos)&quot;,&quot;size&quot;:&quot;24&quot;,&quot;width&quot;:&quot;0&quot;,&quot;_legend&quot;:&quot;{score}\\\/{best} - ({count} {votes})&quot;,&quot;font_factor&quot;:&quot;1.25&quot;}'>\n            \n<div class=\"kksr-stars\">\n    \n<div class=\"kksr-stars-inactive\">\n            <div class=\"kksr-star\" data-star=\"1\" style=\"padding-right: 5px\">\n            \n\n<div class=\"kksr-icon\" style=\"width: 24px; height: 24px;\"><\/div>\n        <\/div>\n            <div class=\"kksr-star\" data-star=\"2\" style=\"padding-right: 5px\">\n            \n\n<div class=\"kksr-icon\" style=\"width: 24px; height: 24px;\"><\/div>\n        <\/div>\n            <div class=\"kksr-star\" data-star=\"3\" style=\"padding-right: 5px\">\n            \n\n<div class=\"kksr-icon\" style=\"width: 24px; height: 24px;\"><\/div>\n        <\/div>\n            <div class=\"kksr-star\" data-star=\"4\" style=\"padding-right: 5px\">\n            \n\n<div class=\"kksr-icon\" style=\"width: 24px; height: 24px;\"><\/div>\n        <\/div>\n            <div class=\"kksr-star\" data-star=\"5\" style=\"padding-right: 5px\">\n            \n\n<div class=\"kksr-icon\" style=\"width: 24px; height: 24px;\"><\/div>\n        <\/div>\n    <\/div>\n    \n<div class=\"kksr-stars-active\" style=\"width: 0px;\">\n            <div class=\"kksr-star\" style=\"padding-right: 5px\">\n            \n\n<div class=\"kksr-icon\" style=\"width: 24px; height: 24px;\"><\/div>\n        <\/div>\n            <div class=\"kksr-star\" style=\"padding-right: 5px\">\n            \n\n<div class=\"kksr-icon\" style=\"width: 24px; height: 24px;\"><\/div>\n        <\/div>\n            <div class=\"kksr-star\" style=\"padding-right: 5px\">\n            \n\n<div class=\"kksr-icon\" style=\"width: 24px; height: 24px;\"><\/div>\n        <\/div>\n            <div class=\"kksr-star\" style=\"padding-right: 5px\">\n            \n\n<div class=\"kksr-icon\" style=\"width: 24px; height: 24px;\"><\/div>\n        <\/div>\n            <div class=\"kksr-star\" style=\"padding-right: 5px\">\n            \n\n<div class=\"kksr-icon\" style=\"width: 24px; height: 24px;\"><\/div>\n        <\/div>\n    <\/div>\n<\/div>\n                \n\n<div class=\"kksr-legend\" style=\"font-size: 19.2px;\">\n            <span class=\"kksr-muted\">Rate this post<\/span>\n    <\/div>\n    <\/div>\n<div style=\"text-align: justify\"><a href=\"http:\/\/www.sedalinne.com\/catalogo\/articulos2.php?fam=F1&amp;mar=MV06\" style=\"clear: right;float: right;margin-bottom: 1em;margin-left: 1em\"><img loading=\"lazy\" decoding=\"async\" border=\"0\" height=\"51\" src=\"http:\/\/www.sedalinne.com\/blog\/wp-content\/uploads\/2012\/11\/MV06-300x48.jpg\" width=\"320\" \/><\/a><b>VELFONT<\/b>, est\u00e1 disponiile en nuestro <b>cat\u00e1logo<\/b>!!<\/div>\n<div style=\"text-align: justify\"><\/div>\n<div style=\"text-align: justify\"><a href=\"http:\/\/www.sedalinne.com\/catalogo\/articulos2.php?fam=F1&amp;mar=MV06\" style=\"clear: left;float: left;margin-bottom: 1em;margin-right: 1em\"><img loading=\"lazy\" decoding=\"async\" border=\"0\" height=\"200\" src=\"http:\/\/www.sedalinne.com\/blog\/wp-content\/uploads\/2012\/11\/11-FundaColchon-225x300.jpg\" width=\"150\" \/><\/a><\/p>\n<p>La marca <a href=\"http:\/\/www.sedalinne.com\/catalogo\/articulos2.php?fam=F1&amp;mar=MV06\"><b>VELFONT<\/b>,<\/a> se ha incorporado al escaparate de <a href=\"http:\/\/www.sedalinne.com.\/\"><b>www.sedalinne.com<\/b>.<\/a> <b><a href=\"http:\/\/www.sedalinne.com\/catalogo\/articulos2.php?fam=F1&amp;mar=MV06\">Velfont<\/a> <\/b>cuenta con las m\u00e1s avanzadas tecnolog\u00edas<b> textiles<\/b> y apuesta por la innovaci\u00f3n cuidando las necesidades del mercado, favoreciendo el consumo de ropa de hogar de alta calidad.<\/div>\n<div style=\"text-align: justify\"><\/div>\n<div style=\"text-align: justify\">En este cat\u00e1logo encontrar\u00e1 una amplia gama de art\u00edculos de <b>descanso<\/b> <a href=\"http:\/\/www.sedalinne.com\/catalogo\/articulos2.php?fam=F1&amp;mar=MV06\"><b>VELFONT<\/b> <\/a>en todo lo referente a <a href=\"http:\/\/www.sedalinne.com\/catalogo\/articulos2.php?fam=F1P01&amp;mar=MV06\"><b>protecci\u00f3n de colch\u00f3n<\/b><\/a>, <a href=\"http:\/\/www.sedalinne.com\/catalogo\/articulos2.php?fam=F1A01&amp;mar=MV06\"><b>almohadas<\/b><\/a> y <a href=\"http:\/\/www.sedalinne.com\/catalogo\/articulos2.php?fam=F1N01&amp;mar=MV06\"><b>edredones n\u00f3rdicos<\/b><\/a>.<\/div>\n<div style=\"text-align: justify\"><\/div>\n<div style=\"clear: both;text-align: center\"><a href=\"http:\/\/www.sedalinne.com\/catalogo\/articulos2.php?fam=F1&amp;mar=MV06\" style=\"clear: right;float: right;margin-bottom: 1em;margin-left: 1em\"><img loading=\"lazy\" decoding=\"async\" border=\"0\" height=\"143\" src=\"http:\/\/www.sedalinne.com\/blog\/wp-content\/uploads\/2012\/11\/MV06-0003-300x216.jpg\" width=\"200\" \/><\/a><\/div>\n<div style=\"text-align: justify\">Las<b> <a href=\"http:\/\/www.sedalinne.com\/catalogo\/articulos2.php?fam=F1F02&amp;mar=MV06\">fundas de colch\u00f3n <\/a><\/b>y <a href=\"http:\/\/www.sedalinne.com\/catalogo\/articulos2.php?fam=F1A01&amp;mar=MV06\"><b>almohada<\/b> <\/a>Velfont garantizan su total higiene ya que los protegen de forma integral. Gracias a su cremallera las fundas son de f\u00e1cil colocaci\u00f3n y son perfectamente adaptables a diferentes altos y largos de colch\u00f3n.<\/div>\n<div style=\"text-align: justify\"><\/div>\n<div style=\"text-align: justify\"><b> <\/b>El acolchado interior de los <a href=\"http:\/\/www.sedalinne.com\/catalogo\/articulos2.php?fam=F1C08&amp;mar=MV06\"><b>cubre colchones<\/b><\/a>, incrementa el confort aliviando la presi\u00f3n sobre los puntos de contacto con nuestro cuerpo y logrando un mejor descanso, al mismo tiempo que favorece la circulaci\u00f3n del aire en su interior y una correcta transpiraci\u00f3n.<\/div>\n<div style=\"text-align: justify\"><\/div>\n<div style=\"text-align: justify\">Las <b>s\u00e1banas bajeras<\/b> est\u00e1n confeccionadas con tejidos de gran calidad, <b>transpirables<\/b>, con materias primas naturales muy absorbentes, protegen su colch\u00f3n y son una eficaz barrera contra g\u00e9rmenes y bacterias.<\/div>\n<div style=\"text-align: justify\"><\/div>\n<div style=\"text-align: justify\"><a href=\"http:\/\/www.sedalinne.com\/catalogo\/articulos2.php?fam=F1A01&amp;mar=MV06\"><b>Almohadas<\/b><\/a> a la carta, clasificadas en Basic, Salud y T\u00e9cnica.<\/div>\n<div style=\"text-align: justify\">\n<div style=\"clear: both;text-align: center\"><a href=\"http:\/\/www.sedalinne.com\/catalogo\/articulos2.php?fam=F1&amp;mar=MV06\"><img loading=\"lazy\" decoding=\"async\" border=\"0\" height=\"143\" src=\"http:\/\/www.sedalinne.com\/blog\/wp-content\/uploads\/2012\/11\/MV06-0009-300x216.jpg\" width=\"200\" \/><\/a><\/div>\n<p><\/div>\n<div style=\"text-align: justify\"><\/div>\n<div style=\"text-align: justify\"><a href=\"http:\/\/www.sedalinne.com\/catalogo\/articulos2.php?fam=F1&amp;mar=MV06\" style=\"clear: right;float: right;margin-bottom: 1em;margin-left: 1em\"><img loading=\"lazy\" decoding=\"async\" border=\"0\" height=\"143\" src=\"http:\/\/www.sedalinne.com\/blog\/wp-content\/uploads\/2012\/11\/MV06-0001-300x216.jpg\" width=\"200\" \/><\/a>Los <b>n\u00f3rdicos<\/b>, con diferentes gramajes, adecuados a cada estaci\u00f3n del a\u00f1o y a las necesidades t\u00e9rmicas de cada individuo. La gama en edredones n\u00f3rdicos abaraca desde los <a href=\"http:\/\/www.sedalinne.com\/catalogo\/articulos2.php?fam=F1N01&amp;mar=MV06\"><b>rellenos n\u00f3rdicos de fibra<\/b><\/a> de la m\u00e1s alta calidad, a los <a href=\"http:\/\/www.sedalinne.com\/catalogo\/articulos2.php?fam=F1N03&amp;mar=MV06\"><b>edredones de plum\u00f3n<\/b><\/a> 100% naturales.<\/div>\n<div style=\"text-align: justify\">\n<p><a href=\"http:\/\/www.sedalinne.com\/catalogo\/articulos2.php?fam=F1&amp;mar=MV06\"><img loading=\"lazy\" decoding=\"async\" border=\"0\" height=\"143\" src=\"http:\/\/www.sedalinne.com\/blog\/wp-content\/uploads\/2012\/11\/MV06-0003-001-300x216.jpg\" width=\"200\" \/><\/a><\/p>\n<div style=\"clear: both;text-align: center\"><a href=\"http:\/\/4.bp.blogspot.com\/-zQXsqaie1es\/UKIPl1nSvCI\/AAAAAAAADzU\/dtQ66xsJolA\/s1600\/11-FundaColchon.tif\" style=\"margin-left: 1em;margin-right: 1em\"><br \/><\/a><\/div>\n<p>En los edredones n\u00f3rdicos de fibra solamente se utiliza<b> fibra hueca Neotherm <\/b>de alt\u00edsima calidad, conjugada y siliconada, con gran capacidad de recuperaci\u00f3n y elevado poder t\u00e9rmico. Sus microc\u00e1maras interiores aportan volumen y ligereza al n\u00f3rdico, proporcionando un<b> descanso c\u00e1lido y placentero<\/b>.<\/div>\n<div style=\"text-align: justify\"><\/div>\n<p><!--more--><\/p>\n","protected":false},"excerpt":{"rendered":"<p>VELFONT, est\u00e1 disponiile en nuestro cat\u00e1logo!! La marca VELFONT, se ha incorporado al escaparate de www.sedalinne.com. Velfont cuenta con las m\u00e1s avanzadas tecnolog\u00edas textiles y apuesta por la innovaci\u00f3n cuidando las necesidades del mercado, favoreciendo el consumo de ropa de hogar de alta calidad. En este cat\u00e1logo encontrar\u00e1 una amplia gama de art\u00edculos de descanso &hellip; <a href=\"https:\/\/www.sedalinne.com\/blog\/la-firma-de-descanso-velfont-entra-en-nuestro-escaparate\/\" class=\"more-link\">Contin\u00faa leyendo <span class=\"screen-reader-text\">La firma de descanso VELFONT entra en nuestro escaparate.<\/span><\/a><\/p>\n","protected":false},"author":2,"featured_media":1967,"comment_status":"open","ping_status":"open","sticky":false,"template":"","format":"standard","meta":{"_mi_skip_tracking":false,"_jetpack_memberships_contains_paid_content":false,"footnotes":""},"categories":[2,7],"tags":[],"aioseo_notices":[],"jetpack_sharing_enabled":true,"jetpack_featured_media_url":"https:\/\/www.sedalinne.com\/blog\/wp-content\/uploads\/2012\/11\/MV06.jpg","_links":{"self":[{"href":"https:\/\/www.sedalinne.com\/blog\/wp-json\/wp\/v2\/posts\/231"}],"collection":[{"href":"https:\/\/www.sedalinne.com\/blog\/wp-json\/wp\/v2\/posts"}],"about":[{"href":"https:\/\/www.sedalinne.com\/blog\/wp-json\/wp\/v2\/types\/post"}],"author":[{"embeddable":true,"href":"https:\/\/www.sedalinne.com\/blog\/wp-json\/wp\/v2\/users\/2"}],"replies":[{"embeddable":true,"href":"https:\/\/www.sedalinne.com\/blog\/wp-json\/wp\/v2\/comments?post=231"}],"version-history":[{"count":1,"href":"https:\/\/www.sedalinne.com\/blog\/wp-json\/wp\/v2\/posts\/231\/revisions"}],"predecessor-version":[{"id":4388,"href":"https:\/\/www.sedalinne.com\/blog\/wp-json\/wp\/v2\/posts\/231\/revisions\/4388"}],"wp:featuredmedia":[{"embeddable":true,"href":"https:\/\/www.sedalinne.com\/blog\/wp-json\/wp\/v2\/media\/1967"}],"wp:attachment":[{"href":"https:\/\/www.sedalinne.com\/blog\/wp-json\/wp\/v2\/media?parent=231"}],"wp:term":[{"taxonomy":"category","embeddable":true,"href":"https:\/\/www.sedalinne.com\/blog\/wp-json\/wp\/v2\/categories?post=231"},{"taxonomy":"post_tag","embeddable":true,"href":"https:\/\/www.sedalinne.com\/blog\/wp-json\/wp\/v2\/tags?post=231"}],"curies":[{"name":"wp","href":"https:\/\/api.w.org\/{rel}","templated":true}]}}