{"id":225,"date":"2012-11-30T16:36:00","date_gmt":"2012-11-30T16:36:00","guid":{"rendered":"http:\/\/www.sedalinne.com\/blog\/?p=225"},"modified":"2018-10-11T07:46:13","modified_gmt":"2018-10-11T07:46:13","slug":"plaids-para-la-cama-o-el-sofa-decorativas","status":"publish","type":"post","link":"https:\/\/www.sedalinne.com\/blog\/plaids-para-la-cama-o-el-sofa-decorativas\/","title":{"rendered":"Plaids para la cama o el sof\u00e1 decorativas."},"content":{"rendered":"\n\n<div class=\"kk-star-ratings kksr-auto kksr-align-left kksr-valign-top\"\n    data-payload='{&quot;align&quot;:&quot;left&quot;,&quot;id&quot;:&quot;225&quot;,&quot;slug&quot;:&quot;default&quot;,&quot;valign&quot;:&quot;top&quot;,&quot;ignore&quot;:&quot;&quot;,&quot;reference&quot;:&quot;auto&quot;,&quot;class&quot;:&quot;&quot;,&quot;count&quot;:&quot;0&quot;,&quot;legendonly&quot;:&quot;&quot;,&quot;readonly&quot;:&quot;&quot;,&quot;score&quot;:&quot;0&quot;,&quot;starsonly&quot;:&quot;&quot;,&quot;best&quot;:&quot;5&quot;,&quot;gap&quot;:&quot;5&quot;,&quot;greet&quot;:&quot;Rate this post&quot;,&quot;legend&quot;:&quot;0\\\/5 - (0 votos)&quot;,&quot;size&quot;:&quot;24&quot;,&quot;width&quot;:&quot;0&quot;,&quot;_legend&quot;:&quot;{score}\\\/{best} - ({count} {votes})&quot;,&quot;font_factor&quot;:&quot;1.25&quot;}'>\n            \n<div class=\"kksr-stars\">\n    \n<div class=\"kksr-stars-inactive\">\n            <div class=\"kksr-star\" data-star=\"1\" style=\"padding-right: 5px\">\n            \n\n<div class=\"kksr-icon\" style=\"width: 24px; height: 24px;\"><\/div>\n        <\/div>\n            <div class=\"kksr-star\" data-star=\"2\" style=\"padding-right: 5px\">\n            \n\n<div class=\"kksr-icon\" style=\"width: 24px; height: 24px;\"><\/div>\n        <\/div>\n            <div class=\"kksr-star\" data-star=\"3\" style=\"padding-right: 5px\">\n            \n\n<div class=\"kksr-icon\" style=\"width: 24px; height: 24px;\"><\/div>\n        <\/div>\n            <div class=\"kksr-star\" data-star=\"4\" style=\"padding-right: 5px\">\n            \n\n<div class=\"kksr-icon\" style=\"width: 24px; height: 24px;\"><\/div>\n        <\/div>\n            <div class=\"kksr-star\" data-star=\"5\" style=\"padding-right: 5px\">\n            \n\n<div class=\"kksr-icon\" style=\"width: 24px; height: 24px;\"><\/div>\n        <\/div>\n    <\/div>\n    \n<div class=\"kksr-stars-active\" style=\"width: 0px;\">\n            <div class=\"kksr-star\" style=\"padding-right: 5px\">\n            \n\n<div class=\"kksr-icon\" style=\"width: 24px; height: 24px;\"><\/div>\n        <\/div>\n            <div class=\"kksr-star\" style=\"padding-right: 5px\">\n            \n\n<div class=\"kksr-icon\" style=\"width: 24px; height: 24px;\"><\/div>\n        <\/div>\n            <div class=\"kksr-star\" style=\"padding-right: 5px\">\n            \n\n<div class=\"kksr-icon\" style=\"width: 24px; height: 24px;\"><\/div>\n        <\/div>\n            <div class=\"kksr-star\" style=\"padding-right: 5px\">\n            \n\n<div class=\"kksr-icon\" style=\"width: 24px; height: 24px;\"><\/div>\n        <\/div>\n            <div class=\"kksr-star\" style=\"padding-right: 5px\">\n            \n\n<div class=\"kksr-icon\" style=\"width: 24px; height: 24px;\"><\/div>\n        <\/div>\n    <\/div>\n<\/div>\n                \n\n<div class=\"kksr-legend\" style=\"font-size: 19.2px;\">\n            <span class=\"kksr-muted\">Rate this post<\/span>\n    <\/div>\n    <\/div>\n<p><!--[if gte mso 9]&gt;    &lt;![endif]--><br \/><!--[if gte mso 9]&gt;   Normal  0      21      false  false  false    ES  X-NONE  X-NONE                                                                    &lt;![endif]--><!--[if gte mso 9]&gt;                                                                                                                                                                                                                                                                                    &lt;![endif]--><!--[if gte mso 10]&gt;&lt;![endif]--> <\/p>\n<div style=\"clear: both;text-align: center\"><a href=\"http:\/\/www.sedalinne.com\/catalogo\/articulos2.php?fam=F7P01&amp;buscador=1&amp;col=&amp;tam=&amp;mar=&amp;x=22&amp;y=6\"><img loading=\"lazy\" decoding=\"async\" border=\"0\" height=\"287\" src=\"http:\/\/www.sedalinne.com\/blog\/wp-content\/uploads\/2012\/11\/plaid-panda-300x216.jpg\" width=\"400\" \/><\/a><\/div>\n<div style=\"text-align: justify\"><\/div>\n<div style=\"text-align: justify\"><span style=\"font-size: large\"><span>Las <a href=\"http:\/\/www.sedalinne.com\/catalogo\/articulos2.php?fam=F7P01&amp;buscador=1&amp;col=&amp;tam=&amp;mar=&amp;x=32&amp;y=13\">plaids<\/a> son mantitas decorativas que utilizamos en el <a href=\"http:\/\/www.sedalinne.com\/catalogo\/marcas.php?fam=F7F02\">sof\u00e1 <\/a>o en la <a href=\"http:\/\/www.sedalinne.com\/catalogo\/marcas.php?fam=F1\">cama<\/a>. <b>Textiles para el invierno<\/b> con un toque de <b>dise\u00f1o <\/b>que marcan distinci\u00f3n.<\/span><\/span><\/div>\n<div style=\"text-align: justify\"><\/div>\n<p><\/p>\n<div style=\"clear: both;text-align: center\"><a href=\"http:\/\/www.sedalinne.com\/catalogo\/articulos2.php?fam=F7P01&amp;buscador=1&amp;col=&amp;tam=&amp;mar=&amp;x=22&amp;y=6\"><img loading=\"lazy\" decoding=\"async\" border=\"0\" height=\"287\" src=\"http:\/\/www.sedalinne.com\/blog\/wp-content\/uploads\/2012\/11\/plaid-africa-300x216.jpg\" width=\"400\" \/><\/a><\/div>\n<ul>\n<li><span style=\"font-size: large\"><span>En el <b>sof\u00e1<\/b>, dejado caer de forma graciosa o para taparnos con el <a href=\"http:\/\/www.sedalinne.com\/catalogo\/marcas.php?fam=F7P01\"><b>plaid<\/b><\/a> cuando nos sentamos a descansar.<\/span><\/span><\/li>\n<\/ul>\n<p><\/p>\n<div style=\"clear: both;text-align: center\"><a href=\"http:\/\/www.sedalinne.com\/catalogo\/articulos2.php?fam=F7P01&amp;buscador=1&amp;col=&amp;tam=&amp;mar=&amp;x=22&amp;y=6\"><img loading=\"lazy\" decoding=\"async\" border=\"0\" height=\"230\" src=\"http:\/\/www.sedalinne.com\/blog\/wp-content\/uploads\/2012\/11\/plaid-antilo-300x216.jpg\" width=\"320\" \/><\/a><a href=\"http:\/\/www.sedalinne.com\/catalogo\/articulos2.php?fam=F7P01&amp;buscador=1&amp;col=&amp;tam=&amp;mar=&amp;x=22&amp;y=6\"><img loading=\"lazy\" decoding=\"async\" border=\"0\" height=\"230\" src=\"http:\/\/www.sedalinne.com\/blog\/wp-content\/uploads\/2012\/11\/plaid-grete-300x216.jpg\" width=\"320\" \/><\/a><\/div>\n<div style=\"text-align: justify\"><\/div>\n<p><\/p>\n<ul>\n<li><span style=\"font-size: large\"><span>En la<b> cama,<\/b> de forma <b>decorativa <\/b>a los pies de la cama<span style=\"font-size: large\">, a la vez que nos arropa est<span style=\"font-size: large\">os.<\/span><\/span><\/span><\/span><\/li>\n<\/ul>\n<p><span style=\"font-size: large\"><span>&nbsp;<\/span><\/span><\/p>\n<div style=\"text-align: justify\"><\/div>\n<div style=\"clear: both;text-align: center\"><a href=\"http:\/\/www.sedalinne.com\/catalogo\/articulos2.php?fam=F7P01&amp;buscador=1&amp;col=&amp;tam=&amp;mar=&amp;x=22&amp;y=6\" style=\"clear: left;float: left;margin-bottom: 1em;margin-right: 1em\"><img loading=\"lazy\" decoding=\"async\" border=\"0\" height=\"143\" src=\"http:\/\/www.sedalinne.com\/blog\/wp-content\/uploads\/2012\/11\/plaid-nutria-300x216.jpg\" width=\"200\" \/><\/a><\/div>\n<p><a href=\"http:\/\/www.sedalinne.com\/catalogo\/articulos2.php?fam=F7P01&amp;buscador=1&amp;col=&amp;tam=&amp;mar=&amp;x=22&amp;y=6\" style=\"clear: left;float: left;margin-bottom: 1em;margin-right: 1em\"><img loading=\"lazy\" decoding=\"async\" border=\"0\" height=\"143\" src=\"http:\/\/www.sedalinne.com\/blog\/wp-content\/uploads\/2012\/11\/plaids-tortua-300x216.jpg\" width=\"200\" \/><\/a><span style=\"font-size: large\"><span>Como cualquier otra <b>prenda de hogar<\/b>, podemos elegir entre muchos <b>dise\u00f1os<\/b> y <b>calidades<\/b>.<\/span><\/span><br \/><!--more--><\/p>\n","protected":false},"excerpt":{"rendered":"<p>Las plaids son mantitas decorativas que utilizamos en el sof\u00e1 o en la cama. Textiles para el invierno con un toque de dise\u00f1o que marcan distinci\u00f3n. En el sof\u00e1, dejado caer de forma graciosa o para taparnos con el plaid cuando nos sentamos a descansar. En la cama, de forma decorativa a los pies de &hellip; <a href=\"https:\/\/www.sedalinne.com\/blog\/plaids-para-la-cama-o-el-sofa-decorativas\/\" class=\"more-link\">Contin\u00faa leyendo <span class=\"screen-reader-text\">Plaids para la cama o el sof\u00e1 decorativas.<\/span><\/a><\/p>\n","protected":false},"author":2,"featured_media":1942,"comment_status":"open","ping_status":"open","sticky":false,"template":"","format":"standard","meta":{"_mi_skip_tracking":false,"_jetpack_memberships_contains_paid_content":false,"footnotes":""},"categories":[5,2,3,8,4,22],"tags":[],"aioseo_notices":[],"jetpack_sharing_enabled":true,"jetpack_featured_media_url":"https:\/\/www.sedalinne.com\/blog\/wp-content\/uploads\/2012\/11\/plaid-panda.jpg","_links":{"self":[{"href":"https:\/\/www.sedalinne.com\/blog\/wp-json\/wp\/v2\/posts\/225"}],"collection":[{"href":"https:\/\/www.sedalinne.com\/blog\/wp-json\/wp\/v2\/posts"}],"about":[{"href":"https:\/\/www.sedalinne.com\/blog\/wp-json\/wp\/v2\/types\/post"}],"author":[{"embeddable":true,"href":"https:\/\/www.sedalinne.com\/blog\/wp-json\/wp\/v2\/users\/2"}],"replies":[{"embeddable":true,"href":"https:\/\/www.sedalinne.com\/blog\/wp-json\/wp\/v2\/comments?post=225"}],"version-history":[{"count":1,"href":"https:\/\/www.sedalinne.com\/blog\/wp-json\/wp\/v2\/posts\/225\/revisions"}],"predecessor-version":[{"id":4382,"href":"https:\/\/www.sedalinne.com\/blog\/wp-json\/wp\/v2\/posts\/225\/revisions\/4382"}],"wp:featuredmedia":[{"embeddable":true,"href":"https:\/\/www.sedalinne.com\/blog\/wp-json\/wp\/v2\/media\/1942"}],"wp:attachment":[{"href":"https:\/\/www.sedalinne.com\/blog\/wp-json\/wp\/v2\/media?parent=225"}],"wp:term":[{"taxonomy":"category","embeddable":true,"href":"https:\/\/www.sedalinne.com\/blog\/wp-json\/wp\/v2\/categories?post=225"},{"taxonomy":"post_tag","embeddable":true,"href":"https:\/\/www.sedalinne.com\/blog\/wp-json\/wp\/v2\/tags?post=225"}],"curies":[{"name":"wp","href":"https:\/\/api.w.org\/{rel}","templated":true}]}}