{"id":213,"date":"2013-01-11T12:08:00","date_gmt":"2013-01-11T12:08:00","guid":{"rendered":"http:\/\/www.sedalinne.com\/blog\/?p=213"},"modified":"2018-10-11T07:46:12","modified_gmt":"2018-10-11T07:46:12","slug":"catalogo-sabanas-de-verano-mora","status":"publish","type":"post","link":"https:\/\/www.sedalinne.com\/blog\/catalogo-sabanas-de-verano-mora\/","title":{"rendered":"Cat\u00e1logo s\u00e1banas de verano MORA."},"content":{"rendered":"\n\n<div class=\"kk-star-ratings kksr-auto kksr-align-left kksr-valign-top\"\n    data-payload='{&quot;align&quot;:&quot;left&quot;,&quot;id&quot;:&quot;213&quot;,&quot;slug&quot;:&quot;default&quot;,&quot;valign&quot;:&quot;top&quot;,&quot;ignore&quot;:&quot;&quot;,&quot;reference&quot;:&quot;auto&quot;,&quot;class&quot;:&quot;&quot;,&quot;count&quot;:&quot;0&quot;,&quot;legendonly&quot;:&quot;&quot;,&quot;readonly&quot;:&quot;&quot;,&quot;score&quot;:&quot;0&quot;,&quot;starsonly&quot;:&quot;&quot;,&quot;best&quot;:&quot;5&quot;,&quot;gap&quot;:&quot;5&quot;,&quot;greet&quot;:&quot;Rate this post&quot;,&quot;legend&quot;:&quot;0\\\/5 - (0 votos)&quot;,&quot;size&quot;:&quot;24&quot;,&quot;width&quot;:&quot;0&quot;,&quot;_legend&quot;:&quot;{score}\\\/{best} - ({count} {votes})&quot;,&quot;font_factor&quot;:&quot;1.25&quot;}'>\n            \n<div class=\"kksr-stars\">\n    \n<div class=\"kksr-stars-inactive\">\n            <div class=\"kksr-star\" data-star=\"1\" style=\"padding-right: 5px\">\n            \n\n<div class=\"kksr-icon\" style=\"width: 24px; height: 24px;\"><\/div>\n        <\/div>\n            <div class=\"kksr-star\" data-star=\"2\" style=\"padding-right: 5px\">\n            \n\n<div class=\"kksr-icon\" style=\"width: 24px; height: 24px;\"><\/div>\n        <\/div>\n            <div class=\"kksr-star\" data-star=\"3\" style=\"padding-right: 5px\">\n            \n\n<div class=\"kksr-icon\" style=\"width: 24px; height: 24px;\"><\/div>\n        <\/div>\n            <div class=\"kksr-star\" data-star=\"4\" style=\"padding-right: 5px\">\n            \n\n<div class=\"kksr-icon\" style=\"width: 24px; height: 24px;\"><\/div>\n        <\/div>\n            <div class=\"kksr-star\" data-star=\"5\" style=\"padding-right: 5px\">\n            \n\n<div class=\"kksr-icon\" style=\"width: 24px; height: 24px;\"><\/div>\n        <\/div>\n    <\/div>\n    \n<div class=\"kksr-stars-active\" style=\"width: 0px;\">\n            <div class=\"kksr-star\" style=\"padding-right: 5px\">\n            \n\n<div class=\"kksr-icon\" style=\"width: 24px; height: 24px;\"><\/div>\n        <\/div>\n            <div class=\"kksr-star\" style=\"padding-right: 5px\">\n            \n\n<div class=\"kksr-icon\" style=\"width: 24px; height: 24px;\"><\/div>\n        <\/div>\n            <div class=\"kksr-star\" style=\"padding-right: 5px\">\n            \n\n<div class=\"kksr-icon\" style=\"width: 24px; height: 24px;\"><\/div>\n        <\/div>\n            <div class=\"kksr-star\" style=\"padding-right: 5px\">\n            \n\n<div class=\"kksr-icon\" style=\"width: 24px; height: 24px;\"><\/div>\n        <\/div>\n            <div class=\"kksr-star\" style=\"padding-right: 5px\">\n            \n\n<div class=\"kksr-icon\" style=\"width: 24px; height: 24px;\"><\/div>\n        <\/div>\n    <\/div>\n<\/div>\n                \n\n<div class=\"kksr-legend\" style=\"font-size: 19.2px;\">\n            <span class=\"kksr-muted\">Rate this post<\/span>\n    <\/div>\n    <\/div>\n<div style=\"text-align: justify\"><span style=\"font-size: large\">La firma <a href=\"http:\/\/www.sedalinne.com\/catalogo\/articulos2.php?fam=F1&amp;mar=MM02\">MORA,<\/a> nos presenta la <a href=\"http:\/\/www.sedalinne.com\/catalogo\/articulos2.php?fam=F1S01&amp;mar=MM02\">nueva colecci\u00f3n de s\u00e1banas de verano 2013<\/a>.<\/span><\/div>\n<div style=\"text-align: justify\"><span style=\"font-size: large\"><br \/><\/span><\/div>\n<div style=\"clear: both;text-align: center\"><a href=\"http:\/\/www.sedalinne.com\/catalogo\/articulos2.php?fam=F1S01&amp;mar=MM02\" style=\"clear: right;float: right;margin-bottom: 1em;margin-left: 1em\"><img loading=\"lazy\" decoding=\"async\" border=\"0\" height=\"200\" src=\"http:\/\/www.sedalinne.com\/blog\/wp-content\/uploads\/2013\/01\/800-rojo-300x300.jpg\" width=\"200\" \/><\/a><\/div>\n<div style=\"text-align: justify\"><span style=\"font-size: large\">Una colecci\u00f3n de <b>juegos de cama<\/b> formada por <b>12 dise\u00f1os<\/b>, disponibles cada uno de ellos en <b>dos colores<\/b>, y en medidas de <b>cama 90, 105, 135 y 150 cm<\/b>. Esta \u00faltima medida puede ser con almohada entera o partida.<\/span><\/div>\n<div style=\"text-align: justify\"><a href=\"http:\/\/www.sedalinne.com\/catalogo\/articulos2.php?fam=F1S01&amp;mar=MM02\" style=\"clear: right;float: right;margin-bottom: 1em;margin-left: 1em\"><img loading=\"lazy\" decoding=\"async\" border=\"0\" height=\"200\" src=\"http:\/\/www.sedalinne.com\/blog\/wp-content\/uploads\/2013\/01\/802-marron-300x300.jpg\" width=\"200\" \/><\/a><span style=\"font-size: large\"><br \/><\/span><\/div>\n<div style=\"text-align: justify\"><\/div>\n<div style=\"text-align: justify\"><\/div>\n<div style=\"text-align: justify\"><\/div>\n<div style=\"text-align: justify\"><\/div>\n<div style=\"text-align: justify\"><span style=\"font-size: large\">La calidad del tejido es <a href=\"http:\/\/www.sedalinne.com\/catalogo\/marcas.php?fam=F1S01\"><b>50% algod\u00f3n 50% poli\u00e9ster<\/b><\/a>, con un peso por m2. de 115 gr.<\/span><\/div>\n<div style=\"text-align: justify\"><span style=\"font-size: large\"><\/span><\/div>\n<div style=\"text-align: justify\"><span style=\"font-size: large\"><br \/><\/span><\/div>\n<div style=\"text-align: justify\"><span style=\"font-size: large\"><br \/><\/span><\/div>\n<div style=\"text-align: justify\"><span style=\"font-size: large\"><br \/><\/span><\/div>\n<div style=\"text-align: justify\"><\/div>\n<div style=\"text-align: justify\"><\/div>\n<div style=\"clear: both;text-align: center\"><a href=\"http:\/\/www.sedalinne.com\/catalogo\/articulos2.php?fam=F1S01&amp;mar=MM02\" style=\"clear: right;float: right;margin-bottom: 1em;margin-left: 1em\"><img loading=\"lazy\" decoding=\"async\" border=\"0\" height=\"200\" src=\"http:\/\/www.sedalinne.com\/blog\/wp-content\/uploads\/2013\/01\/801-gris-300x300.jpg\" width=\"200\" \/><\/a><\/div>\n<div style=\"text-align: justify\"><span style=\"font-size: large\">El <b>embozo de la s\u00e1bana encimera<\/b> y <b>funda almohada <\/b>lleva <b>aplique y bi\u00e9s<\/b>, los cuales coordinan su estampado con la <b>s\u00e1bana bajera<\/b>, que es <b>ajustable<\/b>.<\/span><\/div>\n<div style=\"text-align: justify\"><span style=\"font-size: large\"><br \/><\/span><\/div>\n<div style=\"clear: both;text-align: center\"><a href=\"http:\/\/www.sedalinne.com\/catalogo\/articulos2.php?fam=F1S01&amp;mar=MM02\"><img loading=\"lazy\" decoding=\"async\" border=\"0\" height=\"200\" src=\"http:\/\/www.sedalinne.com\/blog\/wp-content\/uploads\/2013\/01\/805-lila-300x300.jpg\" width=\"200\" \/><\/a><img loading=\"lazy\" decoding=\"async\" border=\"0\" height=\"200\" src=\"http:\/\/www.sedalinne.com\/blog\/wp-content\/uploads\/2013\/01\/804-lila-300x300.jpg\" width=\"200\" \/><a href=\"http:\/\/www.sedalinne.com\/catalogo\/articulos2.php?fam=F1S01&amp;mar=MM02\"><img loading=\"lazy\" decoding=\"async\" border=\"0\" height=\"200\" src=\"http:\/\/www.sedalinne.com\/blog\/wp-content\/uploads\/2013\/01\/853-beig-300x300.jpg\" width=\"200\" \/><\/a><a href=\"http:\/\/www.sedalinne.com\/catalogo\/articulos2.php?fam=F1S01&amp;mar=MM02\">http:\/\/www.sedalinne.com\/catalogo\/articulos2.php?fam=F1S01&amp;mar=MM02<\/a><\/div>\n<p>&nbsp;&nbsp; <\/p>\n<div style=\"clear: both;text-align: center\"><a href=\"http:\/\/www.sedalinne.com\/catalogo\/articulos2.php?fam=F1S01&amp;mar=MM02\"><img loading=\"lazy\" decoding=\"async\" border=\"0\" height=\"200\" src=\"http:\/\/www.sedalinne.com\/blog\/wp-content\/uploads\/2013\/01\/806-marino-300x300.jpg\" width=\"200\" \/><\/a><img loading=\"lazy\" decoding=\"async\" border=\"0\" height=\"200\" src=\"http:\/\/www.sedalinne.com\/blog\/wp-content\/uploads\/2013\/01\/807-azul-300x300.jpg\" width=\"200\" \/><img loading=\"lazy\" decoding=\"async\" border=\"0\" height=\"200\" src=\"http:\/\/www.sedalinne.com\/blog\/wp-content\/uploads\/2013\/01\/810-lila-300x300.jpg\" width=\"200\" \/><a href=\"http:\/\/www.sedalinne.com\/catalogo\/articulos2.php?fam=F1S01&amp;mar=MM02\">http:\/\/www.sedalinne.com\/catalogo\/articulos2.php?fam=F1S01&amp;mar=MM02<\/a><\/div>\n<p><\/p>\n<div style=\"clear: both;text-align: center\"><a href=\"http:\/\/www.sedalinne.com\/catalogo\/articulos2.php?fam=F1S01&amp;mar=MM02\"><img loading=\"lazy\" decoding=\"async\" border=\"0\" height=\"200\" src=\"http:\/\/www.sedalinne.com\/blog\/wp-content\/uploads\/2013\/01\/852-rosa-300x300.jpg\" width=\"200\" \/><\/a><img loading=\"lazy\" decoding=\"async\" border=\"0\" height=\"200\" src=\"http:\/\/www.sedalinne.com\/blog\/wp-content\/uploads\/2013\/01\/803-rojo-300x300.jpg\" width=\"200\" \/><img loading=\"lazy\" decoding=\"async\" border=\"0\" height=\"200\" src=\"http:\/\/www.sedalinne.com\/blog\/wp-content\/uploads\/2013\/01\/811-rojo-300x300.jpg\" width=\"200\" \/><a href=\"http:\/\/www.sedalinne.com\/catalogo\/articulos2.php?fam=F1S01&amp;mar=MM02\">http:\/\/www.sedalinne.com\/catalogo\/articulos2.php?fam=F1S01&amp;mar=MM02<\/a><\/div>\n<div style=\"clear: both;text-align: center\"><a href=\"http:\/\/3.bp.blogspot.com\/-H6rT9jRFJV4\/UO__G-k2O3I\/AAAAAAAAEQ0\/fV01YGtgGR8\/s1600\/853+beig.jpg\" style=\"clear: right;float: right;margin-bottom: 1em;margin-left: 1em\"><br \/><\/a><\/div>\n<div style=\"text-align: justify\"><span style=\"font-size: large\">Los <b>dise\u00f1os textiles <\/b>que nos ofrece <b>MORA <\/b><span style=\"font-size: large\">en su nuevo cat\u00e1logo<\/span><b>,<\/b> son <b>rayas<\/b>, <b>flores<\/b> y dibujos <b>geom\u00e9tricos<\/b>.<\/span><\/div>\n<p><!--more--><\/p>\n","protected":false},"excerpt":{"rendered":"<p>La firma MORA, nos presenta la nueva colecci\u00f3n de s\u00e1banas de verano 2013. Una colecci\u00f3n de juegos de cama formada por 12 dise\u00f1os, disponibles cada uno de ellos en dos colores, y en medidas de cama 90, 105, 135 y 150 cm. Esta \u00faltima medida puede ser con almohada entera o partida. La calidad del &hellip; <a href=\"https:\/\/www.sedalinne.com\/blog\/catalogo-sabanas-de-verano-mora\/\" class=\"more-link\">Contin\u00faa leyendo <span class=\"screen-reader-text\">Cat\u00e1logo s\u00e1banas de verano MORA.<\/span><\/a><\/p>\n","protected":false},"author":2,"featured_media":1885,"comment_status":"open","ping_status":"open","sticky":false,"template":"","format":"standard","meta":{"_mi_skip_tracking":false,"_jetpack_memberships_contains_paid_content":false,"footnotes":""},"categories":[5,2,7,17],"tags":[],"aioseo_notices":[],"jetpack_sharing_enabled":true,"jetpack_featured_media_url":"https:\/\/www.sedalinne.com\/blog\/wp-content\/uploads\/2013\/01\/800-rojo.jpg","_links":{"self":[{"href":"https:\/\/www.sedalinne.com\/blog\/wp-json\/wp\/v2\/posts\/213"}],"collection":[{"href":"https:\/\/www.sedalinne.com\/blog\/wp-json\/wp\/v2\/posts"}],"about":[{"href":"https:\/\/www.sedalinne.com\/blog\/wp-json\/wp\/v2\/types\/post"}],"author":[{"embeddable":true,"href":"https:\/\/www.sedalinne.com\/blog\/wp-json\/wp\/v2\/users\/2"}],"replies":[{"embeddable":true,"href":"https:\/\/www.sedalinne.com\/blog\/wp-json\/wp\/v2\/comments?post=213"}],"version-history":[{"count":1,"href":"https:\/\/www.sedalinne.com\/blog\/wp-json\/wp\/v2\/posts\/213\/revisions"}],"predecessor-version":[{"id":4370,"href":"https:\/\/www.sedalinne.com\/blog\/wp-json\/wp\/v2\/posts\/213\/revisions\/4370"}],"wp:featuredmedia":[{"embeddable":true,"href":"https:\/\/www.sedalinne.com\/blog\/wp-json\/wp\/v2\/media\/1885"}],"wp:attachment":[{"href":"https:\/\/www.sedalinne.com\/blog\/wp-json\/wp\/v2\/media?parent=213"}],"wp:term":[{"taxonomy":"category","embeddable":true,"href":"https:\/\/www.sedalinne.com\/blog\/wp-json\/wp\/v2\/categories?post=213"},{"taxonomy":"post_tag","embeddable":true,"href":"https:\/\/www.sedalinne.com\/blog\/wp-json\/wp\/v2\/tags?post=213"}],"curies":[{"name":"wp","href":"https:\/\/api.w.org\/{rel}","templated":true}]}}