{"id":209,"date":"2013-01-22T15:54:00","date_gmt":"2013-01-22T15:54:00","guid":{"rendered":"http:\/\/www.sedalinne.com\/blog\/?p=209"},"modified":"2018-10-11T07:46:12","modified_gmt":"2018-10-11T07:46:12","slug":"sabanas-de-franela-para-cuna","status":"publish","type":"post","link":"https:\/\/www.sedalinne.com\/blog\/sabanas-de-franela-para-cuna\/","title":{"rendered":"S\u00e1banas de franela para cuna."},"content":{"rendered":"\n\n<div class=\"kk-star-ratings kksr-auto kksr-align-left kksr-valign-top\"\n    data-payload='{&quot;align&quot;:&quot;left&quot;,&quot;id&quot;:&quot;209&quot;,&quot;slug&quot;:&quot;default&quot;,&quot;valign&quot;:&quot;top&quot;,&quot;ignore&quot;:&quot;&quot;,&quot;reference&quot;:&quot;auto&quot;,&quot;class&quot;:&quot;&quot;,&quot;count&quot;:&quot;0&quot;,&quot;legendonly&quot;:&quot;&quot;,&quot;readonly&quot;:&quot;&quot;,&quot;score&quot;:&quot;0&quot;,&quot;starsonly&quot;:&quot;&quot;,&quot;best&quot;:&quot;5&quot;,&quot;gap&quot;:&quot;5&quot;,&quot;greet&quot;:&quot;Rate this post&quot;,&quot;legend&quot;:&quot;0\\\/5 - (0 votos)&quot;,&quot;size&quot;:&quot;24&quot;,&quot;width&quot;:&quot;0&quot;,&quot;_legend&quot;:&quot;{score}\\\/{best} - ({count} {votes})&quot;,&quot;font_factor&quot;:&quot;1.25&quot;}'>\n            \n<div class=\"kksr-stars\">\n    \n<div class=\"kksr-stars-inactive\">\n            <div class=\"kksr-star\" data-star=\"1\" style=\"padding-right: 5px\">\n            \n\n<div class=\"kksr-icon\" style=\"width: 24px; height: 24px;\"><\/div>\n        <\/div>\n            <div class=\"kksr-star\" data-star=\"2\" style=\"padding-right: 5px\">\n            \n\n<div class=\"kksr-icon\" style=\"width: 24px; height: 24px;\"><\/div>\n        <\/div>\n            <div class=\"kksr-star\" data-star=\"3\" style=\"padding-right: 5px\">\n            \n\n<div class=\"kksr-icon\" style=\"width: 24px; height: 24px;\"><\/div>\n        <\/div>\n            <div class=\"kksr-star\" data-star=\"4\" style=\"padding-right: 5px\">\n            \n\n<div class=\"kksr-icon\" style=\"width: 24px; height: 24px;\"><\/div>\n        <\/div>\n            <div class=\"kksr-star\" data-star=\"5\" style=\"padding-right: 5px\">\n            \n\n<div class=\"kksr-icon\" style=\"width: 24px; height: 24px;\"><\/div>\n        <\/div>\n    <\/div>\n    \n<div class=\"kksr-stars-active\" style=\"width: 0px;\">\n            <div class=\"kksr-star\" style=\"padding-right: 5px\">\n            \n\n<div class=\"kksr-icon\" style=\"width: 24px; height: 24px;\"><\/div>\n        <\/div>\n            <div class=\"kksr-star\" style=\"padding-right: 5px\">\n            \n\n<div class=\"kksr-icon\" style=\"width: 24px; height: 24px;\"><\/div>\n        <\/div>\n            <div class=\"kksr-star\" style=\"padding-right: 5px\">\n            \n\n<div class=\"kksr-icon\" style=\"width: 24px; height: 24px;\"><\/div>\n        <\/div>\n            <div class=\"kksr-star\" style=\"padding-right: 5px\">\n            \n\n<div class=\"kksr-icon\" style=\"width: 24px; height: 24px;\"><\/div>\n        <\/div>\n            <div class=\"kksr-star\" style=\"padding-right: 5px\">\n            \n\n<div class=\"kksr-icon\" style=\"width: 24px; height: 24px;\"><\/div>\n        <\/div>\n    <\/div>\n<\/div>\n                \n\n<div class=\"kksr-legend\" style=\"font-size: 19.2px;\">\n            <span class=\"kksr-muted\">Rate this post<\/span>\n    <\/div>\n    <\/div>\n<p><span style=\"font-size: large\">Hoy, os mostramos la \u00faltima novedad:<\/span><br \/><span style=\"font-size: large\"><br \/><\/span><\/p>\n<div style=\"text-align: justify\"><span style=\"font-size: large\"><a href=\"http:\/\/www.sedalinne.com\/catalogo\/marcas.php?fam=F5S01\"><b><span style=\"font-size: large\">S<\/span>\u00e1banas <\/b>para <b>cuna<\/b><\/a> con tejido <b>algod\u00f3n <\/b><span style=\"font-size: large\">con acabado<\/span> <b>franela<\/b>, muy <b>calentitas,<\/b> para que tu <b>beb\u00e9<\/b> est\u00e9 totalmente protegido del fr\u00edo y arropado con las mejores calidades de <b>textiles<\/b>.<\/span><\/div>\n<p><\/p>\n<div style=\"clear: both;text-align: center\"><a href=\"http:\/\/www.sedalinne.com\/catalogo\/articulo.php?ref=MP18-0001&amp;fam=F5&amp;col=&amp;tam=&amp;mar=MP18\"><img loading=\"lazy\" decoding=\"async\" border=\"0\" height=\"230\" src=\"http:\/\/www.sedalinne.com\/blog\/wp-content\/uploads\/2013\/01\/clara-300x216.jpg\" width=\"320\" \/><\/a><\/div>\n<div style=\"clear: both;text-align: center\"><\/div>\n<div style=\"clear: both;text-align: center\"><\/div>\n<div style=\"clear: both;text-align: center\"><\/div>\n<div style=\"clear: both;text-align: center\"><\/div>\n<div style=\"clear: both;text-align: center\"><\/div>\n<div style=\"clear: both;text-align: center\"><\/div>\n<div style=\"clear: both;text-align: center\"><\/div>\n<div style=\"clear: both;text-align: center\"><\/div>\n<div style=\"clear: both;text-align: center\"><\/div>\n<div style=\"clear: both;text-align: center\"><\/div>\n<div style=\"clear: both;text-align: center\"><\/div>\n<div style=\"clear: both;text-align: center\"><\/div>\n<div style=\"clear: both;text-align: center\"><\/div>\n<div style=\"clear: both;text-align: center\"><a href=\"http:\/\/www.sedalinne.com\/catalogo\/articulo.php?ref=MP18-0002&amp;fam=F5&amp;col=&amp;tam=&amp;mar=MP18\"><img loading=\"lazy\" decoding=\"async\" border=\"0\" height=\"230\" src=\"http:\/\/www.sedalinne.com\/blog\/wp-content\/uploads\/2013\/01\/luna-300x216.jpg\" width=\"320\" \/><\/a><\/div>\n<p><span style=\"font-size: large\">Estos<b> <a href=\"http:\/\/www.sedalinne.com\/catalogo\/articulos2.php?fam=F5S01&amp;buscador=1&amp;col=&amp;tam=&amp;mar=&amp;x=23&amp;y=10\">juegos <span style=\"font-size: large\">para <\/span>camita<\/a>,<\/b> est\u00e1n disponibles para<a href=\"http:\/\/www.sedalinne.com\/catalogo\/articulos2.php?fam=F5S01&amp;buscador=1&amp;col=&amp;tam=CCAM&amp;mar=&amp;x=24&amp;y=14\"> <b>minicunas<\/b><\/a>, <a href=\"http:\/\/www.sedalinne.com\/catalogo\/articulos2.php?fam=F5S01&amp;buscador=1&amp;col=&amp;tam=CCU6&amp;mar=&amp;x=21&amp;y=13\"><b>cunas<\/b><\/a>, <a href=\"http:\/\/www.sedalinne.com\/catalogo\/articulos2.php?fam=F5S01&amp;buscador=1&amp;col=&amp;tam=CCU7&amp;mar=&amp;x=9&amp;y=14\"><b>maxicunas<\/b> <\/a>y <a href=\"http:\/\/www.sedalinne.com\/catalogo\/articulos2.php?fam=F5S01&amp;buscador=1&amp;col=&amp;tam=CCU8&amp;mar=&amp;x=17&amp;y=24\"><b>supercunas<\/b><\/a>.<\/span><br \/><span style=\"font-size: large\">Son <b>tr\u00edpticos<\/b> que incluyen: <b>s\u00e1bana bajera<\/b>, <b>s\u00e1bana encimera<\/b> y <b>funda almohada<\/b>.<\/span><br \/><span style=\"font-size: large\">&nbsp;<\/span><br \/><span style=\"font-size: large\">Medida de s\u00e1bana bajera ajustable:<\/span><br \/><span style=\"font-size: large\">minicuna: 50&#215;80 cm<\/span><br \/><span style=\"font-size: large\">cuna: 60&#215;120 cm<\/span><br \/><span style=\"font-size: large\">maxicuna: 80&#215;140 cm<\/span><br \/><span style=\"font-size: large\">supercuna: 80&#215;140 cm<\/span><!--more--><\/p>\n","protected":false},"excerpt":{"rendered":"<p>Hoy, os mostramos la \u00faltima novedad: S\u00e1banas para cuna con tejido algod\u00f3n con acabado franela, muy calentitas, para que tu beb\u00e9 est\u00e9 totalmente protegido del fr\u00edo y arropado con las mejores calidades de textiles. Estos juegos para camita, est\u00e1n disponibles para minicunas, cunas, maxicunas y supercunas.Son tr\u00edpticos que incluyen: s\u00e1bana bajera, s\u00e1bana encimera y funda &hellip; <a href=\"https:\/\/www.sedalinne.com\/blog\/sabanas-de-franela-para-cuna\/\" class=\"more-link\">Contin\u00faa leyendo <span class=\"screen-reader-text\">S\u00e1banas de franela para cuna.<\/span><\/a><\/p>\n","protected":false},"author":2,"featured_media":1878,"comment_status":"open","ping_status":"open","sticky":false,"template":"","format":"standard","meta":{"_mi_skip_tracking":false,"_jetpack_memberships_contains_paid_content":false,"footnotes":""},"categories":[5,15],"tags":[],"aioseo_notices":[],"jetpack_sharing_enabled":true,"jetpack_featured_media_url":"https:\/\/www.sedalinne.com\/blog\/wp-content\/uploads\/2013\/01\/clara.jpg","_links":{"self":[{"href":"https:\/\/www.sedalinne.com\/blog\/wp-json\/wp\/v2\/posts\/209"}],"collection":[{"href":"https:\/\/www.sedalinne.com\/blog\/wp-json\/wp\/v2\/posts"}],"about":[{"href":"https:\/\/www.sedalinne.com\/blog\/wp-json\/wp\/v2\/types\/post"}],"author":[{"embeddable":true,"href":"https:\/\/www.sedalinne.com\/blog\/wp-json\/wp\/v2\/users\/2"}],"replies":[{"embeddable":true,"href":"https:\/\/www.sedalinne.com\/blog\/wp-json\/wp\/v2\/comments?post=209"}],"version-history":[{"count":1,"href":"https:\/\/www.sedalinne.com\/blog\/wp-json\/wp\/v2\/posts\/209\/revisions"}],"predecessor-version":[{"id":4367,"href":"https:\/\/www.sedalinne.com\/blog\/wp-json\/wp\/v2\/posts\/209\/revisions\/4367"}],"wp:featuredmedia":[{"embeddable":true,"href":"https:\/\/www.sedalinne.com\/blog\/wp-json\/wp\/v2\/media\/1878"}],"wp:attachment":[{"href":"https:\/\/www.sedalinne.com\/blog\/wp-json\/wp\/v2\/media?parent=209"}],"wp:term":[{"taxonomy":"category","embeddable":true,"href":"https:\/\/www.sedalinne.com\/blog\/wp-json\/wp\/v2\/categories?post=209"},{"taxonomy":"post_tag","embeddable":true,"href":"https:\/\/www.sedalinne.com\/blog\/wp-json\/wp\/v2\/tags?post=209"}],"curies":[{"name":"wp","href":"https:\/\/api.w.org\/{rel}","templated":true}]}}