{"id":208,"date":"2013-01-24T11:18:00","date_gmt":"2013-01-24T11:18:00","guid":{"rendered":"http:\/\/www.sedalinne.com\/blog\/?p=208"},"modified":"2018-10-11T07:46:12","modified_gmt":"2018-10-11T07:46:12","slug":"coleccion-textiles-de-cuna-mon-petit","status":"publish","type":"post","link":"https:\/\/www.sedalinne.com\/blog\/coleccion-textiles-de-cuna-mon-petit\/","title":{"rendered":"Colecci\u00f3n textiles de cuna M\u00f2n Petit"},"content":{"rendered":"\n\n<div class=\"kk-star-ratings kksr-auto kksr-align-left kksr-valign-top\"\n    data-payload='{&quot;align&quot;:&quot;left&quot;,&quot;id&quot;:&quot;208&quot;,&quot;slug&quot;:&quot;default&quot;,&quot;valign&quot;:&quot;top&quot;,&quot;ignore&quot;:&quot;&quot;,&quot;reference&quot;:&quot;auto&quot;,&quot;class&quot;:&quot;&quot;,&quot;count&quot;:&quot;0&quot;,&quot;legendonly&quot;:&quot;&quot;,&quot;readonly&quot;:&quot;&quot;,&quot;score&quot;:&quot;0&quot;,&quot;starsonly&quot;:&quot;&quot;,&quot;best&quot;:&quot;5&quot;,&quot;gap&quot;:&quot;5&quot;,&quot;greet&quot;:&quot;Rate this post&quot;,&quot;legend&quot;:&quot;0\\\/5 - (0 votos)&quot;,&quot;size&quot;:&quot;24&quot;,&quot;width&quot;:&quot;0&quot;,&quot;_legend&quot;:&quot;{score}\\\/{best} - ({count} {votes})&quot;,&quot;font_factor&quot;:&quot;1.25&quot;}'>\n            \n<div class=\"kksr-stars\">\n    \n<div class=\"kksr-stars-inactive\">\n            <div class=\"kksr-star\" data-star=\"1\" style=\"padding-right: 5px\">\n            \n\n<div class=\"kksr-icon\" style=\"width: 24px; height: 24px;\"><\/div>\n        <\/div>\n            <div class=\"kksr-star\" data-star=\"2\" style=\"padding-right: 5px\">\n            \n\n<div class=\"kksr-icon\" style=\"width: 24px; height: 24px;\"><\/div>\n        <\/div>\n            <div class=\"kksr-star\" data-star=\"3\" style=\"padding-right: 5px\">\n            \n\n<div class=\"kksr-icon\" style=\"width: 24px; height: 24px;\"><\/div>\n        <\/div>\n            <div class=\"kksr-star\" data-star=\"4\" style=\"padding-right: 5px\">\n            \n\n<div class=\"kksr-icon\" style=\"width: 24px; height: 24px;\"><\/div>\n        <\/div>\n            <div class=\"kksr-star\" data-star=\"5\" style=\"padding-right: 5px\">\n            \n\n<div class=\"kksr-icon\" style=\"width: 24px; height: 24px;\"><\/div>\n        <\/div>\n    <\/div>\n    \n<div class=\"kksr-stars-active\" style=\"width: 0px;\">\n            <div class=\"kksr-star\" style=\"padding-right: 5px\">\n            \n\n<div class=\"kksr-icon\" style=\"width: 24px; height: 24px;\"><\/div>\n        <\/div>\n            <div class=\"kksr-star\" style=\"padding-right: 5px\">\n            \n\n<div class=\"kksr-icon\" style=\"width: 24px; height: 24px;\"><\/div>\n        <\/div>\n            <div class=\"kksr-star\" style=\"padding-right: 5px\">\n            \n\n<div class=\"kksr-icon\" style=\"width: 24px; height: 24px;\"><\/div>\n        <\/div>\n            <div class=\"kksr-star\" style=\"padding-right: 5px\">\n            \n\n<div class=\"kksr-icon\" style=\"width: 24px; height: 24px;\"><\/div>\n        <\/div>\n            <div class=\"kksr-star\" style=\"padding-right: 5px\">\n            \n\n<div class=\"kksr-icon\" style=\"width: 24px; height: 24px;\"><\/div>\n        <\/div>\n    <\/div>\n<\/div>\n                \n\n<div class=\"kksr-legend\" style=\"font-size: 19.2px;\">\n            <span class=\"kksr-muted\">Rate this post<\/span>\n    <\/div>\n    <\/div>\n<div style=\"text-align: justify\">\n<p><a href=\"http:\/\/www.sedalinne.com\/catalogo\/articulos2.php?fam=F5&amp;mar=MP18\" style=\"clear: right;float: right;margin-bottom: 1em;margin-left: 1em\"><img loading=\"lazy\" decoding=\"async\" border=\"0\" height=\"101\" src=\"http:\/\/www.sedalinne.com\/blog\/wp-content\/uploads\/2013\/01\/Petit-Lazzari-logo-e-imagen-300x95.jpg\" width=\"320\" \/><\/a><span style=\"font-size: large\"><a href=\"http:\/\/www.sedalinne.com\/catalogo\/articulos2.php?fam=F5&amp;mar=MP18\">Petit Lazzari <\/a>nos presenta una&nbsp; <b>colecci\u00f3n<\/b> de<b> productos textiles<\/b> y complementos para el<b> beb\u00e9<\/b>.<\/span><\/div>\n<div style=\"text-align: justify\"><span style=\"font-size: large\">Los <b>dise\u00f1os<\/b> se caracterizan por un estilo personalizado basado en&nbsp; los cl\u00e1sicos y tracionales, a los que se&nbsp; a\u00f1ade colorido de actualidad.<\/span><\/div>\n<div style=\"text-align: justify\"><span style=\"font-size: large\">Todos los art\u00edculos son fabricados en <b>materias naturales<\/b> para garantizar la<b> salud y bienestar<\/b> del <a href=\"http:\/\/www.sedalinne.com\/catalogo\/marcas.php?fam=F5\"><b>beb\u00e9<\/b><\/a>.<\/span><\/div>\n<div style=\"text-align: justify\"><span style=\"font-size: large\"><br \/><\/span><\/div>\n<div style=\"text-align: justify\"><span style=\"font-size: large\">Esta colecci\u00f3n est\u00e1 representada en <b>cuatro colecciones<\/b> que nos ofrecen <a href=\"http:\/\/www.sedalinne.com\/catalogo\/marcas.php?fam=F5S01\">s\u00e1banas de cuna y<\/a><a href=\"http:\/\/www.sedalinne.com\/catalogo\/marcas.php?fam=F5M01\"> mantitas beb\u00e9<\/a>.<\/span><\/div>\n<p><span style=\"font-size: large\"><br \/><\/span><span style=\"font-size: large\">1. <b>Petit b\u00e1sicos<\/b>.<\/span><br \/><span style=\"font-size: large\">&nbsp; &nbsp; Dise\u00f1os sencillos y elegantes, falsos lisos, milrayas, cuadritos vichy&#8230;<\/span><\/p>\n<p><\/p>\n<div style=\"clear: both;text-align: center\"><a href=\"http:\/\/www.sedalinne.com\/catalogo\/articulo.php?ref=MP18-0003&amp;fam=F5S01&amp;col=&amp;tam=&amp;mar=MP18\"><img loading=\"lazy\" decoding=\"async\" border=\"0\" height=\"143\" src=\"http:\/\/www.sedalinne.com\/blog\/wp-content\/uploads\/2013\/01\/MP18-0003-300x216.jpg\" width=\"200\" \/><\/a><a href=\"http:\/\/www.sedalinne.com\/catalogo\/articulo.php?ref=MP18-0007&amp;fam=F5M01&amp;col=&amp;tam=&amp;mar=MP18\"><img loading=\"lazy\" decoding=\"async\" border=\"0\" height=\"143\" src=\"http:\/\/www.sedalinne.com\/blog\/wp-content\/uploads\/2013\/01\/MP18-0007-300x216.jpg\" width=\"200\" \/><\/a><\/div>\n<div style=\"clear: both;text-align: center\"><a href=\"http:\/\/www.sedalinne.com\/catalogo\/articulo.php?ref=MP18-0001&amp;fam=F5S01&amp;col=&amp;tam=&amp;mar=MP18\"><img loading=\"lazy\" decoding=\"async\" border=\"0\" height=\"143\" src=\"http:\/\/www.sedalinne.com\/blog\/wp-content\/uploads\/2013\/01\/MP18-0001-300x216.jpg\" width=\"200\" \/><\/a><a href=\"http:\/\/www.sedalinne.com\/catalogo\/articulo.php?ref=MP18-0002&amp;fam=F5S01&amp;col=&amp;tam=&amp;mar=MP18\"><img loading=\"lazy\" decoding=\"async\" border=\"0\" height=\"143\" src=\"http:\/\/www.sedalinne.com\/blog\/wp-content\/uploads\/2013\/01\/MP18-0002-100-300x216.jpg\" width=\"200\" \/><\/a><\/div>\n<p><span style=\"font-size: large\">&nbsp;&nbsp;&nbsp; Cl\u00e1sicos que no pasan de moda, f\u00e1cil de combinar.<\/span><\/p>\n<p><span style=\"font-size: large\">2. <b>Petit rom\u00e1ntic<\/b>.<\/span><br \/><span style=\"font-size: large\">&nbsp; &nbsp; Art\u00edculos muy dulces y delicados, con temas florales y motivos&nbsp;&nbsp;&nbsp;&nbsp; de animalitos.&nbsp;<\/span><br \/><span style=\"font-size: large\">&nbsp; &nbsp; Muestran un look desenfadado pero tranquilo y acogedor.<\/span><\/p>\n<div style=\"clear: both;text-align: center\"><a href=\"http:\/\/www.sedalinne.com\/catalogo\/articulo.php?ref=MP18-0004&amp;fam=F5S01&amp;col=&amp;tam=&amp;mar=MP18\"><img loading=\"lazy\" decoding=\"async\" border=\"0\" height=\"143\" src=\"http:\/\/www.sedalinne.com\/blog\/wp-content\/uploads\/2013\/01\/MP18-0004-800-300x216.jpg\" width=\"200\" \/><\/a><a href=\"http:\/\/www.sedalinne.com\/catalogo\/articulo.php?ref=MP18-0010&amp;fam=F5M01&amp;col=&amp;tam=&amp;mar=MP18\"><img loading=\"lazy\" decoding=\"async\" border=\"0\" height=\"143\" src=\"http:\/\/www.sedalinne.com\/blog\/wp-content\/uploads\/2013\/01\/MP18-0010-300x216.jpg\" width=\"200\" \/><\/a><\/div>\n<p><\/p>\n<div style=\"text-align: center\"><\/div>\n<div style=\"text-align: center\"><\/div>\n<div style=\"text-align: center\"><\/div>\n<div style=\"text-align: center\"><\/div>\n<div style=\"text-align: left\"><span style=\"font-size: large\">&nbsp;3. <b>Petit color<\/b>.<\/span><\/div>\n<p><span style=\"font-size: large\">&nbsp; &nbsp; Colecci\u00f3n con muy color y mezcla de colores vivos.<\/span><br \/><span style=\"font-size: large\">&nbsp; &nbsp; Dibujos geom\u00e9tricos.<\/span><\/p>\n<div style=\"clear: both;text-align: center\"><a href=\"http:\/\/www.sedalinne.com\/catalogo\/articulo.php?ref=MP18-0005&amp;fam=F5S01&amp;col=&amp;tam=&amp;mar=MP18\"><img loading=\"lazy\" decoding=\"async\" border=\"0\" height=\"143\" src=\"http:\/\/www.sedalinne.com\/blog\/wp-content\/uploads\/2013\/01\/MP18-0005-300x216.jpg\" width=\"200\" \/><\/a><a href=\"http:\/\/www.sedalinne.com\/catalogo\/articulo.php?ref=MP18-0009&amp;fam=F5M01&amp;col=&amp;tam=&amp;mar=MP18\"><img loading=\"lazy\" decoding=\"async\" border=\"0\" height=\"143\" src=\"http:\/\/www.sedalinne.com\/blog\/wp-content\/uploads\/2013\/01\/manta-300x216.jpg\" width=\"200\" \/><\/a><\/div>\n<div style=\"text-align: justify\"><\/div>\n<div style=\"text-align: justify\"><span style=\"font-size: large\">&nbsp;&nbsp;&nbsp; 4- <b>Petit chic<\/b>.<\/span><\/div>\n<div style=\"text-align: justify\"><span style=\"font-size: large\">&nbsp;<span style=\"font-size: large\"> <\/span>Dise\u00f1os con estilo funcional y moderno que decoran con un&nbsp;&nbsp;&nbsp;&nbsp;&nbsp;&nbsp;&nbsp;&nbsp;&nbsp;&nbsp;&nbsp; cierto aire de estilo retro y vintage.<\/span><\/div>\n<div style=\"text-align: justify\"><span style=\"font-size: large\">&nbsp;&nbsp;&nbsp; Dibujos devertidos de mu\u00f1equitos combinadas con rayas.<\/span><\/div>\n<div style=\"text-align: justify\"><\/div>\n<p><\/p>\n<div style=\"clear: both;text-align: center\"><a href=\"http:\/\/www.sedalinne.com\/catalogo\/articulo.php?ref=MP18-0006&amp;fam=F5S01&amp;col=&amp;tam=&amp;mar=MP18\"><img loading=\"lazy\" decoding=\"async\" border=\"0\" height=\"143\" src=\"http:\/\/www.sedalinne.com\/blog\/wp-content\/uploads\/2013\/01\/MP18-0006-300x216.jpg\" width=\"200\" \/><\/a><a href=\"http:\/\/www.sedalinne.com\/catalogo\/articulo.php?ref=MP18-0008&amp;fam=F5M01&amp;col=&amp;tam=&amp;mar=MP18\"><img loading=\"lazy\" decoding=\"async\" border=\"0\" height=\"143\" src=\"http:\/\/www.sedalinne.com\/blog\/wp-content\/uploads\/2013\/01\/MP18-0008-300x216.jpg\" width=\"200\" \/><\/a><a href=\"http:\/\/2.bp.blogspot.com\/-UDLgCUqF8QU\/UQEZzfQr47I\/AAAAAAAAEWQ\/YmF9-ahtg7Q\/s1600\/Petit+Lazzari+logo+e+imagen.jpg\" style=\"margin-left: 1em;margin-right: 1em\"><\/a><\/div>\n<p><a href=\"http:\/\/www.sedalinne.com\/blog\/?p=242\">Prepara la camita para invierno<\/a><br \/><a href=\"http:\/\/www.sedalinne.com\/blog\/?p=209\">S\u00e1banas franela para cuna <\/a><\/p>\n<p><!--more--><\/p>\n","protected":false},"excerpt":{"rendered":"<p>Petit Lazzari nos presenta una&nbsp; colecci\u00f3n de productos textiles y complementos para el beb\u00e9. Los dise\u00f1os se caracterizan por un estilo personalizado basado en&nbsp; los cl\u00e1sicos y tracionales, a los que se&nbsp; a\u00f1ade colorido de actualidad. Todos los art\u00edculos son fabricados en materias naturales para garantizar la salud y bienestar del beb\u00e9. Esta colecci\u00f3n est\u00e1 &hellip; <a href=\"https:\/\/www.sedalinne.com\/blog\/coleccion-textiles-de-cuna-mon-petit\/\" class=\"more-link\">Contin\u00faa leyendo <span class=\"screen-reader-text\">Colecci\u00f3n textiles de cuna M\u00f2n Petit<\/span><\/a><\/p>\n","protected":false},"author":2,"featured_media":1867,"comment_status":"open","ping_status":"open","sticky":false,"template":"","format":"standard","meta":{"_mi_skip_tracking":false,"_jetpack_memberships_contains_paid_content":false,"footnotes":""},"categories":[5,7,17,15],"tags":[],"aioseo_notices":[],"jetpack_sharing_enabled":true,"jetpack_featured_media_url":"https:\/\/www.sedalinne.com\/blog\/wp-content\/uploads\/2013\/01\/Petit-Lazzari-logo-e-imagen.jpg","_links":{"self":[{"href":"https:\/\/www.sedalinne.com\/blog\/wp-json\/wp\/v2\/posts\/208"}],"collection":[{"href":"https:\/\/www.sedalinne.com\/blog\/wp-json\/wp\/v2\/posts"}],"about":[{"href":"https:\/\/www.sedalinne.com\/blog\/wp-json\/wp\/v2\/types\/post"}],"author":[{"embeddable":true,"href":"https:\/\/www.sedalinne.com\/blog\/wp-json\/wp\/v2\/users\/2"}],"replies":[{"embeddable":true,"href":"https:\/\/www.sedalinne.com\/blog\/wp-json\/wp\/v2\/comments?post=208"}],"version-history":[{"count":1,"href":"https:\/\/www.sedalinne.com\/blog\/wp-json\/wp\/v2\/posts\/208\/revisions"}],"predecessor-version":[{"id":4366,"href":"https:\/\/www.sedalinne.com\/blog\/wp-json\/wp\/v2\/posts\/208\/revisions\/4366"}],"wp:featuredmedia":[{"embeddable":true,"href":"https:\/\/www.sedalinne.com\/blog\/wp-json\/wp\/v2\/media\/1867"}],"wp:attachment":[{"href":"https:\/\/www.sedalinne.com\/blog\/wp-json\/wp\/v2\/media?parent=208"}],"wp:term":[{"taxonomy":"category","embeddable":true,"href":"https:\/\/www.sedalinne.com\/blog\/wp-json\/wp\/v2\/categories?post=208"},{"taxonomy":"post_tag","embeddable":true,"href":"https:\/\/www.sedalinne.com\/blog\/wp-json\/wp\/v2\/tags?post=208"}],"curies":[{"name":"wp","href":"https:\/\/api.w.org\/{rel}","templated":true}]}}