{"id":203,"date":"2013-02-05T15:44:00","date_gmt":"2013-02-05T15:44:00","guid":{"rendered":"http:\/\/www.sedalinne.com\/blog\/?p=203"},"modified":"2018-10-11T07:46:12","modified_gmt":"2018-10-11T07:46:12","slug":"la-comoda-en-la-decoracion-del-hogar","status":"publish","type":"post","link":"https:\/\/www.sedalinne.com\/blog\/la-comoda-en-la-decoracion-del-hogar\/","title":{"rendered":"La C\u00f3moda en la decoraci\u00f3n del hogar"},"content":{"rendered":"\n\n<div class=\"kk-star-ratings kksr-auto kksr-align-left kksr-valign-top\"\n    data-payload='{&quot;align&quot;:&quot;left&quot;,&quot;id&quot;:&quot;203&quot;,&quot;slug&quot;:&quot;default&quot;,&quot;valign&quot;:&quot;top&quot;,&quot;ignore&quot;:&quot;&quot;,&quot;reference&quot;:&quot;auto&quot;,&quot;class&quot;:&quot;&quot;,&quot;count&quot;:&quot;0&quot;,&quot;legendonly&quot;:&quot;&quot;,&quot;readonly&quot;:&quot;&quot;,&quot;score&quot;:&quot;0&quot;,&quot;starsonly&quot;:&quot;&quot;,&quot;best&quot;:&quot;5&quot;,&quot;gap&quot;:&quot;5&quot;,&quot;greet&quot;:&quot;Rate this post&quot;,&quot;legend&quot;:&quot;0\\\/5 - (0 votos)&quot;,&quot;size&quot;:&quot;24&quot;,&quot;width&quot;:&quot;0&quot;,&quot;_legend&quot;:&quot;{score}\\\/{best} - ({count} {votes})&quot;,&quot;font_factor&quot;:&quot;1.25&quot;}'>\n            \n<div class=\"kksr-stars\">\n    \n<div class=\"kksr-stars-inactive\">\n            <div class=\"kksr-star\" data-star=\"1\" style=\"padding-right: 5px\">\n            \n\n<div class=\"kksr-icon\" style=\"width: 24px; height: 24px;\"><\/div>\n        <\/div>\n            <div class=\"kksr-star\" data-star=\"2\" style=\"padding-right: 5px\">\n            \n\n<div class=\"kksr-icon\" style=\"width: 24px; height: 24px;\"><\/div>\n        <\/div>\n            <div class=\"kksr-star\" data-star=\"3\" style=\"padding-right: 5px\">\n            \n\n<div class=\"kksr-icon\" style=\"width: 24px; height: 24px;\"><\/div>\n        <\/div>\n            <div class=\"kksr-star\" data-star=\"4\" style=\"padding-right: 5px\">\n            \n\n<div class=\"kksr-icon\" style=\"width: 24px; height: 24px;\"><\/div>\n        <\/div>\n            <div class=\"kksr-star\" data-star=\"5\" style=\"padding-right: 5px\">\n            \n\n<div class=\"kksr-icon\" style=\"width: 24px; height: 24px;\"><\/div>\n        <\/div>\n    <\/div>\n    \n<div class=\"kksr-stars-active\" style=\"width: 0px;\">\n            <div class=\"kksr-star\" style=\"padding-right: 5px\">\n            \n\n<div class=\"kksr-icon\" style=\"width: 24px; height: 24px;\"><\/div>\n        <\/div>\n            <div class=\"kksr-star\" style=\"padding-right: 5px\">\n            \n\n<div class=\"kksr-icon\" style=\"width: 24px; height: 24px;\"><\/div>\n        <\/div>\n            <div class=\"kksr-star\" style=\"padding-right: 5px\">\n            \n\n<div class=\"kksr-icon\" style=\"width: 24px; height: 24px;\"><\/div>\n        <\/div>\n            <div class=\"kksr-star\" style=\"padding-right: 5px\">\n            \n\n<div class=\"kksr-icon\" style=\"width: 24px; height: 24px;\"><\/div>\n        <\/div>\n            <div class=\"kksr-star\" style=\"padding-right: 5px\">\n            \n\n<div class=\"kksr-icon\" style=\"width: 24px; height: 24px;\"><\/div>\n        <\/div>\n    <\/div>\n<\/div>\n                \n\n<div class=\"kksr-legend\" style=\"font-size: 19.2px;\">\n            <span class=\"kksr-muted\">Rate this post<\/span>\n    <\/div>\n    <\/div>\n<div style=\"text-align: justify\"><span style=\"font-size: large\">La c\u00f3moda&nbsp; es un mueble tipo, de aspecto bajo que incluye anchos cajones. Este mueble surgido de finales del siglo XVII, provinente del ba\u00fal o cofre, evolucion\u00f3 al incorporar cajones, convirti\u00e9ndose as\u00ed en la llamada \u00abc\u00f3moda\u00bb. Ahora la puedes conseguir en diferentes altos.<\/span><\/div>\n<div style=\"text-align: justify\"><span style=\"font-size: large\"><br \/><\/span><\/div>\n<div style=\"text-align: justify\"><span style=\"font-size: large\"><a href=\"http:\/\/www.sedalinne.com\/blog\/wp-content\/uploads\/2013\/02\/comoda.jpg\" style=\"clear: right;float: right;margin-bottom: 1em;margin-left: 1em\"><img loading=\"lazy\" decoding=\"async\" border=\"0\" height=\"226\" src=\"http:\/\/www.sedalinne.com\/blog\/wp-content\/uploads\/2013\/02\/comoda-300x212.jpg\" width=\"320\" \/><\/a>La c\u00f3moda, es un mueble con mucha utilidad, es un <a href=\"http:\/\/www.sedalinne.com\/catalogo\/marcas.php?fam=F7\"><b>complemento<\/b> <\/a>que podemos utilizar para <b>decorar<\/b> en el <a href=\"http:\/\/www.sedalinne.com\/catalogo\/marcas.php?fam=F1\">dormitorio<\/a>,&nbsp; en una pared con espacio, bajo una escalera, y del cual aprovechamos sus amplios cajones para guardar ropa, ya sean <a href=\"http:\/\/www.sedalinne.com\/catalogo\/marcas.php?fam=F1\">textiles<\/a> o de uso personal.<\/span><\/div>\n<div style=\"text-align: justify\"><span style=\"font-size: large\"><br \/><\/span><\/div>\n<div style=\"text-align: justify\"><span style=\"font-size: large\">Los dise\u00f1os que podemos encontrar son tan variables como gustos en <b>decoraci\u00f3n<\/b>, pasando desde patas y formas en la madera marqueteada hasta estilos totalmente rectos.<\/span><\/div>\n<div style=\"text-align: justify\"><span style=\"font-size: large\"><br \/><\/span><\/div>\n<div style=\"text-align: justify\"><span style=\"font-size: large\">Las <b>tendencias <\/b>que nos abordan en estos tiempos es a recuperar muchas de ellas y restaurarlas, ya sean en estilo cl\u00e1sico y aplicarle un lacado en blanco o combinando colores, cuyo nuevo aspecto aportar\u00e1 a la decoraci\u00f3n un toque distintivo y renovador.<\/span><\/div>\n<p><!--more--><\/p>\n","protected":false},"excerpt":{"rendered":"<p>La c\u00f3moda&nbsp; es un mueble tipo, de aspecto bajo que incluye anchos cajones. Este mueble surgido de finales del siglo XVII, provinente del ba\u00fal o cofre, evolucion\u00f3 al incorporar cajones, convirti\u00e9ndose as\u00ed en la llamada \u00abc\u00f3moda\u00bb. Ahora la puedes conseguir en diferentes altos. La c\u00f3moda, es un mueble con mucha utilidad, es un complemento que &hellip; <a href=\"https:\/\/www.sedalinne.com\/blog\/la-comoda-en-la-decoracion-del-hogar\/\" class=\"more-link\">Contin\u00faa leyendo <span class=\"screen-reader-text\">La C\u00f3moda en la decoraci\u00f3n del hogar<\/span><\/a><\/p>\n","protected":false},"author":2,"featured_media":1852,"comment_status":"open","ping_status":"open","sticky":false,"template":"","format":"standard","meta":{"_mi_skip_tracking":false,"_jetpack_memberships_contains_paid_content":false,"footnotes":""},"categories":[6,4],"tags":[],"aioseo_notices":[],"jetpack_sharing_enabled":true,"jetpack_featured_media_url":"https:\/\/www.sedalinne.com\/blog\/wp-content\/uploads\/2013\/02\/comoda.jpg","_links":{"self":[{"href":"https:\/\/www.sedalinne.com\/blog\/wp-json\/wp\/v2\/posts\/203"}],"collection":[{"href":"https:\/\/www.sedalinne.com\/blog\/wp-json\/wp\/v2\/posts"}],"about":[{"href":"https:\/\/www.sedalinne.com\/blog\/wp-json\/wp\/v2\/types\/post"}],"author":[{"embeddable":true,"href":"https:\/\/www.sedalinne.com\/blog\/wp-json\/wp\/v2\/users\/2"}],"replies":[{"embeddable":true,"href":"https:\/\/www.sedalinne.com\/blog\/wp-json\/wp\/v2\/comments?post=203"}],"version-history":[{"count":1,"href":"https:\/\/www.sedalinne.com\/blog\/wp-json\/wp\/v2\/posts\/203\/revisions"}],"predecessor-version":[{"id":4361,"href":"https:\/\/www.sedalinne.com\/blog\/wp-json\/wp\/v2\/posts\/203\/revisions\/4361"}],"wp:featuredmedia":[{"embeddable":true,"href":"https:\/\/www.sedalinne.com\/blog\/wp-json\/wp\/v2\/media\/1852"}],"wp:attachment":[{"href":"https:\/\/www.sedalinne.com\/blog\/wp-json\/wp\/v2\/media?parent=203"}],"wp:term":[{"taxonomy":"category","embeddable":true,"href":"https:\/\/www.sedalinne.com\/blog\/wp-json\/wp\/v2\/categories?post=203"},{"taxonomy":"post_tag","embeddable":true,"href":"https:\/\/www.sedalinne.com\/blog\/wp-json\/wp\/v2\/tags?post=203"}],"curies":[{"name":"wp","href":"https:\/\/api.w.org\/{rel}","templated":true}]}}